{"id":234450,"date":"2026-04-29T12:15:02","date_gmt":"2026-04-29T15:15:02","guid":{"rendered":"https:\/\/radioacuariofm.com.ar\/?p=234450"},"modified":"2026-04-29T12:15:05","modified_gmt":"2026-04-29T15:15:05","slug":"san-juan-cerca-llegara-a-sarmiento-caucete-y-albardon-en-mayo","status":"publish","type":"post","link":"https:\/\/radioacuariofm.com.ar\/?p=234450","title":{"rendered":"San Juan Cerca llegar\u00e1 a Sarmiento, Caucete y Albard\u00f3n en mayo"},"content":{"rendered":"<p><\/p>\n<div>\n<p>Los tres departamentos que cuentan con conexi\u00f3n ferroviaria y estaci\u00f3n de trenes, es decir Albard\u00f3n, Sarmiento y Caucete, ser\u00e1n parte de los pr\u00f3ximos operativos integrales San Juan Cerca durante el mes de mayo.<\/p>\n<p>Por esta modalidad, adem\u00e1s de los tr\u00e1mites relacionados con los diferentes ministerios del gobierno de San Juan sumar\u00e1 la posibilidad de realizar otro tipo de gestiones de alcance nacional ya que se sumar\u00e1 el Tren de Capital Humano. Esta acci\u00f3n articulada entre la provincia y Naci\u00f3n, servir\u00e1 para que la poblaci\u00f3n de San Juan, sin importar su lugar de residencia, pueda llegar hasta el punto que les resulte m\u00e1s conveniente para resolver necesidades puntuales. <\/p>\n<p>Est\u00e1 previsto que en lugar de un solo d\u00eda como suele ejecutarse cada San Juan Cerca, esta vez abarque de lunes a viernes. As\u00ed es que, <strong>del 4 al 8 de mayo, las prestaciones se brindar\u00e1n en la plataforma de la estaci\u00f3n ubicada en La Laja y Nacional, en Albard\u00f3n. Del 11 al 15 de mayo, en Media Agua, Sarmiento y del 18 al 22 y del 26 al 29 de mayo, en la estaci\u00f3n de trenes de Caucete.<\/strong>  La atenci\u00f3n ser\u00e1 de 8 a 13:30 horas.<\/p>\n<p>Los interesados s\u00f3lo deber\u00e1n acercarse y llevar sus DNI y fotocopias de los mismos u otros documentos requeridos para los distintos tr\u00e1mites puntuales, tanto a nivel provincial como nacional. La atenci\u00f3n se realizar\u00e1 por demanda espont\u00e1nea, no hay que sacar turnos. Salvo algunos tr\u00e1mites del Renaper -por los que hay que abonar- el resto no tiene costos. Inclusive hay ciertas gestiones para las que hay cupo, especialmente las de los consultorios m\u00e9dicos que trae Naci\u00f3n.<\/p>\n<p>Seg\u00fan detall\u00f3 Nathalia S\u00e1nchez, directora de Pol\u00edticas para la Equidad -el organismo que coordina estos operativos- se podr\u00e1 hacer todo tipo de tr\u00e1mite y consulta relacionado con los ministerios y secretar\u00edas de Estado y organismos: Familia y Desarrollo Humano, Salud; Gobierno; Producci\u00f3n, Trabajo e Innovaci\u00f3n; Econom\u00eda, Finanzas y Hacienda; Educaci\u00f3n; Turismo, Cultura y Deporte; Infraestructura, Agua y Energ\u00eda; adem\u00e1s de las secretar\u00edas de Ambiente y Desarrollo Sustentable y la de Seguridad y Orden P\u00fablico. Adem\u00e1s, estar\u00e1n el EPRE y OSSE.<\/p>\n<p>En este marco, los d\u00edas 4 y 5 de mayo, habr\u00e1 un curso de manipulaci\u00f3n de alimentos para quienes est\u00e1n interesados en obtener o renovar para los pr\u00f3ximos 3 a\u00f1os, el carnet habilitante para el trabajo gastron\u00f3mico, en cualquiera de sus etapas y roles (desde la preparaci\u00f3n de alimentos hasta el servicio de mozo o bachero, entre otros). Ser\u00e1 en el Camping Las Moras (ubicado en Italia 1247, entre Santiago del Estero e Ignacio de la Roza, en Albard\u00f3n). Las personas que necesiten cumplimentar ese requisito para sus emprendimientos deben presentarse antes de las 9:30 horas, las dos fechas consignadas. Este curso es para mayores de 18 a\u00f1os que ya hayan iniciado sus iniciativas laborales o est\u00e9n en proceso de comenzar. La asistencia es obligatoria ambas jornadas, ya que luego de la capacitaci\u00f3n acerca del contenido basado en el C\u00f3digo Alimentario Argentino, hay que rendir un examen.<\/p>\n<p>Mientras que en la formaci\u00f3n de vagones del Tren de Capital Humano se podr\u00e1n realizar puntualmente consultas y estudios m\u00e9dicos espec\u00edficos como mamograf\u00edas (que se entregan informadas), radiograf\u00edas generales, fonoaudiolog\u00eda, adem\u00e1s del laboratorio oftalmol\u00f3gico para la revisaci\u00f3n de la vista, la toma de par\u00e1metros y en caso de ser necesarios, la confecci\u00f3n de lentes con la graduaci\u00f3n requerida. El servicio oftalmol\u00f3gico del programa \u201cVer para ser Libres\u201d es s\u00f3lo para ni\u00f1os, ni\u00f1as y adolescentes de 6 a 17 a\u00f1os. Adem\u00e1s consultas de Pediatr\u00eda, Cl\u00ednica M\u00e9dica, Enfermer\u00eda y Vacunaci\u00f3n. Tambi\u00e9n se podr\u00e1n hacer gestiones de Anses y Renaper (DNI).<\/p>\n<p>A su vez, Naci\u00f3n, refuerza los operativos con un vag\u00f3n cultural, d\u00f3nde se generan acciones recreativas, educativas y culturales, con una biblioteca y un microcine gestionado por la Biblioteca Nacional Argentina Mariano Moreno y la Biblioteca del Congreso de la Naci\u00f3n, entre otras propuestas.<\/p>\n<p>Esta es la segunda vez que se hace un operativo semejante. <strong>Durante la primera edici\u00f3n, entre junio y julio del 2025, m\u00e1s de 12.800 personas recurrieron a estas iniciativas y resolvieron alrededor de 20.000 gestiones de toda \u00edndole.<\/strong><\/p>\n<\/p><\/div>\n<p><script async defer crossorigin=\"anonymous\" src=\"https:\/\/connect.facebook.net\/es_ES\/sdk.js#xfbml=1&#038;version=v3.3\"><\/script><\/p>\n","protected":false},"excerpt":{"rendered":"<p>Los tres departamentos que cuentan con conexi\u00f3n ferroviaria y estaci\u00f3n de trenes, es decir Albard\u00f3n, Sarmiento y Caucete, ser\u00e1n parte de los pr\u00f3ximos operativos integrales San Juan Cerca durante el mes de mayo. Por esta modalidad, adem\u00e1s de los tr\u00e1mites relacionados con los diferentes ministerios del gobierno de San Juan sumar\u00e1 la posibilidad de realizar [&hellip;]<\/p>\n","protected":false},"author":2,"featured_media":234451,"comment_status":"closed","ping_status":"closed","sticky":false,"template":"","format":"standard","meta":{"footnotes":""},"categories":[27],"tags":[],"class_list":["post-234450","post","type-post","status-publish","format-standard","has-post-thumbnail","hentry","category-san-juan"],"_links":{"self":[{"href":"https:\/\/radioacuariofm.com.ar\/index.php?rest_route=\/wp\/v2\/posts\/234450","targetHints":{"allow":["GET"]}}],"collection":[{"href":"https:\/\/radioacuariofm.com.ar\/index.php?rest_route=\/wp\/v2\/posts"}],"about":[{"href":"https:\/\/radioacuariofm.com.ar\/index.php?rest_route=\/wp\/v2\/types\/post"}],"author":[{"embeddable":true,"href":"https:\/\/radioacuariofm.com.ar\/index.php?rest_route=\/wp\/v2\/users\/2"}],"replies":[{"embeddable":true,"href":"https:\/\/radioacuariofm.com.ar\/index.php?rest_route=%2Fwp%2Fv2%2Fcomments&post=234450"}],"version-history":[{"count":1,"href":"https:\/\/radioacuariofm.com.ar\/index.php?rest_route=\/wp\/v2\/posts\/234450\/revisions"}],"predecessor-version":[{"id":234452,"href":"https:\/\/radioacuariofm.com.ar\/index.php?rest_route=\/wp\/v2\/posts\/234450\/revisions\/234452"}],"wp:featuredmedia":[{"embeddable":true,"href":"https:\/\/radioacuariofm.com.ar\/index.php?rest_route=\/wp\/v2\/media\/234451"}],"wp:attachment":[{"href":"https:\/\/radioacuariofm.com.ar\/index.php?rest_route=%2Fwp%2Fv2%2Fmedia&parent=234450"}],"wp:term":[{"taxonomy":"category","embeddable":true,"href":"https:\/\/radioacuariofm.com.ar\/index.php?rest_route=%2Fwp%2Fv2%2Fcategories&post=234450"},{"taxonomy":"post_tag","embeddable":true,"href":"https:\/\/radioacuariofm.com.ar\/index.php?rest_route=%2Fwp%2Fv2%2Ftags&post=234450"}],"curies":[{"name":"wp","href":"https:\/\/api.w.org\/{rel}","templated":true}]}}