{"id":234441,"date":"2026-04-29T11:49:08","date_gmt":"2026-04-29T14:49:08","guid":{"rendered":"https:\/\/radioacuariofm.com.ar\/?p=234441"},"modified":"2026-04-29T11:49:08","modified_gmt":"2026-04-29T14:49:08","slug":"una-escuela-de-cochagual-sur-ahora-lleva-el-nombre-del-medico-rural-ramon-lueje","status":"publish","type":"post","link":"https:\/\/radioacuariofm.com.ar\/?p=234441","title":{"rendered":"Una escuela de Cochagual Sur ahora lleva el nombre del m\u00e9dico rural Ram\u00f3n Lueje"},"content":{"rendered":"<p><\/p>\n<div>\n<p>El Ministerio de Educaci\u00f3n llev\u00f3 adelante el acto de imposici\u00f3n de nombre de la escuela secundaria de Cochagual Sur, en el departamento Sarmiento, que desde ahora se denomina Dr. Ram\u00f3n Eduardo Lueje. La ceremonia se realiz\u00f3 en la instituci\u00f3n y fue encabezada por la ministra de Educaci\u00f3n, Silvia Fuentes, junto a la secretaria de Educaci\u00f3n, Mariela Lueje. Participaron adem\u00e1s el m\u00e9dico rural homenajeado, su familia y la comunidad educativa de la zona, ubicada a unos 70 km de la Capital.<\/p>\n<p>La escuela fue creada en 2023 para garantizar el acceso a la educaci\u00f3n secundaria en la zona y actualmente cuenta con una matr\u00edcula de 120 estudiantes, distribuidos de 1\u00b0 a 6\u00b0 a\u00f1o, y un equipo de 37 trabajadores entre docentes y personal no docente.<\/p>\n<p>Cuando surgi\u00f3 la necesidad de definir una identidad institucional vinculada a referentes locales la escuela realiz\u00f3 un trabajo de relevamiento. Entonces, la comunidad educativa eligi\u00f3 de manera un\u00e1nime la figura del m\u00e9dico rural Ram\u00f3n Eduardo Lueje, reconocido por su trayectoria en el departamento, su cercan\u00eda con la gente y su vocaci\u00f3n de servicio durante d\u00e9cadas. Desempe\u00f1\u00f3 su labor en varias localidades del Este y Sureste del departamento Sarmiento, donde no s\u00f3lo era querido por los vecinos por su trato y profesionalismo, sino que adem\u00e1s se convirti\u00f3 en uno de los parteros m\u00e1s importantes de la zona.<\/p>\n<p>\u201cEs una emoci\u00f3n tan grande. Jam\u00e1s imagin\u00e9 que me pasar\u00eda algo as\u00ed y m\u00e1s a esta altura de la vida. He trabajado muchos a\u00f1os en este departamento y le agradezco a la comunidad que me haya reconocido. Voy a llevar  este gesto en mi coraz\u00f3n el resto de mi vida\u201d, confes\u00f3 Ram\u00f3n Lueje.<\/p>\n<p>El proceso de imposici\u00f3n de nombre cont\u00f3 con el acompa\u00f1amiento del diputado departamental Andr\u00e9s Castro, quien impuls\u00f3 la iniciativa en la C\u00e1mara de Diputados junto a la comunidad. Durante el acto adem\u00e1s se descubrieron placas, se mostraron algunos recuerdos de Lueje en su labor como m\u00e9dico de la zona, se entregaron presentes y, en el cierre, Ram\u00f3n comparti\u00f3 una torta con los presentes.<\/p>\n<p>\u201cNombrar una escuela no es un hecho simb\u00f3lico menor. Es definir qu\u00e9 valores se quieren transmitir. En este caso, se eligi\u00f3 la figura del doctor Lueje, que est\u00e1 tan vinculada a la comunidad con una historia de trabajo y servicio que ha dejado una marca imborrable en el departamento\u201d, expres\u00f3 la ministra de Educaci\u00f3n, Silvia Fuentes.<\/p>\n<p>Durante el acto, la secretaria de Educaci\u00f3n, Mariela Lueje, quien es hija de Ram\u00f3n, se mostr\u00f3 emocionada. \u201cLa escuela secundaria de Cochagual Sur, en mi querido departamento Sarmiento, lleva el nombre de mi padre. No es solo un nombre en una fachada, es la historia de una vida entregada al servicio, al compromiso con su gente y al profundo amor por esta tierra que tanto signific\u00f3 para \u00e9l y para m\u00ed. El departamento Sarmiento es parte de nuestra historia, de nuestras ra\u00edces, de lo que somos. Aqu\u00ed mi padre dej\u00f3 su huella, una huella hecha de trabajo silencioso, de solidaridad y de vocaci\u00f3n genuina por los dem\u00e1s. Que una escuela lleve su nombre es, sin dudas, un honor inmenso. Pero sobre todo, es una forma de que su ejemplo siga vivo en cada estudiante, en cada docente, en cada sue\u00f1o que nazca dentro de esas aulas\u201d, indic\u00f3.<\/p>\n<\/p><\/div>\n<p><script async defer crossorigin=\"anonymous\" src=\"https:\/\/connect.facebook.net\/es_ES\/sdk.js#xfbml=1&#038;version=v3.3\"><\/script><\/p>\n","protected":false},"excerpt":{"rendered":"<p>El Ministerio de Educaci\u00f3n llev\u00f3 adelante el acto de imposici\u00f3n de nombre de la escuela secundaria de Cochagual Sur, en el departamento Sarmiento, que desde ahora se denomina Dr. Ram\u00f3n Eduardo Lueje. La ceremonia se realiz\u00f3 en la instituci\u00f3n y fue encabezada por la ministra de Educaci\u00f3n, Silvia Fuentes, junto a la secretaria de Educaci\u00f3n, [&hellip;]<\/p>\n","protected":false},"author":2,"featured_media":234442,"comment_status":"closed","ping_status":"closed","sticky":false,"template":"","format":"standard","meta":{"footnotes":""},"categories":[27],"tags":[],"class_list":["post-234441","post","type-post","status-publish","format-standard","has-post-thumbnail","hentry","category-san-juan"],"_links":{"self":[{"href":"https:\/\/radioacuariofm.com.ar\/index.php?rest_route=\/wp\/v2\/posts\/234441","targetHints":{"allow":["GET"]}}],"collection":[{"href":"https:\/\/radioacuariofm.com.ar\/index.php?rest_route=\/wp\/v2\/posts"}],"about":[{"href":"https:\/\/radioacuariofm.com.ar\/index.php?rest_route=\/wp\/v2\/types\/post"}],"author":[{"embeddable":true,"href":"https:\/\/radioacuariofm.com.ar\/index.php?rest_route=\/wp\/v2\/users\/2"}],"replies":[{"embeddable":true,"href":"https:\/\/radioacuariofm.com.ar\/index.php?rest_route=%2Fwp%2Fv2%2Fcomments&post=234441"}],"version-history":[{"count":1,"href":"https:\/\/radioacuariofm.com.ar\/index.php?rest_route=\/wp\/v2\/posts\/234441\/revisions"}],"predecessor-version":[{"id":234443,"href":"https:\/\/radioacuariofm.com.ar\/index.php?rest_route=\/wp\/v2\/posts\/234441\/revisions\/234443"}],"wp:featuredmedia":[{"embeddable":true,"href":"https:\/\/radioacuariofm.com.ar\/index.php?rest_route=\/wp\/v2\/media\/234442"}],"wp:attachment":[{"href":"https:\/\/radioacuariofm.com.ar\/index.php?rest_route=%2Fwp%2Fv2%2Fmedia&parent=234441"}],"wp:term":[{"taxonomy":"category","embeddable":true,"href":"https:\/\/radioacuariofm.com.ar\/index.php?rest_route=%2Fwp%2Fv2%2Fcategories&post=234441"},{"taxonomy":"post_tag","embeddable":true,"href":"https:\/\/radioacuariofm.com.ar\/index.php?rest_route=%2Fwp%2Fv2%2Ftags&post=234441"}],"curies":[{"name":"wp","href":"https:\/\/api.w.org\/{rel}","templated":true}]}}