{"id":234435,"date":"2026-04-29T11:12:17","date_gmt":"2026-04-29T14:12:17","guid":{"rendered":"https:\/\/radioacuariofm.com.ar\/?p=234435"},"modified":"2026-04-29T11:12:20","modified_gmt":"2026-04-29T14:12:20","slug":"regularizacion-masiva-inmigrantes-tomaron-por-asalto-la-embajada-de-gambia-en-madrid","status":"publish","type":"post","link":"https:\/\/radioacuariofm.com.ar\/?p=234435","title":{"rendered":"Regularizaci\u00f3n masiva: inmigrantes tomaron por asalto la embajada de Gambia en Madrid"},"content":{"rendered":"<p> <br \/>\n<\/p>\n<div>\n<p class=\"com-paragraph  --capital --s\">Este martes, efectivos policiales<em><strong> <\/strong><\/em>debieron intervenir para llevar calma a la <strong>embajada que tiene Gambia en Madrid luego de que decenas de inmigrantes<\/strong>, que hab\u00edan transcurrido toda la noche frente la sede diplom\u00e1tica para conseguir un turno, <strong>tomaran por asalto el edificio por miedo a quedarse sin el certificado de vulnerabilidad<\/strong>.<\/p>\n<p class=\"com-paragraph   --s\">Los momentos de <strong>tensi\u00f3n y desesperaci\u00f3n<\/strong> tuvieron lugar alrededor de las 10 de la ma\u00f1ana en la calle Hern\u00e1ndez Iglesias, en el distrito de Ciudad Lineal, consign\u00f3 el medio local <em>El Mundo<\/em>. <\/p>\n<div class=\"content-media cursor-pointer container-center-100\">\n<section class=\"media-container relative ratio-16-9 mod-media pb-32\">\n<figure class=\"mod-video\">\n<div class=\"video-player bg-black ratio-16-9\" data-has-jwplayer=\"true\" data-video-id-jw=\"QBdYqTMp\" data-config=\"{&quot;title&quot;:&quot;Escenas de la desesperaci\u00f3n: decenas de inmigrantes asaltaron la embajada de Gambia en Madrid &quot;,&quot;mediaId&quot;:&quot;QBdYqTMp&quot;,&quot;playerId&quot;:&quot;ih0086X3&quot;,&quot;playlist&quot;:[{&quot;mediaid&quot;:&quot;QBdYqTMp&quot;,&quot;sources&quot;:[{&quot;file&quot;:&quot;https:\/\/cdn.jwplayer.com\/manifests\/QBdYqTMp.m3u8&quot;,&quot;type&quot;:&quot;application\/vnd.apple.mpegurl&quot;},{&quot;bitrate&quot;:467025,&quot;file&quot;:&quot;https:\/\/cdn.jwplayer.com\/videos\/QBdYqTMp-kTExGaWf.mp4&quot;,&quot;filesize&quot;:350269,&quot;framerate&quot;:30,&quot;height&quot;:320,&quot;label&quot;:&quot;180p&quot;,&quot;type&quot;:&quot;video\/mp4&quot;,&quot;width&quot;:180},{&quot;bitrate&quot;:734682,&quot;file&quot;:&quot;https:\/\/cdn.jwplayer.com\/videos\/QBdYqTMp-K8B0kybS.mp4&quot;,&quot;filesize&quot;:551012,&quot;framerate&quot;:30,&quot;height&quot;:480,&quot;label&quot;:&quot;270p&quot;,&quot;type&quot;:&quot;video\/mp4&quot;,&quot;width&quot;:270},{&quot;bitrate&quot;:125281,&quot;file&quot;:&quot;https:\/\/cdn.jwplayer.com\/videos\/QBdYqTMp-hz5z2Tv4.m4a&quot;,&quot;filesize&quot;:93961,&quot;label&quot;:&quot;AAC Audio&quot;,&quot;type&quot;:&quot;audio\/mp4&quot;},{&quot;bitrate&quot;:721432,&quot;file&quot;:&quot;https:\/\/cdn.jwplayer.com\/videos\/QBdYqTMp-FnZGUVnC.mp4&quot;,&quot;filesize&quot;:541074,&quot;framerate&quot;:30,&quot;height&quot;:640,&quot;label&quot;:&quot;360p&quot;,&quot;type&quot;:&quot;video\/mp4&quot;,&quot;width&quot;:360},{&quot;bitrate&quot;:1226358,&quot;file&quot;:&quot;https:\/\/cdn.jwplayer.com\/videos\/QBdYqTMp-0G6Pwvlw.mp4&quot;,&quot;filesize&quot;:919769,&quot;framerate&quot;:30,&quot;height&quot;:960,&quot;label&quot;:&quot;540p&quot;,&quot;type&quot;:&quot;video\/mp4&quot;,&quot;width&quot;:540}]}],&quot;hasAutoplay&quot;:false,&quot;autostart&quot;:true,&quot;tagsUrl&quot;:&quot;https:\/\/pubads.g.doubleclick.net\/gampad\/ads?slotname=\/133919216\/la_nacion_video\/nota\/preroll&amp;sz=640x480|400x300&amp;ciu_szs=300x250&amp;unviewed_position_start=1&amp;output=vast&amp;impl=s&amp;env=vp&amp;gdfp_req=1&amp;ad_rule=0&amp;vad_type=linear&amp;vpos=preroll&amp;cust_params=tags_nuevos%3Dte_espana%2Cte_migraciones%2Cca_el_mundo%2C%2CBPBX5OAPSVCMPNZOTV5LQLSYGE&amp;pod=3&amp;ppos=1&amp;lip=true&amp;min_ad_duration=0&amp;max_ad_duration=30000&amp;vrid=6256&amp;url=https%3A%2F%2Fwww.lanacion.com.ar%2Fel-mundo%2Fregularizacion-masiva-inmigrantes-tomaron-por-asalto-la-embajada-de-gambia-en-madrid-nid29042026%2F%3Fvariant%3DA&amp;description_url=https%3A%2F%2Fwww.lanacion.com.ar%2Fel-mundo%2Fregularizacion-masiva-inmigrantes-tomaron-por-asalto-la-embajada-de-gambia-en-madrid-nid29042026%2F%3Fvariant%3DA&amp;video_doc_id=short_onecue&amp;cmsid=496&amp;kfa=0&amp;tfcd=0&amp;correlator=1777471518588&quot;,&quot;arcSite&quot;:&quot;la-nacion-ar&quot;,&quot;duration&quot;:&quot;6000&quot;}\">\n<div id=\"facade-QBdYqTMp\" class=\"content-facade-jw relative bg-black ratio-16-9\"><picture><source media=\"(max-width: 767px)\" srcset=\"https:\/\/resizer.glanacion.com\/resizer\/v2\/https%3A%2F%2Fcdn.jwplayer.com%2Fv2%2Fmedia%2FQBdYqTMp%2Fposter.jpg%3Fwidth%3D720?auth=84352af0798169c1c7197d9151061b6ea147f5acc85e92ac8e6663025fa6bde9&amp;width=480&amp;quality=70&amp;smart=false\"\/><\/picture><\/div>\n<\/div><figcaption class=\"border border-1 border-bottom border-light-300 relative px-16 py-8 min-h-36 w-100_md px-0_l mb-8 bg-white\"><span class=\"text ln-text text-16 block\">Escenas de la desesperaci\u00f3n: decenas de inmigrantes asaltaron la embajada de Gambia en Madrid <\/span><\/figcaption><\/figure>\n<\/section>\n<\/div>\n<p class=\"com-paragraph   --s\"><strong>Luego de pasar toda la noche a la intemperie a la espera de un turno para tramitar la documentaci\u00f3n, a primera hora de este martes las autoridades locales les comunicaron a los inmigrantes que ya no hab\u00eda m\u00e1s plazas para iniciar el tr\u00e1mite<\/strong>, situaci\u00f3n que deriv\u00f3 en un clima de tensi\u00f3n. Varias personas comenzaron a saltar la valla de la embajada y a acceder por la fuerza al interior del recinto.<\/p>\n<p class=\"com-paragraph   --s\">Debido al hecho, tuvieron que intervenir agentes de la Unidad de Prevenci\u00f3n y Reacci\u00f3n (UPR) de la Polic\u00eda Nacional y efectivos de la Polic\u00eda Municipal. Los agentes <strong>lograron restablecer el orden y desalojar a las personas<\/strong>, sin orden de detenci\u00f3n, que hab\u00edan accedido al interior de la sede diplom\u00e1tica. A partir de ese momento, se dispuso en el lugar un operativo de seguridad.<\/p>\n<div class=\"content-media\">\n<section role=\"button\" class=\"mod-media   \">\n<figure role=\"button\" tabindex=\"0\" class=\"mod-figure \"><figcaption class=\"mod-figcaption\"><span class=\"com-text --caption --twoxs\">Regularizaci\u00f3n masiva: inmigrantes tomaron por asalto la embajada de Gambia en Madrid.<\/span><span class=\"com-text --credit --twoxs\">POLIC\u00cdA NACIONAL &#8211; POLIC\u00cdA NACIONAL<\/span><\/figcaption><\/figure>\n<\/section>\n<\/div>\n<p class=\"com-paragraph   --s\">El <strong>certificado de vulnerabilidades<\/strong><strong> <\/strong>es un documento t\u00e9cnico emitido por Servicios Sociales u ONGs autorizadas que acredita una situaci\u00f3n personal o familiar de riesgo, pobreza o exclusi\u00f3n social. <strong>En 2026, se convirti\u00f3 en un requisito obligatorio o clave para que migrantes irregulares en Espa\u00f1a opten a la regularizaci\u00f3n extraordinaria si no pueden acreditar arraigo laboral, familiar o solicitud de protecci\u00f3n<\/strong>. De esta manera, evitar\u00edan las deportaciones.<\/p>\n<div class=\"content-media\">\n<section role=\"button\" class=\"mod-media   \">\n<figure role=\"button\" tabindex=\"0\" class=\"mod-figure \"><figcaption class=\"mod-figcaption\"><span class=\"com-text --caption --twoxs\">Regularizaci\u00f3n masiva: inmigrantes tomaron por asalto la embajada de Gambia en Madrid.<\/span><span class=\"com-text --credit --twoxs\">Emilio Morenatti &#8211; AP<\/span><\/figcaption><\/figure>\n<\/section>\n<\/div>\n<p class=\"com-paragraph   --s\">Las autoridades del Ministerio de Inclusi\u00f3n, Seguridad Social y Migraciones, la Comisi\u00f3n Espa\u00f1ola de Ayuda al Refugiado (CEAR) aclararon que <strong>no otorga ventajas sociales<\/strong>. \u201cNada tienen que ver con las listas de espera sanitaria ni las viviendas sociales\u201d, a\u00f1adieron. Tambi\u00e9n explicaron que \u201cel Ingreso M\u00ednimo Vital solo se concede si se cumplen los requisitos, que pasan por tener una residencia legal de un a\u00f1o en Espa\u00f1a, entre otras cosas, y lo mismo ocurre con el resto de prestaciones\u201d.<\/p>\n<p class=\"com-paragraph   --s\">La obtenci\u00f3n del certificado de vulnerabilidad representa el 60% de las consultas de los migrantes que quieren regularizar su situaci\u00f3n administrativa en Espa\u00f1a, seg\u00fan un an\u00e1lisis realizado por Leg\u00e1litas. \u201cMuchos solicitantes no pueden aportar un contrato de trabajo, ni acreditar v\u00ednculos familiares en Espa\u00f1a, lo que les obliga a acudir necesariamente a la v\u00eda del arraigo extraordinario, donde presentar este certificado es un requisito obligatorio\u201d, explic\u00f3 la compa\u00f1\u00eda.<\/p>\n<section class=\"container-center-100 mb-40 border border-bottom border-thin border-neutral-light-700\">\n<hr\/>\n<\/section>\n<\/div>\n<p><script id=\"facebookpixel\" defer=\"\" type=\"text\/javascript\">\n        !function(f,b,e,v,n,t,s)\n        {if(f.fbq)return;n=f.fbq=function(){n.callMethod?\n        n.callMethod.apply(n,arguments):n.queue.push(arguments)};\n        if(!f._fbq)f._fbq=n;n.push=n;n.loaded=!0;n.version='2.0';\n        n.queue=[];t=b.createElement(e);t.async=!0;\n        t.src=v;s=b.getElementsByTagName(e)[0];\n        s.parentNode.insertBefore(t,s)}(window, document,'script',\n        'https:\/\/connect.facebook.net\/en_US\/fbevents.js');\n        fbq('init', '492459597522335');\n        fbq('track', 'PageView');\n    <\/script><br \/>\n<br \/><\/p>\n","protected":false},"excerpt":{"rendered":"<p>Este martes, efectivos policiales debieron intervenir para llevar calma a la embajada que tiene Gambia en Madrid luego de que decenas de inmigrantes, que hab\u00edan transcurrido toda la noche frente la sede diplom\u00e1tica para conseguir un turno, tomaran por asalto el edificio por miedo a quedarse sin el certificado de vulnerabilidad. Los momentos de tensi\u00f3n [&hellip;]<\/p>\n","protected":false},"author":2,"featured_media":234436,"comment_status":"closed","ping_status":"closed","sticky":false,"template":"","format":"standard","meta":{"footnotes":""},"categories":[1],"tags":[],"class_list":["post-234435","post","type-post","status-publish","format-standard","has-post-thumbnail","hentry","category-uncategorized"],"_links":{"self":[{"href":"https:\/\/radioacuariofm.com.ar\/index.php?rest_route=\/wp\/v2\/posts\/234435","targetHints":{"allow":["GET"]}}],"collection":[{"href":"https:\/\/radioacuariofm.com.ar\/index.php?rest_route=\/wp\/v2\/posts"}],"about":[{"href":"https:\/\/radioacuariofm.com.ar\/index.php?rest_route=\/wp\/v2\/types\/post"}],"author":[{"embeddable":true,"href":"https:\/\/radioacuariofm.com.ar\/index.php?rest_route=\/wp\/v2\/users\/2"}],"replies":[{"embeddable":true,"href":"https:\/\/radioacuariofm.com.ar\/index.php?rest_route=%2Fwp%2Fv2%2Fcomments&post=234435"}],"version-history":[{"count":1,"href":"https:\/\/radioacuariofm.com.ar\/index.php?rest_route=\/wp\/v2\/posts\/234435\/revisions"}],"predecessor-version":[{"id":234437,"href":"https:\/\/radioacuariofm.com.ar\/index.php?rest_route=\/wp\/v2\/posts\/234435\/revisions\/234437"}],"wp:featuredmedia":[{"embeddable":true,"href":"https:\/\/radioacuariofm.com.ar\/index.php?rest_route=\/wp\/v2\/media\/234436"}],"wp:attachment":[{"href":"https:\/\/radioacuariofm.com.ar\/index.php?rest_route=%2Fwp%2Fv2%2Fmedia&parent=234435"}],"wp:term":[{"taxonomy":"category","embeddable":true,"href":"https:\/\/radioacuariofm.com.ar\/index.php?rest_route=%2Fwp%2Fv2%2Fcategories&post=234435"},{"taxonomy":"post_tag","embeddable":true,"href":"https:\/\/radioacuariofm.com.ar\/index.php?rest_route=%2Fwp%2Fv2%2Ftags&post=234435"}],"curies":[{"name":"wp","href":"https:\/\/api.w.org\/{rel}","templated":true}]}}