{"id":234412,"date":"2026-04-29T07:07:54","date_gmt":"2026-04-29T10:07:54","guid":{"rendered":"https:\/\/radioacuariofm.com.ar\/?p=234412"},"modified":"2026-04-29T07:07:55","modified_gmt":"2026-04-29T10:07:55","slug":"trump-ordena-revisar-licencias-de-abc-y-eleva-la-presion-sobre-los-medios","status":"publish","type":"post","link":"https:\/\/radioacuariofm.com.ar\/?p=234412","title":{"rendered":"Trump ordena revisar licencias de ABC y eleva la presi\u00f3n sobre los medios"},"content":{"rendered":"<p> <br \/>\n<\/p>\n<div>\n<p class=\"com-paragraph  --capital --s\">WASHINGTON.\u2013 La Comisi\u00f3n Federal de Comunicaciones de Estados Unidos (FCC)<strong> <\/strong>orden\u00f3 este martes <strong>las<\/strong> <strong>revisiones anticipadas de ocho emisoras de la \u200ccadena ABC<\/strong>, propiedad de Disney, en una escalada dram\u00e1tica en el pulso del gobierno de <a href=\"https:\/\/www.lanacion.com.ar\/el-mundo\/trump-evalua-la-ultima-propuesta-de-iran-para-reabrir-el-estrecho-de-ormuz-mientras-se-estancan-las-nid28042026\/\" target=\"_self\" title=\"https:\/\/www.lanacion.com.ar\/el-mundo\/trump-evalua-la-ultima-propuesta-de-iran-para-reabrir-el-estrecho-de-ormuz-mientras-se-estancan-las-nid28042026\/\" class=\"com-link break-word\" data-mrf-recirculation=\"n_link_parrafo\"><strong>Donald Trump<\/strong><\/a> con los principales medios de comunicaci\u00f3n.<\/p>\n<p class=\"com-paragraph   --s\">Las revisiones<strong> <\/strong>\u2013<strong>que podr\u00edan llevar a la FCC a intentar revocar las licencias de las emisoras<\/strong>\u2013 se dan tras el llamado de la Casa Blanca para que se despida al presentador de ABC <a href=\"https:\/\/www.lanacion.com.ar\/estados-unidos\/trump-pidio-que-despidan-a-jimmy-kimmel-por-un-chiste-sobre-melania-antes-del-tiroteo-nid27042026\/\" target=\"_self\" title=\"https:\/\/www.lanacion.com.ar\/estados-unidos\/trump-pidio-que-despidan-a-jimmy-kimmel-por-un-chiste-sobre-melania-antes-del-tiroteo-nid27042026\/\" class=\"com-link break-word\" data-mrf-recirculation=\"n_link_parrafo\">\u200cJimmy Kimmel<\/a>.<\/p>\n<p class=\"com-paragraph   --s\">La FCC, una agencia federal independiente, <strong>concede licencias de ocho a\u00f1os a las emisoras individuales y \u2060no ha revocado ninguna en m\u00e1s de 40 a\u00f1os<\/strong>.<strong> <\/strong>Kimmel sali\u00f3 al aire el lunes, pese a las cr\u00edticas de Trump por una broma que cont\u00f3 antes del tiroteo \u200bcerca \u200bde la cena de periodistas y pol\u00edticos \u200bel fin de semana.<\/p>\n<div class=\"content-media\">\n<section role=\"button\" class=\"mod-media   \">\n<figure role=\"button\" tabindex=\"0\" class=\"mod-figure \"><figcaption class=\"mod-figcaption\"><span class=\"com-text --caption --twoxs\">El logo de la Comisi\u00f3n Federal de Comunicaciones de Estados Unidos (FCC). La entidad arremeti\u00f3 contra la cadena ABC.  <\/span><span class=\"com-text --credit --twoxs\">Jacquelyn Martin &#8211; AP<\/span><\/figcaption><\/figure>\n<\/section>\n<\/div>\n<p class=\"com-paragraph   --s\">\u201cPor la presente se ordena a ABC, de Disney, <strong>que presente renovaciones de licencia para todas sus estaciones de televisi\u00f3n con licencia dentro de los 30 d\u00edas<\/strong>,<strong> <\/strong>en otras palabras, antes del 28 de mayo de 2026\u201d, dijo la agencia.<\/p>\n<p class=\"com-paragraph   --s\">Trump ha \u200cpresionado en repetidas ocasiones a la FCC <strong>para que revoque las licencias de las emisoras de NBC, propiedad de Comcast, y de ABC <\/strong>por una programaci\u00f3n que considera objetable. <\/p>\n<p class=\"com-paragraph   --s\">Las licencias <strong>no estaban programadas para ser revisadas por la FCC hasta octubre de 2028<\/strong> y la medida sigue a una \u200cinvestigaci\u00f3n de m\u00e1s de un a\u00f1o sobre las <strong>\u200bpr\u00e1cticas de diversidad <\/strong>de Disney y ABC.<\/p>\n<p class=\"com-paragraph   --s\">Disney respondi\u00f3 en un comunicado que \u201cABC y sus estaciones tienen un largo historial <strong>de operar<\/strong> <strong>en pleno cumplimiento de las reglas de la FCC<\/strong> y de servir a sus comunidades locales con noticias confiables, informaci\u00f3n de emergencia y programaci\u00f3n de inter\u00e9s p\u00fablico\u201d.<\/p>\n<div class=\"content-media\">\n<section role=\"button\" class=\"mod-media   \">\n<figure role=\"button\" tabindex=\"0\" class=\"mod-figure \"><figcaption class=\"mod-figcaption\"><span class=\"com-text --caption --twoxs\">La arremetida de la FCC contra ABC profundiza las diferencias de Trump con los medios de comunicaci\u00f3n  <\/span><span class=\"com-text --credit --twoxs\">Evan Vucci &#8211; AP<\/span><\/figcaption><\/figure>\n<\/section>\n<\/div>\n<p class=\"com-paragraph   --s\">\u201cEsto no \u200btiene precedentes, es ilegal y no \u200blleva a ninguna parte. <strong>Esta maniobra pol\u00edtica no prosperar\u00e1<\/strong>. Las \u200cempresas deber\u00edan impugnarlo de frente. La Primera \u200bEnmienda est\u00e1 de su \u200blado\u00bb, dijo por su parte Anna G\u00f3mez, comisionada dem\u00f3crata de la FCC.<\/p>\n<p class=\"com-paragraph   --s\">La agencia Reuters inform\u00f3 por primera vez en marzo de que el presidente de la FCC,<strong> Brendan Carr, <\/strong><a href=\"https:\/\/www.lanacion.com.ar\/estados-unidos\/trump-respalda-la-amenaza-del-jefe-de-la-fcc-a-las-emisoras-y-critica-la-cobertura-de-la-guerra-de-nid16032026\/\" target=\"_self\" title=\"https:\/\/www.lanacion.com.ar\/estados-unidos\/trump-respalda-la-amenaza-del-jefe-de-la-fcc-a-las-emisoras-y-critica-la-cobertura-de-la-guerra-de-nid16032026\/\" class=\"com-link break-word\" data-mrf-recirculation=\"n_link_parrafo\">estaba \u200bevaluando adelantar la revisi\u00f3n de \u200clas licencias<\/a>. Cuando se le pregunt\u00f3 el mes pasado si podr\u00eda intentar <strong>\u200brevocar alguna licencia de radiodifusi\u00f3n<\/strong> como resultado de las investigaciones pendientes, indic\u00f3 que \u200bera posible.<\/p>\n<p class=\"com-paragraph   --s\">\u201cLas emisoras que difunden bulos y noticias falsas (\u2026) tienen ahora <strong>la oportunidad de rectificar<\/strong> antes de que venza el plazo de renovaci\u00f3n de sus licencias\u201d, escribi\u00f3 Carr en su cuenta de X. \u201cLa ley es clara. Las emisoras <strong>deben actuar en beneficio del inter\u00e9s p\u00fablico<\/strong> y perder\u00e1n sus licencias si no lo hacen\u201d.<\/p>\n<div class=\"content-media\">\n<section role=\"button\" class=\"mod-media   \">\n<figure role=\"button\" tabindex=\"0\" class=\"mod-figure \"><figcaption class=\"mod-figcaption\"><span class=\"com-text --caption --twoxs\">El presidente de la Comisi\u00f3n Federal de Comunicaciones de Estados Unidos, Brendan Carr, durante un evento en Nueva York (Archivo)   <\/span><span class=\"com-text --credit --twoxs\">Andres Kudacki &#8211; FR170905 AP<\/span><\/figcaption><\/figure>\n<\/section>\n<\/div>\n<p class=\"com-paragraph   --s\">Carr afirm\u00f3 que <strong>\u201ccambiar de rumbo\u201d<\/strong> ser\u00eda una decisi\u00f3n empresarial inteligente para las emisoras \u2013aunque no mencion\u00f3 ninguna por su nombre\u2013 dado que \u201cla confianza en los medios tradicionales <strong>cay\u00f3 a un m\u00ednimo hist\u00f3rico<\/strong> de tan solo el 9% y sus \u00edndices de audiencia son un desastre\u201d.<\/p>\n<p class=\"com-paragraph   --s\">El caso de <strong>Jimmy Kimmel<\/strong>, el m\u00e1s reciente de la virulencia de la administraci\u00f3n Trump contra los medios, se dio a partir de un chiste en uno de sus mon\u00f3logos de humor la semana pasada, donde dijo que la primera dama, <strong>Melania Trump<\/strong>, irradiaba <strong>\u201cel aura de su futura viuda\u201d<\/strong>.<strong> <\/strong><\/p>\n<p class=\"com-paragraph   --s\">El comediante <strong>neg\u00f3 el lunes que fuera una incitaci\u00f3n a la violencia contra el presidente<\/strong>, como se\u00f1al\u00f3 Trump, y dijo que era una broma sobre la diferencia de edad de la pareja.<\/p>\n<div class=\"content-media\">\n<section role=\"button\" class=\"mod-media   \">\n<figure role=\"button\" tabindex=\"0\" class=\"mod-figure \"><figcaption class=\"mod-figcaption\"><span class=\"com-text --caption --twoxs\">Donald y Melania Trump en el Opera House del Kennedy Center (Archivo) <\/span><span class=\"com-text --credit --twoxs\">ALEX WONG &#8211; GETTY IMAGES NORTH AMERICA<\/span><\/figcaption><\/figure>\n<\/section>\n<\/div>\n<p class=\"com-paragraph   --s\">Trump cumplir\u00e1 80 a\u00f1os en junio y <strong>es el presidente de mayor edad de la historia de Estados Unidos<\/strong>,<strong> <\/strong>mientras que su esposa, una exmodelo nacida en Eslovenia, tiene 56 a\u00f1os.<\/p>\n<p class=\"com-paragraph   --s\">Al igual que otros republicanos, la primera dama arremeti\u00f3 el lunes contra Kimmel y pidi\u00f3 a la cadena ABC <a href=\"https:\/\/www.lanacion.com.ar\/estados-unidos\/melania-trump-arremete-contra-el-comico-kimmel-por-bromear-con-su-eventual-viudez-nid27042026\/\" target=\"_self\" title=\"https:\/\/www.lanacion.com.ar\/estados-unidos\/melania-trump-arremete-contra-el-comico-kimmel-por-bromear-con-su-eventual-viudez-nid27042026\/\" class=\"com-link break-word\" data-mrf-recirculation=\"n_link_parrafo\">que tomara una postura contra el presentador<\/a>.<\/p>\n<p class=\"com-paragraph   --s\">El presentador tambi\u00e9n llam\u00f3 a Trump a dialogar sobre la <strong>ret\u00f3rica \u201cde odio\u201d<\/strong>, una aparente referencia a <strong>los comentarios incendiarios del presidente <\/strong>sobre grupos como los migrantes, sus opositores pol\u00edticos y los medios de comunicaci\u00f3n. \u201cCoincido en que la ret\u00f3rica de odio y violenta es algo que debemos rechazar\u201d, dijo Kimmel.<\/p>\n<p class=\"com-paragraph   --s\">\u201cCreo que un gran lugar para empezar a <strong>bajar ese tono<\/strong> ser\u00eda mantener una conversaci\u00f3n al respecto con su marido\u00bb, a\u00f1adi\u00f3, dirigi\u00e9ndose a la primera dama.<\/p>\n<p class=\"com-paragraph   --s\"><strong>Agencias Reuters y AFP<\/strong><\/p>\n<section class=\"container-center-100 mb-40 border border-bottom border-thin border-neutral-light-700\">\n<hr\/>\n<\/section>\n<\/div>\n<p><script id=\"facebookpixel\" defer=\"\" type=\"text\/javascript\">\n        !function(f,b,e,v,n,t,s)\n        {if(f.fbq)return;n=f.fbq=function(){n.callMethod?\n        n.callMethod.apply(n,arguments):n.queue.push(arguments)};\n        if(!f._fbq)f._fbq=n;n.push=n;n.loaded=!0;n.version='2.0';\n        n.queue=[];t=b.createElement(e);t.async=!0;\n        t.src=v;s=b.getElementsByTagName(e)[0];\n        s.parentNode.insertBefore(t,s)}(window, document,'script',\n        'https:\/\/connect.facebook.net\/en_US\/fbevents.js');\n        fbq('init', '492459597522335');\n        fbq('track', 'PageView');\n    <\/script><br \/>\n<br \/><\/p>\n","protected":false},"excerpt":{"rendered":"<p>WASHINGTON.\u2013 La Comisi\u00f3n Federal de Comunicaciones de Estados Unidos (FCC) orden\u00f3 este martes las revisiones anticipadas de ocho emisoras de la \u200ccadena ABC, propiedad de Disney, en una escalada dram\u00e1tica en el pulso del gobierno de Donald Trump con los principales medios de comunicaci\u00f3n. Las revisiones \u2013que podr\u00edan llevar a la FCC a intentar revocar [&hellip;]<\/p>\n","protected":false},"author":2,"featured_media":234413,"comment_status":"closed","ping_status":"closed","sticky":false,"template":"","format":"standard","meta":{"footnotes":""},"categories":[1],"tags":[],"class_list":["post-234412","post","type-post","status-publish","format-standard","has-post-thumbnail","hentry","category-uncategorized"],"_links":{"self":[{"href":"https:\/\/radioacuariofm.com.ar\/index.php?rest_route=\/wp\/v2\/posts\/234412","targetHints":{"allow":["GET"]}}],"collection":[{"href":"https:\/\/radioacuariofm.com.ar\/index.php?rest_route=\/wp\/v2\/posts"}],"about":[{"href":"https:\/\/radioacuariofm.com.ar\/index.php?rest_route=\/wp\/v2\/types\/post"}],"author":[{"embeddable":true,"href":"https:\/\/radioacuariofm.com.ar\/index.php?rest_route=\/wp\/v2\/users\/2"}],"replies":[{"embeddable":true,"href":"https:\/\/radioacuariofm.com.ar\/index.php?rest_route=%2Fwp%2Fv2%2Fcomments&post=234412"}],"version-history":[{"count":1,"href":"https:\/\/radioacuariofm.com.ar\/index.php?rest_route=\/wp\/v2\/posts\/234412\/revisions"}],"predecessor-version":[{"id":234414,"href":"https:\/\/radioacuariofm.com.ar\/index.php?rest_route=\/wp\/v2\/posts\/234412\/revisions\/234414"}],"wp:featuredmedia":[{"embeddable":true,"href":"https:\/\/radioacuariofm.com.ar\/index.php?rest_route=\/wp\/v2\/media\/234413"}],"wp:attachment":[{"href":"https:\/\/radioacuariofm.com.ar\/index.php?rest_route=%2Fwp%2Fv2%2Fmedia&parent=234412"}],"wp:term":[{"taxonomy":"category","embeddable":true,"href":"https:\/\/radioacuariofm.com.ar\/index.php?rest_route=%2Fwp%2Fv2%2Fcategories&post=234412"},{"taxonomy":"post_tag","embeddable":true,"href":"https:\/\/radioacuariofm.com.ar\/index.php?rest_route=%2Fwp%2Fv2%2Ftags&post=234412"}],"curies":[{"name":"wp","href":"https:\/\/api.w.org\/{rel}","templated":true}]}}