{"id":234406,"date":"2026-04-29T05:04:55","date_gmt":"2026-04-29T08:04:55","guid":{"rendered":"https:\/\/radioacuariofm.com.ar\/?p=234406"},"modified":"2026-04-29T05:04:56","modified_gmt":"2026-04-29T08:04:56","slug":"la-ironica-respuesta-del-rey-carlos-iii-a-donald-trump-sin-nosotros-estarian-hablando-frances","status":"publish","type":"post","link":"https:\/\/radioacuariofm.com.ar\/?p=234406","title":{"rendered":"La ir\u00f3nica respuesta del rey Carlos III a Donald Trump: \u201cSin nosotros estar\u00edan hablando franc\u00e9s\u201d"},"content":{"rendered":"<p> <br \/>\n<\/p>\n<div>\n<p class=\"com-paragraph  --capital --s\">Este martes se realiz\u00f3 en la <strong>Casa Blanca<\/strong> una <a href=\"https:\/\/www.lanacion.com.ar\/estados-unidos\/pompa-gestos-y-una-revelacion-inesperada-trump-y-carlos-iii-se-reunen-en-medio-de-tensiones-con-nid28042026\/\" target=\"_self\" title=\"https:\/\/www.lanacion.com.ar\/estados-unidos\/pompa-gestos-y-una-revelacion-inesperada-trump-y-carlos-iii-se-reunen-en-medio-de-tensiones-con-nid28042026\/\" class=\"com-link break-word\" data-mrf-recirculation=\"n_link_parrafo\">cena de recepci\u00f3n al monarca <\/a>de <strong>Reino Unido<\/strong>, que viaj\u00f3 esta semana a Estados Unidos. Entre c\u00f3cteles, saludos y agasajos, el rey brit\u00e1nico <strong>Carlos III<\/strong> brind\u00f3 un discurso en el que respondi\u00f3 a una broma previa del presidente de EE.UU., <strong>Donald Trump<\/strong> sobre la relaci\u00f3n de ambas naciones.<\/p>\n<p class=\"com-paragraph   --s\">\u201cRecientemente coment\u00f3, se\u00f1or presidente, que si no fuera por Estados Unidos, los pa\u00edses europeos estar\u00edan hablando alem\u00e1n. <strong>Me atrevo a decir que, si no fuera por nosotros, ustedes estar\u00edan hablando franc\u00e9s<\/strong>\u201d, apunt\u00f3 el monarca, lo que despert\u00f3 risas y aplausos de los invitados en el sal\u00f3n este de la residencia oficial en Washington.<\/p>\n<div class=\"content-media cursor-pointer container-center-100\">\n<section class=\"media-container relative ratio-16-9 mod-media pb-32\">\n<figure class=\"mod-video\">\n<div class=\"video-player bg-black ratio-16-9\" data-has-jwplayer=\"true\" data-video-id-jw=\"5rCY4drt\" data-config=\"{&quot;title&quot;:&quot;La devoluci\u00f3n de gentilezas de Carlos III&quot;,&quot;mediaId&quot;:&quot;5rCY4drt&quot;,&quot;playerId&quot;:&quot;ih0086X3&quot;,&quot;playlist&quot;:[{&quot;mediaid&quot;:&quot;5rCY4drt&quot;,&quot;sources&quot;:[{&quot;file&quot;:&quot;https:\/\/cdn.jwplayer.com\/manifests\/5rCY4drt.m3u8&quot;,&quot;type&quot;:&quot;application\/vnd.apple.mpegurl&quot;},{&quot;bitrate&quot;:270966,&quot;file&quot;:&quot;https:\/\/cdn.jwplayer.com\/videos\/5rCY4drt-kTExGaWf.mp4&quot;,&quot;filesize&quot;:1083867,&quot;framerate&quot;:30,&quot;height&quot;:180,&quot;label&quot;:&quot;180p&quot;,&quot;type&quot;:&quot;video\/mp4&quot;,&quot;width&quot;:320},{&quot;bitrate&quot;:360188,&quot;file&quot;:&quot;https:\/\/cdn.jwplayer.com\/videos\/5rCY4drt-K8B0kybS.mp4&quot;,&quot;filesize&quot;:1440755,&quot;framerate&quot;:30,&quot;height&quot;:270,&quot;label&quot;:&quot;270p&quot;,&quot;type&quot;:&quot;video\/mp4&quot;,&quot;width&quot;:480},{&quot;bitrate&quot;:948105,&quot;file&quot;:&quot;https:\/\/cdn.jwplayer.com\/videos\/5rCY4drt-46NIuRKO.mp4&quot;,&quot;filesize&quot;:3792422,&quot;framerate&quot;:30,&quot;height&quot;:720,&quot;label&quot;:&quot;720p&quot;,&quot;type&quot;:&quot;video\/mp4&quot;,&quot;width&quot;:1280},{&quot;bitrate&quot;:117025,&quot;file&quot;:&quot;https:\/\/cdn.jwplayer.com\/videos\/5rCY4drt-hz5z2Tv4.m4a&quot;,&quot;filesize&quot;:468103,&quot;label&quot;:&quot;AAC Audio&quot;,&quot;type&quot;:&quot;audio\/mp4&quot;},{&quot;bitrate&quot;:421174,&quot;file&quot;:&quot;https:\/\/cdn.jwplayer.com\/videos\/5rCY4drt-FnZGUVnC.mp4&quot;,&quot;filesize&quot;:1684698,&quot;framerate&quot;:30,&quot;height&quot;:360,&quot;label&quot;:&quot;360p&quot;,&quot;type&quot;:&quot;video\/mp4&quot;,&quot;width&quot;:640},{&quot;bitrate&quot;:672626,&quot;file&quot;:&quot;https:\/\/cdn.jwplayer.com\/videos\/5rCY4drt-0G6Pwvlw.mp4&quot;,&quot;filesize&quot;:2690507,&quot;framerate&quot;:30,&quot;height&quot;:540,&quot;label&quot;:&quot;540p&quot;,&quot;type&quot;:&quot;video\/mp4&quot;,&quot;width&quot;:960}]}],&quot;hasAutoplay&quot;:false,&quot;autostart&quot;:true,&quot;tagsUrl&quot;:&quot;https:\/\/pubads.g.doubleclick.net\/gampad\/ads?slotname=\/133919216\/la_nacion_video\/nota\/preroll&amp;sz=640x480|400x300&amp;ciu_szs=300x250&amp;unviewed_position_start=1&amp;output=vast&amp;impl=s&amp;env=vp&amp;gdfp_req=1&amp;ad_rule=0&amp;vad_type=linear&amp;vpos=preroll&amp;cust_params=tags_nuevos%3Dte_rey_carlos_iii%2Cte_donald_trump%2Cte_estados_unidos%2Cte_reino_unido%2Cca_el_mundo%2C%2CJMZ6TLFOCRHXFBRNQZUUKZDRFQ&amp;pod=3&amp;ppos=1&amp;lip=true&amp;min_ad_duration=0&amp;max_ad_duration=30000&amp;vrid=6256&amp;url=https%3A%2F%2Fwww.lanacion.com.ar%2Fel-mundo%2Fla-ironica-respuesta-del-rey-carlos-iii-a-donald-trump-sin-nosotros-estarian-hablando-frances-nid29042026%2F%3Fvariant%3DA&amp;description_url=https%3A%2F%2Fwww.lanacion.com.ar%2Fel-mundo%2Fla-ironica-respuesta-del-rey-carlos-iii-a-donald-trump-sin-nosotros-estarian-hablando-frances-nid29042026%2F%3Fvariant%3DA&amp;video_doc_id=short_onecue&amp;cmsid=496&amp;kfa=0&amp;tfcd=0&amp;correlator=1777449844012&quot;,&quot;arcSite&quot;:&quot;la-nacion-ar&quot;,&quot;duration&quot;:&quot;32000&quot;}\">\n<div id=\"facade-5rCY4drt\" class=\"content-facade-jw relative bg-black ratio-16-9\"><picture><source media=\"(max-width: 767px)\" srcset=\"https:\/\/resizer.glanacion.com\/resizer\/v2\/https%3A%2F%2Fcdn.jwplayer.com%2Fv2%2Fmedia%2F5rCY4drt%2Fposter.jpg%3Fwidth%3D720?auth=efcce19efcb899c34d5449fad91ce7fe619214e8892c2b067c8128b2f2c9550e&amp;width=480&amp;quality=70&amp;smart=false\"\/><\/picture><\/div>\n<\/div><figcaption class=\"border border-1 border-bottom border-light-300 relative px-16 py-8 min-h-36 w-100_md px-0_l mb-8 bg-white\"><span class=\"text ln-text text-16 block\">La devoluci\u00f3n de gentilezas de Carlos III<\/span><\/figcaption><\/figure>\n<\/section>\n<\/div>\n<p class=\"com-paragraph   --s\">Las palabras de Carlos III se interpretaron como la respuesta al discurso que Donald Trump brind\u00f3 en el <a href=\"https:\/\/www.lanacion.com.ar\/estados-unidos\/perlitas-gaffes-y-chicanas-los-momentos-mas-llamativos-del-discurso-de-trump-en-davos-nid21012026\/\" target=\"_self\" title=\"https:\/\/www.lanacion.com.ar\/estados-unidos\/perlitas-gaffes-y-chicanas-los-momentos-mas-llamativos-del-discurso-de-trump-en-davos-nid21012026\/\" class=\"com-link break-word\" data-mrf-recirculation=\"n_link_parrafo\"><strong>Foro Econ\u00f3mico Mundial de Davos<\/strong> <\/a>a comienzos de 2026. En aquella disertaci\u00f3n, el mandatario norteamericano dijo: \u201cSin nosotros, ahora mismo, <strong>todos ustedes hablar\u00edan alem\u00e1n y quiz\u00e1s un poco de japon\u00e9s<\/strong>\u201d.<\/p>\n<p class=\"com-paragraph   --s\">Por otro lado, en esa misma intervenci\u00f3n en Davos, Trump lanz\u00f3 cr\u00edticas contra Europa y tild\u00f3 de \u201c<strong>desagradecido<\/strong>\u201d a Dinamarca por negarle el control de Groenlandia y sostuvo que el pa\u00eds tiene una deuda con Estados Unidos desde la <strong>Segunda Guerra Mundial<\/strong>.<\/p>\n<div class=\"content-media\">\n<section role=\"button\" class=\"mod-media   \">\n<figure role=\"button\" tabindex=\"0\" class=\"mod-figure \"><figcaption class=\"mod-figcaption\"><span class=\"com-text --caption --twoxs\">El presidente de Estados Unidos, Donald Trump, con el rey Carlos III<\/span><span class=\"com-text --credit --twoxs\">Alex Brandon &#8211; AP<\/span><\/figcaption><\/figure>\n<\/section>\n<\/div>\n<p class=\"com-paragraph   --s\">En el video, que r\u00e1pidamente se viraliz\u00f3 en redes sociales, puede verse c\u00f3mo, despu\u00e9s de sus palabras, el rey Carlos III busca con la mirada a Trump, a quien se lo ve sentado en frente suyo. <strong>La primera reacci\u00f3n del presidente norteamericano fue sonre\u00edr y mirar por sobre su espalda<\/strong>. <\/p>\n<p class=\"com-paragraph   --s\">La relaci\u00f3n entre el Reino Unido y Estados Unidos data de varios siglos atr\u00e1s. Durante el conflicto b\u00e9lico conocido como la \u201cGuerra de los siete a\u00f1os\u201d, que se extendi\u00f3 entre 1756 y 1763, <strong>Inglaterra evit\u00f3 que Francia colonizara lo que hoy es Estados Unidos<\/strong>, principalmente a trav\u00e9s de su superioridad naval y una mayor poblaci\u00f3n de colonos.<\/p>\n<div class=\"content-media\">\n<section role=\"button\" class=\"mod-media   \">\n<figure role=\"button\" tabindex=\"0\" class=\"mod-figure \"><figcaption class=\"mod-figcaption\"><span class=\"com-text --caption --twoxs\">El sal\u00f3n este de la Casa Blanca se visti\u00f3 de gala para la cena de conmemoraci\u00f3n por la independencia de Estados Unidos<\/span><span class=\"com-text --credit --twoxs\">HENRY NICHOLLS &#8211; AFP<\/span><\/figcaption><\/figure>\n<\/section>\n<\/div>\n<p class=\"com-paragraph   --s\">Ya en el siglo XX, Estados Unidos derrot\u00f3 a las fuerzas nazis en el decisivo Desembarco de Normand\u00eda en junio de 1944, <strong>logrando una victoria decisiva por sobre el ej\u00e9rcito alem\u00e1n que le permiti\u00f3 a Europa recuperarse del asedio de los hombres comandados por Adolf Hitler<\/strong>.<\/p>\n<p class=\"com-paragraph   --s\">El c\u00f3nclave bilateral entre el rey Carlos III y Trump tuvo su raz\u00f3n de ser en limar asperezas en un momento de<strong> <\/strong><a href=\"https:\/\/www.lanacion.com.ar\/el-mundo\/el-informe-del-pentagono-que-filtro-reuters-sobre-como-eeuu-evalua-revisar-su-apoyo-a-reino-unido-en-nid24042026\/\" target=\"_self\" title=\"https:\/\/www.lanacion.com.ar\/el-mundo\/el-informe-del-pentagono-que-filtro-reuters-sobre-como-eeuu-evalua-revisar-su-apoyo-a-reino-unido-en-nid24042026\/\" class=\"com-link break-word\" data-mrf-recirculation=\"n_link_parrafo\"><strong>alta tensi\u00f3n entre dos aliados<\/strong><\/a>; un esperado <strong>discurso ante el Congreso norteamericano<\/strong> en el que destac\u00f3 la <strong>historia compartida<\/strong> de <strong>Estados Unidos<\/strong> y el <strong>Reino Unido<\/strong> y llam\u00f3 a la <strong>reconciliaci\u00f3n<\/strong>, y un cierre con una <strong>cena de Estado<\/strong>.<\/p>\n<p class=\"com-paragraph   --s\">En el segundo d\u00eda de su gira, con una agenda de fuerte contenido pol\u00edtico, el<strong> <\/strong>representante de la corona brit\u00e1nica, acompa\u00f1ado por la <strong>reina Camilla<\/strong>,<strong> <\/strong>reconoci\u00f3 este martes las <strong>\u201cdiferencias\u201d y \u201cdesacuerdos\u201d<\/strong> entre el Reino Unido y Estados Unidos, pero hizo hincapi\u00e9 en el compromiso compartido de ambos pa\u00edses y calific\u00f3 el v\u00ednculo bilateral como <strong>\u201cinsustituible e inquebrantable\u201d<\/strong>.<\/p>\n<p class=\"com-paragraph   --s\">M\u00e1s all\u00e1 de decir presente en la Casa Blanca, su presentaci\u00f3n en el Capitolio fue uno de los momentos centrales de su visita de Estado, que atrajo la atenci\u00f3n internacional ante las <strong>profundas divergencias<\/strong> <strong>entre Trump y el primer ministro Keir Starmer<\/strong> por el rol brit\u00e1nico y de la OTAN en la <strong>guerra en Medio Oriente<\/strong>, entre otros ejes conflictivos.<\/p>\n<p class=\"com-paragraph   --s\">La de este martes fue <strong>la segunda vez que un monarca brit\u00e1nico se presenta en ese escenario <\/strong>despu\u00e9s de que su madre, la <strong>reina Isabel II<\/strong>, hablara ante ambas c\u00e1maras en 1991.<\/p>\n<p class=\"com-paragraph   --s\">\u201cEl mismo principio sobre el que se fund\u00f3 su Congreso constituy\u00f3, por un lado, <strong>un desacuerdo fundamental entre nosotros<\/strong> y, por el otro, un <strong>valor democr\u00e1tico compartido <\/strong>que ustedes heredaron de nosotros. <strong>La nuestra es una asociaci\u00f3n nacida de la disputa, pero no por ello menos s\u00f3lida<\/strong>\u201d, indic\u00f3 Carlos III, en el evento central de su visita de Estado, la de mayor perfil en su reinado.<\/p>\n<section class=\"container-center-100 mb-40 border border-bottom border-thin border-neutral-light-700\">\n<hr\/>\n<\/section>\n<\/div>\n<p><script id=\"facebookpixel\" defer=\"\" type=\"text\/javascript\">\n        !function(f,b,e,v,n,t,s)\n        {if(f.fbq)return;n=f.fbq=function(){n.callMethod?\n        n.callMethod.apply(n,arguments):n.queue.push(arguments)};\n        if(!f._fbq)f._fbq=n;n.push=n;n.loaded=!0;n.version='2.0';\n        n.queue=[];t=b.createElement(e);t.async=!0;\n        t.src=v;s=b.getElementsByTagName(e)[0];\n        s.parentNode.insertBefore(t,s)}(window, document,'script',\n        'https:\/\/connect.facebook.net\/en_US\/fbevents.js');\n        fbq('init', '492459597522335');\n        fbq('track', 'PageView');\n    <\/script><br \/>\n<br \/><\/p>\n","protected":false},"excerpt":{"rendered":"<p>Este martes se realiz\u00f3 en la Casa Blanca una cena de recepci\u00f3n al monarca de Reino Unido, que viaj\u00f3 esta semana a Estados Unidos. Entre c\u00f3cteles, saludos y agasajos, el rey brit\u00e1nico Carlos III brind\u00f3 un discurso en el que respondi\u00f3 a una broma previa del presidente de EE.UU., Donald Trump sobre la relaci\u00f3n de [&hellip;]<\/p>\n","protected":false},"author":2,"featured_media":234407,"comment_status":"closed","ping_status":"closed","sticky":false,"template":"","format":"standard","meta":{"footnotes":""},"categories":[1],"tags":[],"class_list":["post-234406","post","type-post","status-publish","format-standard","has-post-thumbnail","hentry","category-uncategorized"],"_links":{"self":[{"href":"https:\/\/radioacuariofm.com.ar\/index.php?rest_route=\/wp\/v2\/posts\/234406","targetHints":{"allow":["GET"]}}],"collection":[{"href":"https:\/\/radioacuariofm.com.ar\/index.php?rest_route=\/wp\/v2\/posts"}],"about":[{"href":"https:\/\/radioacuariofm.com.ar\/index.php?rest_route=\/wp\/v2\/types\/post"}],"author":[{"embeddable":true,"href":"https:\/\/radioacuariofm.com.ar\/index.php?rest_route=\/wp\/v2\/users\/2"}],"replies":[{"embeddable":true,"href":"https:\/\/radioacuariofm.com.ar\/index.php?rest_route=%2Fwp%2Fv2%2Fcomments&post=234406"}],"version-history":[{"count":1,"href":"https:\/\/radioacuariofm.com.ar\/index.php?rest_route=\/wp\/v2\/posts\/234406\/revisions"}],"predecessor-version":[{"id":234408,"href":"https:\/\/radioacuariofm.com.ar\/index.php?rest_route=\/wp\/v2\/posts\/234406\/revisions\/234408"}],"wp:featuredmedia":[{"embeddable":true,"href":"https:\/\/radioacuariofm.com.ar\/index.php?rest_route=\/wp\/v2\/media\/234407"}],"wp:attachment":[{"href":"https:\/\/radioacuariofm.com.ar\/index.php?rest_route=%2Fwp%2Fv2%2Fmedia&parent=234406"}],"wp:term":[{"taxonomy":"category","embeddable":true,"href":"https:\/\/radioacuariofm.com.ar\/index.php?rest_route=%2Fwp%2Fv2%2Fcategories&post=234406"},{"taxonomy":"post_tag","embeddable":true,"href":"https:\/\/radioacuariofm.com.ar\/index.php?rest_route=%2Fwp%2Fv2%2Ftags&post=234406"}],"curies":[{"name":"wp","href":"https:\/\/api.w.org\/{rel}","templated":true}]}}