{"id":234394,"date":"2026-04-29T01:00:53","date_gmt":"2026-04-29T04:00:53","guid":{"rendered":"https:\/\/radioacuariofm.com.ar\/?p=234394"},"modified":"2026-04-29T01:00:54","modified_gmt":"2026-04-29T04:00:54","slug":"en-ee-uu-imprimiran-pasaportes-y-monedas-con-la-cara-de-trump","status":"publish","type":"post","link":"https:\/\/radioacuariofm.com.ar\/?p=234394","title":{"rendered":"En EE.UU. imprimir\u00e1n pasaportes y monedas con la cara de Trump"},"content":{"rendered":"<p> <br \/>\n<\/p>\n<div>\n<p class=\"com-paragraph  --capital --s\">WASHINGTON.\u2013 El Departamento de Estado de Estados Unidos inform\u00f3 que <strong>ya prepara una emisi\u00f3n limitada de pasaportes conmemorativos para celebrar el 250\u00b0 aniversario de la Independencia en los que se incluir\u00e1 una imagen del presidente Donald Trump<\/strong>, quien se convertir\u00eda en <strong>el primer presidente vivo en aparecer en el documento de viaje.<\/strong><\/p>\n<p class=\"com-paragraph   --s\">El concepto del pasaporte especial, incluida una ilustraci\u00f3n de Trump con una expresi\u00f3n adusta, se hab\u00eda estudiado durante meses antes de que finalmente se aprobara a \u00faltima hora del lunes. En principio,<strong> los pasaportes estar\u00e1n disponibles \u00fanicamente para solicitantes en la oficina de pasaportes de Washington, D.C., y se realizar\u00e1 a pedido<\/strong>. Los solicitantes que no quieran el pasaporte conmemorativo podr\u00e1n elegir uno est\u00e1ndar, indicaron funcionarios.<\/p>\n<div class=\"content-media\">\n<section role=\"button\" class=\"mod-media   \">\n<figure role=\"button\" tabindex=\"0\" class=\"mod-figure \"><figcaption class=\"mod-figcaption\"><span class=\"com-text --caption --twoxs\">El cambio de nombre del centro de las artes en Washington que ahora se llama \u00abDonald Trump y John F. Kennedy\u00bb<\/span><span class=\"com-text --credit --twoxs\">JIM WATSON &#8211; AFP<\/span><\/figcaption><\/figure>\n<\/section>\n<\/div>\n<p class=\"com-paragraph   --s\">\u201cPara celebrar que Estados Unidos conmemora el 250\u00b0 aniversario de su independencia en julio, el Departamento de Estado se prepara para emitir un n\u00famero limitado de pasaportes de Estados Unidos con<strong> un dise\u00f1o especial para marcar esta hist\u00f3rica ocasi\u00f3n<\/strong>\u201d, se\u00f1al\u00f3 <strong>Tommy Pigott<\/strong>, vocero del Departamento de Estado. \u201cEstos pasaportes incluir\u00e1n ilustraciones personalizadas e im\u00e1genes mejoradas, al tiempo que mantendr\u00e1n las mismas caracter\u00edsticas de seguridad que hacen del pasaporte de Estados Unidos el documento m\u00e1s seguro del mundo\u201d.<\/p>\n<p class=\"com-paragraph   --s\">Con la excepci\u00f3n de<strong> la incorporaci\u00f3n de la foto de Trump en una p\u00e1gina interior de la libreta del pasaporte<\/strong> -rodeado por el texto de la Declaraci\u00f3n de Independencia y la bandera estadounidense-, habr\u00e1 pocos cambios adicionales aparte de la portada, que llevar\u00e1 las palabras <strong>\u201cUnited States of America\u201d<\/strong> en letras doradas en la parte superior y <strong>\u201cPassport\u201d<\/strong> en la parte inferior, una inversi\u00f3n respecto de la portada est\u00e1ndar. Adem\u00e1s, en la parte inferior de la contraportada habr\u00e1 una peque\u00f1a l\u00e1mina dorada con la bandera estadounidense, con el n\u00famero 250 rodeado de estrellas.<\/p>\n<p class=\"com-paragraph   --s\">Los \u00fanicos presidentes que aparecen en los pasaportes actuales de Estados Unidos est\u00e1n en una representaci\u00f3n a doble p\u00e1gina del Monte Rushmore en Dakota del Sur: <strong>George Washington, Thomas Jefferson, Theodore Roosevelt y Abraham Lincoln.<\/strong><\/p>\n<p class=\"com-paragraph   --s\">Otras representaciones incluyen <strong>la Estatua de la Libertad, la Campana de la Libertad y el Sal\u00f3n de la Independencia en Filadelfia, as\u00ed como escenas de las Grandes Llanuras, monta\u00f1as e islas<\/strong>. Los pasaportes actuales tambi\u00e9n contienen <strong>citas de Martin Luther King Jr.<\/strong>, as\u00ed como de los presidentes <strong>Washington, Jefferson, Roosevelt, John F. Kennedy y Dwight Eisenhower.<\/strong><\/p>\n<p class=\"com-paragraph   --s\">La cuesti\u00f3n iconogr\u00e1fica de ensalzar la figura de Trump tiene larga historia.<\/p>\n<p class=\"com-paragraph   --s\">En octubre, funcionarios del gobierno propusieron acu\u00f1ar una moneda de un d\u00f3lar con su imagen, tambi\u00e9n para conmemorar el aniversario de la fundaci\u00f3n de Estados Unidos. Seg\u00fan las im\u00e1genes preliminares, cuya autenticidad fue confirmada por el Tesorero de Estados Unidos, <strong>Brandon Beach<\/strong>, una cara de la moneda mostrar\u00eda el perfil de Trump, junto con las palabras <strong>\u201cFreedom\u201d<\/strong>, <strong>\u201cIn God we trust\u201d<\/strong> y <strong>\u201c1776-2026\u201d<\/strong>. La otra cara mostrar\u00eda a Trump de pie con el pu\u00f1o derecho cerrado frente a una bandera estadounidense y las palabras <strong>\u201cFight, Fight, Fight\u201d<\/strong>, en referencia a su eslogan tras el intento de asesinato en 2024 durante un mitin de campa\u00f1a en Butler, Pensilvania.<\/p>\n<p class=\"com-paragraph   --s\">El rostro de Trump tambi\u00e9n aparece junto al de George Washington en algunos<strong> pases para parques nacionales de 2026<\/strong>, que suelen incluir fotograf\u00edas de naturaleza que destacan uno de los parques. Se ha advertido a los titulares de pases que <strong>cubrir el rostro de Trump con pegatinas o alterarlo de cualquier manera podr\u00eda invalidar sus pases<\/strong>.<\/p>\n<p class=\"com-paragraph   --s\">En diciembre, los miembros de la junta directiva del <strong>Kennedy Center, nombrados por Trump, votaron a favor de cambiar el nombre del centro de artes esc\u00e9nicas para incluir el nombre de Trump<\/strong>. En menos de un d\u00eda, este ya figuraba en el edificio. Ese mismo mes, la administraci\u00f3n tambi\u00e9n renombr\u00f3 el Instituto de la Paz de Estados Unidos como <strong>\u201cInstituto de la Paz Donald J. Trump\u201d.<\/strong><\/p>\n<p class=\"com-paragraph   --s\">En febrero, una gran pancarta con el rostro de Trump y las palabras<strong> \u201cHagamos que Estados Unidos sea seguro de nuevo\u201d <\/strong>fue colgada en la fachada de la sede del Departamento de Justicia en Washington.<\/p>\n<p class=\"com-paragraph   --s\"><strong>Agencia AP y <\/strong><em><strong>The Washington Post<\/strong><\/em><\/p>\n<section class=\"container-center-100 mb-40 border border-bottom border-thin border-neutral-light-700\">\n<hr\/>\n<\/section>\n<\/div>\n<p><script id=\"facebookpixel\" defer=\"\" type=\"text\/javascript\">\n        !function(f,b,e,v,n,t,s)\n        {if(f.fbq)return;n=f.fbq=function(){n.callMethod?\n        n.callMethod.apply(n,arguments):n.queue.push(arguments)};\n        if(!f._fbq)f._fbq=n;n.push=n;n.loaded=!0;n.version='2.0';\n        n.queue=[];t=b.createElement(e);t.async=!0;\n        t.src=v;s=b.getElementsByTagName(e)[0];\n        s.parentNode.insertBefore(t,s)}(window, document,'script',\n        'https:\/\/connect.facebook.net\/en_US\/fbevents.js');\n        fbq('init', '492459597522335');\n        fbq('track', 'PageView');\n    <\/script><br \/>\n<br \/><\/p>\n","protected":false},"excerpt":{"rendered":"<p>WASHINGTON.\u2013 El Departamento de Estado de Estados Unidos inform\u00f3 que ya prepara una emisi\u00f3n limitada de pasaportes conmemorativos para celebrar el 250\u00b0 aniversario de la Independencia en los que se incluir\u00e1 una imagen del presidente Donald Trump, quien se convertir\u00eda en el primer presidente vivo en aparecer en el documento de viaje. El concepto del [&hellip;]<\/p>\n","protected":false},"author":2,"featured_media":234395,"comment_status":"closed","ping_status":"closed","sticky":false,"template":"","format":"standard","meta":{"footnotes":""},"categories":[1],"tags":[],"class_list":["post-234394","post","type-post","status-publish","format-standard","has-post-thumbnail","hentry","category-uncategorized"],"_links":{"self":[{"href":"https:\/\/radioacuariofm.com.ar\/index.php?rest_route=\/wp\/v2\/posts\/234394","targetHints":{"allow":["GET"]}}],"collection":[{"href":"https:\/\/radioacuariofm.com.ar\/index.php?rest_route=\/wp\/v2\/posts"}],"about":[{"href":"https:\/\/radioacuariofm.com.ar\/index.php?rest_route=\/wp\/v2\/types\/post"}],"author":[{"embeddable":true,"href":"https:\/\/radioacuariofm.com.ar\/index.php?rest_route=\/wp\/v2\/users\/2"}],"replies":[{"embeddable":true,"href":"https:\/\/radioacuariofm.com.ar\/index.php?rest_route=%2Fwp%2Fv2%2Fcomments&post=234394"}],"version-history":[{"count":1,"href":"https:\/\/radioacuariofm.com.ar\/index.php?rest_route=\/wp\/v2\/posts\/234394\/revisions"}],"predecessor-version":[{"id":234396,"href":"https:\/\/radioacuariofm.com.ar\/index.php?rest_route=\/wp\/v2\/posts\/234394\/revisions\/234396"}],"wp:featuredmedia":[{"embeddable":true,"href":"https:\/\/radioacuariofm.com.ar\/index.php?rest_route=\/wp\/v2\/media\/234395"}],"wp:attachment":[{"href":"https:\/\/radioacuariofm.com.ar\/index.php?rest_route=%2Fwp%2Fv2%2Fmedia&parent=234394"}],"wp:term":[{"taxonomy":"category","embeddable":true,"href":"https:\/\/radioacuariofm.com.ar\/index.php?rest_route=%2Fwp%2Fv2%2Fcategories&post=234394"},{"taxonomy":"post_tag","embeddable":true,"href":"https:\/\/radioacuariofm.com.ar\/index.php?rest_route=%2Fwp%2Fv2%2Ftags&post=234394"}],"curies":[{"name":"wp","href":"https:\/\/api.w.org\/{rel}","templated":true}]}}