{"id":234388,"date":"2026-04-28T23:59:51","date_gmt":"2026-04-29T02:59:51","guid":{"rendered":"https:\/\/radioacuariofm.com.ar\/?p=234388"},"modified":"2026-04-28T23:59:53","modified_gmt":"2026-04-29T02:59:53","slug":"un-tornado-de-fuego-causo-panico-en-espana-durante-el-incendio-de-una-planta-de-residuos","status":"publish","type":"post","link":"https:\/\/radioacuariofm.com.ar\/?p=234388","title":{"rendered":"Un tornado de fuego caus\u00f3 p\u00e1nico en Espa\u00f1a durante el incendio de una planta de residuos"},"content":{"rendered":"<p> <br \/>\n<\/p>\n<div>\n<p class=\"com-paragraph  --capital --s\">Un <strong>tornado de fuego <\/strong>se form\u00f3 durante un <strong>incendio <\/strong>en una planta de residuos en el municipio de Onda, provincia de Castell\u00f3n, <strong>Espa\u00f1a<\/strong>. El fen\u00f3meno se produjo en medio de un foco \u00edgneo de gran intensidad que oblig\u00f3 a desplegar un amplio operativo y a evacuar viviendas cercanas de manera preventiva. <\/p>\n<p class=\"com-paragraph   --s\">El impactante video fue difundido por los bomberos del consorcio provincial de Castell\u00f3n y enseguida se viraliz\u00f3 en redes sociales. En las im\u00e1genes se observa una gran columna de fuego con forma de tornado y llamas esparcidas por el suelo. Adem\u00e1s, se alcanza a ver a un bombero que intenta combatir el incendio.<\/p>\n<p class=\"com-paragraph   --s\">El incendio tuvo lugar en un complejo en el que funciona una planta de residuos gestionada por la entidad p\u00fablica Reciplasa. El fuego afect\u00f3 material de reciclaje y la maquinaria que hab\u00eda en el lugar. Como consecuencia, se gener\u00f3 una <strong>columna de humo visible desde distintas localidades<\/strong>, seg\u00fan consign\u00f3 el medio local <a href=\"https:\/\/www.elperiodicomediterraneo.com\/caso-abierto\/sucesos-en-castellon\/2026\/04\/26\/nuevo-incendio-gran-columna-humo-129549717.html\" target=\"_blank\" title=\"https:\/\/www.elperiodicomediterraneo.com\/caso-abierto\/sucesos-en-castellon\/2026\/04\/26\/nuevo-incendio-gran-columna-humo-129549717.html\" class=\"com-link break-word\" data-mrf-recirculation=\"n_link_parrafo\" rel=\"nofollow\"><em>Mediterr\u00e1neo<\/em><\/a>.<\/p>\n<div class=\"content-media cursor-pointer container-center-100\">\n<section class=\"media-container relative ratio-16-9 mod-media pb-32\">\n<figure class=\"mod-video\">\n<div class=\"video-player bg-black ratio-16-9\" data-has-jwplayer=\"true\" data-video-id-jw=\"oLx6IvUE\" data-config=\"{&quot;title&quot;:&quot;Se produjo un tornado de fuego tras un incendio &quot;,&quot;mediaId&quot;:&quot;oLx6IvUE&quot;,&quot;playerId&quot;:&quot;ih0086X3&quot;,&quot;playlist&quot;:[{&quot;mediaid&quot;:&quot;oLx6IvUE&quot;,&quot;sources&quot;:[{&quot;file&quot;:&quot;https:\/\/cdn.jwplayer.com\/manifests\/oLx6IvUE.m3u8&quot;,&quot;type&quot;:&quot;application\/vnd.apple.mpegurl&quot;},{&quot;bitrate&quot;:424042,&quot;file&quot;:&quot;https:\/\/cdn.jwplayer.com\/videos\/oLx6IvUE-kTExGaWf.mp4&quot;,&quot;filesize&quot;:477048,&quot;framerate&quot;:60,&quot;height&quot;:320,&quot;label&quot;:&quot;180p&quot;,&quot;type&quot;:&quot;video\/mp4&quot;,&quot;width&quot;:180},{&quot;bitrate&quot;:698307,&quot;file&quot;:&quot;https:\/\/cdn.jwplayer.com\/videos\/oLx6IvUE-K8B0kybS.mp4&quot;,&quot;filesize&quot;:785596,&quot;framerate&quot;:60,&quot;height&quot;:480,&quot;label&quot;:&quot;270p&quot;,&quot;type&quot;:&quot;video\/mp4&quot;,&quot;width&quot;:270},{&quot;bitrate&quot;:2212759,&quot;file&quot;:&quot;https:\/\/cdn.jwplayer.com\/videos\/oLx6IvUE-46NIuRKO.mp4&quot;,&quot;filesize&quot;:2489354,&quot;framerate&quot;:60,&quot;height&quot;:1280,&quot;label&quot;:&quot;720p&quot;,&quot;type&quot;:&quot;video\/mp4&quot;,&quot;width&quot;:720},{&quot;bitrate&quot;:124198,&quot;file&quot;:&quot;https:\/\/cdn.jwplayer.com\/videos\/oLx6IvUE-hz5z2Tv4.m4a&quot;,&quot;filesize&quot;:139723,&quot;label&quot;:&quot;AAC Audio&quot;,&quot;type&quot;:&quot;audio\/mp4&quot;},{&quot;bitrate&quot;:820063,&quot;file&quot;:&quot;https:\/\/cdn.jwplayer.com\/videos\/oLx6IvUE-FnZGUVnC.mp4&quot;,&quot;filesize&quot;:922571,&quot;framerate&quot;:60,&quot;height&quot;:640,&quot;label&quot;:&quot;360p&quot;,&quot;type&quot;:&quot;video\/mp4&quot;,&quot;width&quot;:360},{&quot;bitrate&quot;:1435971,&quot;file&quot;:&quot;https:\/\/cdn.jwplayer.com\/videos\/oLx6IvUE-0G6Pwvlw.mp4&quot;,&quot;filesize&quot;:1615468,&quot;framerate&quot;:60,&quot;height&quot;:960,&quot;label&quot;:&quot;540p&quot;,&quot;type&quot;:&quot;video\/mp4&quot;,&quot;width&quot;:540}]}],&quot;hasAutoplay&quot;:false,&quot;autostart&quot;:true,&quot;tagsUrl&quot;:&quot;https:\/\/pubads.g.doubleclick.net\/gampad\/ads?slotname=\/133919216\/la_nacion_video\/nota\/preroll&amp;sz=640x480|400x300&amp;ciu_szs=300x250&amp;unviewed_position_start=1&amp;output=vast&amp;impl=s&amp;env=vp&amp;gdfp_req=1&amp;ad_rule=0&amp;vad_type=linear&amp;vpos=preroll&amp;cust_params=tags_nuevos%3Dte_espana%2Cca_el_mundo%2C%2CR22KS6TCRZA3RIWSLOUFTFKZ2A&amp;pod=3&amp;ppos=1&amp;lip=true&amp;min_ad_duration=0&amp;max_ad_duration=30000&amp;vrid=6256&amp;url=https%3A%2F%2Fwww.lanacion.com.ar%2Fel-mundo%2Fun-tornado-de-fuego-causo-panico-en-espana-durante-el-incendio-de-una-planta-de-residuos-nid28042026%2F%3Futm_medium%3DEchobox%26utm_source%3DFacebook%26fbclid%3DIwZXh0bgNhZW0CMTEAc3J0YwZhcHBfaWQMMzUwNjg1NTMxNzI4AAEe0CBEHMeHQsXWGJgWmJTq8bnqHLdyrNsruaDA9skbf5WAEUL6s_I9YFS2lD4_aem_rSXwlkATMCIZVxf9BUbMTw%26variant%3DA%26utm_term%3DAutofeed&amp;description_url=https%3A%2F%2Fwww.lanacion.com.ar%2Fel-mundo%2Fun-tornado-de-fuego-causo-panico-en-espana-durante-el-incendio-de-una-planta-de-residuos-nid28042026%2F%3Futm_medium%3DEchobox%26utm_source%3DFacebook%26fbclid%3DIwZXh0bgNhZW0CMTEAc3J0YwZhcHBfaWQMMzUwNjg1NTMxNzI4AAEe0CBEHMeHQsXWGJgWmJTq8bnqHLdyrNsruaDA9skbf5WAEUL6s_I9YFS2lD4_aem_rSXwlkATMCIZVxf9BUbMTw%26variant%3DA%26utm_term%3DAutofeed&amp;video_doc_id=short_onecue&amp;cmsid=496&amp;kfa=0&amp;tfcd=0&amp;correlator=1777430849565&quot;,&quot;arcSite&quot;:&quot;la-nacion-ar&quot;,&quot;duration&quot;:&quot;9000&quot;}\">\n<div id=\"facade-oLx6IvUE\" class=\"content-facade-jw relative bg-black ratio-16-9\"><picture><source media=\"(max-width: 767px)\" srcset=\"https:\/\/resizer.glanacion.com\/resizer\/v2\/https%3A%2F%2Fcdn.jwplayer.com%2Fv2%2Fmedia%2FoLx6IvUE%2Fposter.jpg%3Fwidth%3D720?auth=d0ac3814e070ec9b06786d385665d09dc030e5db86facdfdeac99830cf4f81bc&amp;width=480&amp;quality=70&amp;smart=false\"\/><\/picture><\/div>\n<\/div><figcaption class=\"border border-1 border-bottom border-light-300 relative px-16 py-8 min-h-36 w-100_md px-0_l mb-8 bg-white\"><span class=\"text ln-text text-16 block\">Se produjo un tornado de fuego tras un incendio <\/span><\/figcaption><\/figure>\n<\/section>\n<\/div>\n<p class=\"com-paragraph   --s\">En el lugar trabajaron <strong>diez dotaciones de bomberos<\/strong> de distintos parques, junto con unidades de mando y refuerzos forestales. Adem\u00e1s, equipos especializados vigilaron los alrededores para <strong>evitar que las llamas avanzaran hacia zonas forestales<\/strong> o instalaciones sensibles.<\/p>\n<p class=\"com-paragraph   --s\">El impacto del incendio se concentr\u00f3 en los galpones de la planta, que habr\u00edan quedado en estado cr\u00edtico. Ante la situaci\u00f3n, el Ayuntamiento de Onda activ\u00f3 un <strong>Centro de Coordinaci\u00f3n Operativa Local<\/strong> para organizar la respuesta de los distintos organismos, consign\u00f3 <a href=\"https:\/\/www.telecinco.es\/noticias\/valencia\/20260428\/tornado-fuego-fenomeno-grandes-incendios-california-castellon_18_019006923.html\" target=\"_blank\" title=\"https:\/\/www.telecinco.es\/noticias\/valencia\/20260428\/tornado-fuego-fenomeno-grandes-incendios-california-castellon_18_019006923.html\" class=\"com-link break-word\" data-mrf-recirculation=\"n_link_parrafo\" rel=\"nofollow\"><em>Telecinco<\/em><\/a>.<\/p>\n<p class=\"com-paragraph   --s\">Por la presencia de humo, se dispuso el <strong>desalojo preventivo de viviendas <\/strong>y se recomend\u00f3 a la poblaci\u00f3n limitar la exposici\u00f3n al aire libre y mantener cerradas puertas y ventanas.<\/p>\n<div class=\"content-media\">\n<section role=\"button\" class=\"mod-media   \">\n<figure role=\"button\" tabindex=\"0\" class=\"mod-figure \"><figcaption class=\"mod-figcaption\"><span class=\"com-text --caption --twoxs\">En el mismo predio ya se hab\u00edan registrado otros incendios previamente<\/span><span class=\"com-text --credit --twoxs\">Peri\u00f3dico Mediterr\u00e1neo<\/span><\/figcaption><\/figure>\n<\/section>\n<\/div>\n<p class=\"com-paragraph   --s\"><strong>El fuego qued\u00f3 controlado <\/strong>horas m\u00e1s tarde <strong>sin que se registraran heridos. Al momento del incendio, la<\/strong> planta se encontraba cerrada. Mediciones posteriores determinaron que la <strong>calidad del aire <\/strong>no presentaba contaminantes.<\/p>\n<p class=\"com-paragraph   --s\"><strong>El predio afectado ya hab\u00eda sufrido incendios <\/strong>en otras oportunidades. El \u00faltimo fue en septiembre de 2024. En esa ocasi\u00f3n, para lograr controlar las llamas fue necesario un operativo que dur\u00f3 toda una noche. Esa vez, el fuego inici\u00f3 en una zona en la que hab\u00eda desechos como muebles y electrodom\u00e9sticos. <\/p>\n<section class=\"container-center-100 mb-40 border border-bottom border-thin border-neutral-light-700\">\n<hr\/>\n<\/section>\n<\/div>\n<p><script id=\"facebookpixel\" defer=\"\" type=\"text\/javascript\">\n        !function(f,b,e,v,n,t,s)\n        {if(f.fbq)return;n=f.fbq=function(){n.callMethod?\n        n.callMethod.apply(n,arguments):n.queue.push(arguments)};\n        if(!f._fbq)f._fbq=n;n.push=n;n.loaded=!0;n.version='2.0';\n        n.queue=[];t=b.createElement(e);t.async=!0;\n        t.src=v;s=b.getElementsByTagName(e)[0];\n        s.parentNode.insertBefore(t,s)}(window, document,'script',\n        'https:\/\/connect.facebook.net\/en_US\/fbevents.js');\n        fbq('init', '492459597522335');\n        fbq('track', 'PageView');\n    <\/script><br \/>\n<br \/><\/p>\n","protected":false},"excerpt":{"rendered":"<p>Un tornado de fuego se form\u00f3 durante un incendio en una planta de residuos en el municipio de Onda, provincia de Castell\u00f3n, Espa\u00f1a. El fen\u00f3meno se produjo en medio de un foco \u00edgneo de gran intensidad que oblig\u00f3 a desplegar un amplio operativo y a evacuar viviendas cercanas de manera preventiva. El impactante video fue [&hellip;]<\/p>\n","protected":false},"author":2,"featured_media":234389,"comment_status":"closed","ping_status":"closed","sticky":false,"template":"","format":"standard","meta":{"footnotes":""},"categories":[1],"tags":[],"class_list":["post-234388","post","type-post","status-publish","format-standard","has-post-thumbnail","hentry","category-uncategorized"],"_links":{"self":[{"href":"https:\/\/radioacuariofm.com.ar\/index.php?rest_route=\/wp\/v2\/posts\/234388","targetHints":{"allow":["GET"]}}],"collection":[{"href":"https:\/\/radioacuariofm.com.ar\/index.php?rest_route=\/wp\/v2\/posts"}],"about":[{"href":"https:\/\/radioacuariofm.com.ar\/index.php?rest_route=\/wp\/v2\/types\/post"}],"author":[{"embeddable":true,"href":"https:\/\/radioacuariofm.com.ar\/index.php?rest_route=\/wp\/v2\/users\/2"}],"replies":[{"embeddable":true,"href":"https:\/\/radioacuariofm.com.ar\/index.php?rest_route=%2Fwp%2Fv2%2Fcomments&post=234388"}],"version-history":[{"count":1,"href":"https:\/\/radioacuariofm.com.ar\/index.php?rest_route=\/wp\/v2\/posts\/234388\/revisions"}],"predecessor-version":[{"id":234390,"href":"https:\/\/radioacuariofm.com.ar\/index.php?rest_route=\/wp\/v2\/posts\/234388\/revisions\/234390"}],"wp:featuredmedia":[{"embeddable":true,"href":"https:\/\/radioacuariofm.com.ar\/index.php?rest_route=\/wp\/v2\/media\/234389"}],"wp:attachment":[{"href":"https:\/\/radioacuariofm.com.ar\/index.php?rest_route=%2Fwp%2Fv2%2Fmedia&parent=234388"}],"wp:term":[{"taxonomy":"category","embeddable":true,"href":"https:\/\/radioacuariofm.com.ar\/index.php?rest_route=%2Fwp%2Fv2%2Fcategories&post=234388"},{"taxonomy":"post_tag","embeddable":true,"href":"https:\/\/radioacuariofm.com.ar\/index.php?rest_route=%2Fwp%2Fv2%2Ftags&post=234388"}],"curies":[{"name":"wp","href":"https:\/\/api.w.org\/{rel}","templated":true}]}}