{"id":234376,"date":"2026-04-28T20:54:23","date_gmt":"2026-04-28T23:54:23","guid":{"rendered":"https:\/\/radioacuariofm.com.ar\/?p=234376"},"modified":"2026-04-28T20:54:24","modified_gmt":"2026-04-28T23:54:24","slug":"abuchearon-a-ariel-sbdar-ceo-de-cocos-capital-durante-una-charla","status":"publish","type":"post","link":"https:\/\/radioacuariofm.com.ar\/?p=234376","title":{"rendered":"Abuchearon a Ariel Sbdar, CEO de Cocos Capital, durante una charla"},"content":{"rendered":"<p><\/p>\n<div>\n<p class=\"com-paragraph   --s\"><a href=\"https:\/\/www.lanacion.com.ar\/economia\/negocios\/ceos-influencers-el-fin-del-bajo-perfil-y-la-era-del-liderazgo-sin-filtro-nid04032026\/\" target=\"_self\" title=\"https:\/\/www.lanacion.com.ar\/economia\/negocios\/ceos-influencers-el-fin-del-bajo-perfil-y-la-era-del-liderazgo-sin-filtro-nid04032026\/\" class=\"com-link break-word\" data-mrf-recirculation=\"n_link_parrafo\"><strong>Ariel Sbdar<\/strong><\/a>, el CEO de Cocos Capital, una plataforma de inversiones y finanzas argentina, fue silbado y abucheado en el Movistar Arena durante su exposici\u00f3n en <strong>Experiencia Endeavor Sub20<\/strong>, un evento para estudiantes de los \u00faltimos a\u00f1os del secundario.<\/p>\n<p class=\"com-paragraph   --s\">El referente de la fintech intentaba iniciar una charla sobre educaci\u00f3n financiera cuando el p\u00fablico lo recibi\u00f3 con silbidos y cantos de \u201cla patria no se vende\u201d.<\/p>\n<p class=\"com-paragraph   --s\">\u201cA bueno, se ve que tengo fan\u00e1ticos\u201d, ironiz\u00f3 en el escenario, y luego agreg\u00f3: <strong>\u201c\u00bfPor qu\u00e9 me dicen vendepatria?\u201d.<\/strong><\/p>\n<div class=\"content-media cursor-pointer container-center-100\">\n<section class=\"media-container relative ratio-16-9 mod-media pb-32\">\n<figure class=\"mod-video\">\n<div class=\"video-player bg-black ratio-16-9\" data-has-jwplayer=\"true\" data-video-id-jw=\"zf0wRAbe\" data-config=\"{&quot;title&quot;:&quot;Abuchearon al CEO de Cocos Capital&quot;,&quot;mediaId&quot;:&quot;zf0wRAbe&quot;,&quot;playerId&quot;:&quot;ih0086X3&quot;,&quot;playlist&quot;:[{&quot;mediaid&quot;:&quot;zf0wRAbe&quot;,&quot;sources&quot;:[{&quot;file&quot;:&quot;https:\/\/cdn.jwplayer.com\/manifests\/zf0wRAbe.m3u8&quot;,&quot;type&quot;:&quot;application\/vnd.apple.mpegurl&quot;},{&quot;bitrate&quot;:245572,&quot;file&quot;:&quot;https:\/\/cdn.jwplayer.com\/videos\/zf0wRAbe-kTExGaWf.mp4&quot;,&quot;filesize&quot;:2762689,&quot;framerate&quot;:60,&quot;height&quot;:180,&quot;label&quot;:&quot;180p&quot;,&quot;type&quot;:&quot;video\/mp4&quot;,&quot;width&quot;:320},{&quot;bitrate&quot;:350761,&quot;file&quot;:&quot;https:\/\/cdn.jwplayer.com\/videos\/zf0wRAbe-K8B0kybS.mp4&quot;,&quot;filesize&quot;:3946069,&quot;framerate&quot;:60,&quot;height&quot;:270,&quot;label&quot;:&quot;270p&quot;,&quot;type&quot;:&quot;video\/mp4&quot;,&quot;width&quot;:480},{&quot;bitrate&quot;:113686,&quot;file&quot;:&quot;https:\/\/cdn.jwplayer.com\/videos\/zf0wRAbe-hz5z2Tv4.m4a&quot;,&quot;filesize&quot;:1278971,&quot;label&quot;:&quot;AAC Audio&quot;,&quot;type&quot;:&quot;audio\/mp4&quot;},{&quot;bitrate&quot;:428237,&quot;file&quot;:&quot;https:\/\/cdn.jwplayer.com\/videos\/zf0wRAbe-FnZGUVnC.mp4&quot;,&quot;filesize&quot;:4817674,&quot;framerate&quot;:60,&quot;height&quot;:362,&quot;label&quot;:&quot;360p&quot;,&quot;type&quot;:&quot;video\/mp4&quot;,&quot;width&quot;:640},{&quot;bitrate&quot;:655361,&quot;file&quot;:&quot;https:\/\/cdn.jwplayer.com\/videos\/zf0wRAbe-0G6Pwvlw.mp4&quot;,&quot;filesize&quot;:7372813,&quot;framerate&quot;:60,&quot;height&quot;:542,&quot;label&quot;:&quot;540p&quot;,&quot;type&quot;:&quot;video\/mp4&quot;,&quot;width&quot;:960}]}],&quot;hasAutoplay&quot;:false,&quot;autostart&quot;:true,&quot;tagsUrl&quot;:&quot;https:\/\/pubads.g.doubleclick.net\/gampad\/ads?slotname=\/133919216\/la_nacion_video\/nota\/preroll&amp;sz=640x480|400x300&amp;ciu_szs=300x250&amp;unviewed_position_start=1&amp;output=vast&amp;impl=s&amp;env=vp&amp;gdfp_req=1&amp;ad_rule=0&amp;vad_type=linear&amp;vpos=preroll&amp;cust_params=tags_nuevos%3Dte_cultura_digital%2Cte_redes_sociales%2Cte_criptomonedas%2Cte_inversiones%2Cte_educacion%2Cca_economia%2C%2CAJQN6MMB5BEMNCDHL5XQKP6RAA&amp;pod=3&amp;ppos=1&amp;lip=true&amp;min_ad_duration=0&amp;max_ad_duration=30000&amp;vrid=6256&amp;url=https%3A%2F%2Fwww.lanacion.com.ar%2Feconomia%2Fabuchearon-al-ceo-de-cocos-capital-que-debio-abandonar-una-charla-nid28042026%2F%3Fvariant%3DA&amp;description_url=https%3A%2F%2Fwww.lanacion.com.ar%2Feconomia%2Fabuchearon-al-ceo-de-cocos-capital-que-debio-abandonar-una-charla-nid28042026%2F%3Fvariant%3DA&amp;video_doc_id=short_onecue&amp;cmsid=496&amp;kfa=0&amp;tfcd=0&amp;correlator=1777420463085&quot;,&quot;arcSite&quot;:&quot;la-nacion-ar&quot;,&quot;duration&quot;:&quot;90000&quot;}\">\n<div id=\"facade-zf0wRAbe\" class=\"content-facade-jw relative bg-black ratio-16-9\"><picture><source media=\"(max-width: 767px)\" srcset=\"https:\/\/resizer.glanacion.com\/resizer\/v2\/https%3A%2F%2Fcdn.jwplayer.com%2Fv2%2Fmedia%2Fzf0wRAbe%2Fposter.jpg%3Fwidth%3D720?auth=b48f8fdb007133335f967e80fcb11439e024da54bdc805f514ef3101e785d209&amp;width=480&amp;quality=70&amp;smart=false\"\/><\/picture><\/div>\n<\/div><figcaption class=\"border border-1 border-bottom border-light-300 relative px-16 py-8 min-h-36 w-100_md px-0_l mb-8 bg-white\"><span class=\"text ln-text text-16 block\">Abuchearon al CEO de Cocos Capital<\/span><\/figcaption><\/figure>\n<\/section>\n<\/div>\n<p class=\"com-paragraph   --s\">A su vez, hubo un comentario en relaci\u00f3n al esc\u00e1ndalo de $LIBRA: Sbdar, que public\u00f3 <em>tuits <\/em>sobre el tema cuando se lanz\u00f3 el <em>token, <\/em>respondi\u00f3: \u201cYo no tengo nada que ver con eso\u201d. Los conductores del evento intentaron calmar la situaci\u00f3n, pero el malestar continu\u00f3. <strong>Sbdar cerr\u00f3 su computadora y se limit\u00f3 a hablar cinco minutos. \u201cEs un garr\u00f3n hacer la presentaci\u00f3n con esto\u201d, dijo<\/strong>. <\/p>\n<p class=\"com-paragraph   --s\">Tras el episodio, Sbdar utiliz\u00f3 sus redes sociales para realizar un descargo y expresar su desconcierto. <strong>\u201cMe parece una pena que estemos tratando de llevar la grieta a todos lados.<\/strong> Estamos m\u00e1s concentrados en eso en vez de avanzar como pa\u00eds. Vamos a subir la charla para todos los que realmente les interesa porque nuestro compromiso es con la educaci\u00f3n financiera\u201d.<\/p>\n<p class=\"com-paragraph   --s\">\u00ab<strong>Taparon gran parte de lo que ten\u00eda para decir<\/strong> sobre inteligencia artificial e inversiones, sobre c\u00f3mo armar compa\u00f1\u00edas en la Argentina. Es una pena que estemos llevando la grieta a todos lados\u201d, lament\u00f3 el emprendedor. <\/p>\n<p class=\"com-paragraph   --s\">Luego tambi\u00e9n insisti\u00f3: \u201cNo pude dar la charla, y eso es una oportunidad que se pierde para muchos j\u00f3venes que estaban ah\u00ed con ganas de aprender y participar. Me escribieron varios que se quedaron con esa expectativa. Esto no cambia lo importante. Al contrario, refuerza una convicci\u00f3n: hacen falta m\u00e1s espacios donde se pueda aprender y compartir conocimiento. Nuestro compromiso es con la educaci\u00f3n financiera y con generar oportunidades. Y voy a seguir yendo a hablar con j\u00f3venes, porque estoy convencido de que ese es el camino\u201d.<\/p>\n<p class=\"com-paragraph   --s\">El CEO de Cocos enfrent\u00f3 duras cr\u00edticas en febrero de 2025 debido a la promoci\u00f3n del <em><strong>token <\/strong><\/em><strong>$LIBRA<\/strong> a trav\u00e9s de sus redes sociales. El desplome de este activo, promocionado por el propio Presidente, gener\u00f3 p\u00e9rdidas y el inicio de una investigaci\u00f3n judicial.<\/p>\n<div class=\"content-media\">\n<section role=\"button\" class=\"mod-media   \">\n<figure role=\"button\" tabindex=\"0\" class=\"mod-figure \"><figcaption class=\"mod-figcaption\"><span class=\"com-text --caption --twoxs\">Ariel Sbdar, Cocos Capital<\/span><\/figcaption><\/figure>\n<\/section>\n<\/div>\n<p class=\"com-paragraph   --s\">En aquel entonces,<strong> Sbdar celebr\u00f3 con euforia el lanzamiento del activo.<\/strong> \u201cMe vuelvo completamente loco\u201d, poste\u00f3 al ver que el <em>token <\/em>sub\u00eda un <strong>1300%<\/strong> en apenas media hora desde su lanzamiento.<\/p>\n<p class=\"com-paragraph   --s\"><strong>\u201c\u00bfEntienden que el $LIBRA de Milei ya vale m\u00e1s que much\u00edsimas compa\u00f1\u00edas argentinas?\u201d<\/strong>, lleg\u00f3 a escribir, proporcionando incluso detalles t\u00e9cnicos sobre c\u00f3mo operar en la red de Solana.<\/p>\n<p class=\"com-paragraph   --s\">Sin embargo,<strong> despu\u00e9s trat\u00f3 de ser m\u00e1s cauteloso<\/strong>. \u201cSi quieren timbear el cripto <em>token <\/em>$LIBRA no hay ning\u00fan problema, procedan. Pero tengan mucho cuidado. Hubo de Trump, de Melania y de varios pa\u00edses africanos estas semanas. En todos los casos los inversores perdieron plata. Ojal\u00e1 este sea diferente\u201d, escribi\u00f3.<\/p>\n<p class=\"com-paragraph   --s\">En X, algunos usuarios criticaron sus primeros posteos por entender que suger\u00eda, aunque no de forma expl\u00edcita, invertir en $LIBRA.<\/p>\n<section class=\"container-center-100 mb-40 border border-bottom border-thin border-neutral-light-700\">\n<hr\/>\n<\/section>\n<\/div>\n<p><script id=\"facebookpixel\" defer=\"\" type=\"text\/javascript\">\n        !function(f,b,e,v,n,t,s)\n        {if(f.fbq)return;n=f.fbq=function(){n.callMethod?\n        n.callMethod.apply(n,arguments):n.queue.push(arguments)};\n        if(!f._fbq)f._fbq=n;n.push=n;n.loaded=!0;n.version='2.0';\n        n.queue=[];t=b.createElement(e);t.async=!0;\n        t.src=v;s=b.getElementsByTagName(e)[0];\n        s.parentNode.insertBefore(t,s)}(window, document,'script',\n        'https:\/\/connect.facebook.net\/en_US\/fbevents.js');\n        fbq('init', '492459597522335');\n        fbq('track', 'PageView');\n    <\/script><\/p>\n","protected":false},"excerpt":{"rendered":"<p>Ariel Sbdar, el CEO de Cocos Capital, una plataforma de inversiones y finanzas argentina, fue silbado y abucheado en el Movistar Arena durante su exposici\u00f3n en Experiencia Endeavor Sub20, un evento para estudiantes de los \u00faltimos a\u00f1os del secundario. El referente de la fintech intentaba iniciar una charla sobre educaci\u00f3n financiera cuando el p\u00fablico lo [&hellip;]<\/p>\n","protected":false},"author":2,"featured_media":234377,"comment_status":"closed","ping_status":"closed","sticky":false,"template":"","format":"standard","meta":{"footnotes":""},"categories":[28],"tags":[],"class_list":["post-234376","post","type-post","status-publish","format-standard","has-post-thumbnail","hentry","category-economia"],"_links":{"self":[{"href":"https:\/\/radioacuariofm.com.ar\/index.php?rest_route=\/wp\/v2\/posts\/234376","targetHints":{"allow":["GET"]}}],"collection":[{"href":"https:\/\/radioacuariofm.com.ar\/index.php?rest_route=\/wp\/v2\/posts"}],"about":[{"href":"https:\/\/radioacuariofm.com.ar\/index.php?rest_route=\/wp\/v2\/types\/post"}],"author":[{"embeddable":true,"href":"https:\/\/radioacuariofm.com.ar\/index.php?rest_route=\/wp\/v2\/users\/2"}],"replies":[{"embeddable":true,"href":"https:\/\/radioacuariofm.com.ar\/index.php?rest_route=%2Fwp%2Fv2%2Fcomments&post=234376"}],"version-history":[{"count":1,"href":"https:\/\/radioacuariofm.com.ar\/index.php?rest_route=\/wp\/v2\/posts\/234376\/revisions"}],"predecessor-version":[{"id":234378,"href":"https:\/\/radioacuariofm.com.ar\/index.php?rest_route=\/wp\/v2\/posts\/234376\/revisions\/234378"}],"wp:featuredmedia":[{"embeddable":true,"href":"https:\/\/radioacuariofm.com.ar\/index.php?rest_route=\/wp\/v2\/media\/234377"}],"wp:attachment":[{"href":"https:\/\/radioacuariofm.com.ar\/index.php?rest_route=%2Fwp%2Fv2%2Fmedia&parent=234376"}],"wp:term":[{"taxonomy":"category","embeddable":true,"href":"https:\/\/radioacuariofm.com.ar\/index.php?rest_route=%2Fwp%2Fv2%2Fcategories&post=234376"},{"taxonomy":"post_tag","embeddable":true,"href":"https:\/\/radioacuariofm.com.ar\/index.php?rest_route=%2Fwp%2Fv2%2Ftags&post=234376"}],"curies":[{"name":"wp","href":"https:\/\/api.w.org\/{rel}","templated":true}]}}