{"id":234370,"date":"2026-04-28T19:53:50","date_gmt":"2026-04-28T22:53:50","guid":{"rendered":"https:\/\/radioacuariofm.com.ar\/?p=234370"},"modified":"2026-04-28T19:53:51","modified_gmt":"2026-04-28T22:53:51","slug":"la-uia-ve-rebote-industrial-en-marzo-pero-alerto-por-el-abastecimiento-de-gas-y-la-morosidad","status":"publish","type":"post","link":"https:\/\/radioacuariofm.com.ar\/?p=234370","title":{"rendered":"La UIA ve rebote industrial en marzo, pero alert\u00f3 por el abastecimiento de gas y la morosidad"},"content":{"rendered":"<p><\/p>\n<div>\n<p class=\"com-paragraph  --capital --s\">La<strong> Uni\u00f3n Industrial Argentina (UIA)<\/strong> anticip\u00f3 este martes un <strong>repunte de la producci\u00f3n fabril en marzo<\/strong>, aunque se\u00f1al\u00f3 que la actividad cerr\u00f3 el primer trimestre con ca\u00edda y que el rebote fue heterog\u00e9neo. En ese marco, la entidad expres\u00f3 su <a href=\"https:\/\/www.lanacion.com.ar\/economia\/por-el-frio-disponen-cortes-de-gas-a-empresas-y-estaciones-de-gnc-para-priorizar-hogares-nid28042026\/\" target=\"_self\" title=\"https:\/\/www.lanacion.com.ar\/economia\/por-el-frio-disponen-cortes-de-gas-a-empresas-y-estaciones-de-gnc-para-priorizar-hogares-nid28042026\/\" class=\"com-link break-word\" data-mrf-recirculation=\"n_link_parrafo\"><strong>\u201cpreocupaci\u00f3n\u201d por el abastecimiento de gas de cara al invierno<\/strong><\/a><strong> y por el aumento de la morosidad en los cr\u00e9ditos<\/strong>, pese a la baja de las tasas de inter\u00e9s.<\/p>\n<p class=\"com-paragraph   --s\">El Centro de Estudios de la UIA (CEU) estim\u00f3 que la industria habr\u00eda mostrado en marzo un crecimiento de <strong>5% mensual sin estacionalidad y de 3,6% interanual<\/strong>, en gran medida explicado por una base de comparaci\u00f3n baja frente al mismo mes del a\u00f1o pasado. Pese a ese repunte, el nivel de actividad contin\u00faa rezagado: <strong>el primer trimestre cerr\u00f3 con una<\/strong> <strong>ca\u00edda de 2,7% interanual<\/strong>, seg\u00fan esas estimaciones, lo que refleja que la recuperaci\u00f3n a\u00fan no logra consolidarse.<\/p>\n<p class=\"com-paragraph   --s\">En ese contexto, febrero hab\u00eda mostrado un desempe\u00f1o d\u00e9bil. Seg\u00fan estimaciones del CEU \u2014basadas en consumo de energ\u00eda el\u00e9ctrica, demanda industrial y consultas a l\u00edderes del sector\u2014, la actividad registr\u00f3 una <strong>ca\u00edda cercana al 3% interanual<\/strong> y se mantuvo pr\u00e1cticamente estable en la comparaci\u00f3n mensual (<strong>-0,8% sin estacionalidad<\/strong>).<\/p>\n<p class=\"com-paragraph   --s\">\u201cEl an\u00e1lisis sectorial evidenci\u00f3 una din\u00e1mica heterog\u00e9nea. Mientras algunos rubros vinculados a la agroindustria y la energ\u00eda mostraron mejoras, otros sectores contin\u00faan afectados por la ca\u00edda de la demanda y el aumento de la competencia importada, entre ellos textiles, maquinaria, materiales para la construcci\u00f3n y bienes de consumo durable\u201d, detall\u00f3 la entidad respecto al desempe\u00f1o de marzo.<\/p>\n<div class=\"content-media\">\n<section role=\"button\" class=\"mod-media   \">\n<figure role=\"button\" tabindex=\"0\" class=\"mod-figure \"><figcaption class=\"mod-figcaption\"><span class=\"com-text --caption --twoxs\">ECONOMIA. Entrevista con el presidente de la UIA, Martin RappallinI<\/span><span class=\"com-text --credit --twoxs\">Soledad Aznarez<\/span><\/figcaption><\/figure>\n<\/section>\n<\/div>\n<p class=\"com-paragraph   --s\">En paralelo, <a href=\"https:\/\/www.lanacion.com.ar\/economia\/por-el-frio-disponen-cortes-de-gas-a-empresas-y-estaciones-de-gnc-para-priorizar-hogares-nid28042026\/\" target=\"_self\" title=\"https:\/\/www.lanacion.com.ar\/economia\/por-el-frio-disponen-cortes-de-gas-a-empresas-y-estaciones-de-gnc-para-priorizar-hogares-nid28042026\/\" class=\"com-link break-word\" data-mrf-recirculation=\"n_link_parrafo\">la UIA puso el foco en el abastecimiento energ\u00e9tico de cara al invierno<\/a>. En ese sentido, advirti\u00f3 sobre la necesidad de <strong>\u201cgarantizar previsibilidad en el suministro energ\u00e9tico\u201d<\/strong> y alert\u00f3 por el impacto que podr\u00eda tener el gas natural licuado (GNL) en los costos industriales. Seg\u00fan se\u00f1alaron los dirigentes, el contexto internacional, atravesado por tensiones geopol\u00edticas, <strong>\u201cincrementa la volatilidad de los precios energ\u00e9ticos y complejiza las condiciones de abastecimiento\u201d<\/strong>.<\/p>\n<p class=\"com-paragraph   --s\">El planteo se da en momentos en que el Gobierno defini\u00f3 mantener por un a\u00f1o m\u00e1s el control de las importaciones de GNL en invierno, en busca de un mayor margen para moderar el traslado del salto de los precios internacionales \u2014impulsado por la guerra en Medio Oriente\u2014 al sistema y a las facturas finales de los usuarios.<\/p>\n<p class=\"com-paragraph   --s\"><strong>En la industria remarcan la importancia de contar con condiciones previsibles tanto en la disponibilidad del gas como en los costos asociados al combustible importado.<\/strong> En ese marco, la UIA plante\u00f3 la necesidad de evaluar medidas transitorias que permitan atenuar ese impacto y sostener los niveles de producci\u00f3n.<\/p>\n<p class=\"com-paragraph   --s\"><a href=\"https:\/\/www.lanacion.com.ar\/economia\/por-el-frio-disponen-cortes-de-gas-a-empresas-y-estaciones-de-gnc-para-priorizar-hogares-nid28042026\/\" target=\"_self\" title=\"https:\/\/www.lanacion.com.ar\/economia\/por-el-frio-disponen-cortes-de-gas-a-empresas-y-estaciones-de-gnc-para-priorizar-hogares-nid28042026\/\" class=\"com-link break-word\" data-mrf-recirculation=\"n_link_parrafo\">La preocupaci\u00f3n por el suministro energ\u00e9tico tuvo, adem\u00e1s, una se\u00f1al concreta este martes<\/a>. Con la llegada de las primeras bajas temperaturas, las empresas activaron restricciones sobre usuarios con contratos interrumpibles, lo que afect\u00f3 a estaciones de GNC y a parte del consumo industrial. Se trata del primer mecanismo de ajuste previsto para picos de demanda, que prioriza el abastecimiento residencial y expone la sensibilidad del sistema en la antesala del invierno.<\/p>\n<p class=\"com-paragraph   --s\">Si bien la entidad destac\u00f3 la baja de las tasas de inter\u00e9s para empresas en los \u00faltimos meses, tambi\u00e9n expres\u00f3 \u201cpreocupaci\u00f3n\u201d por el aumento de la morosidad.<\/p>\n<section class=\"container-center-100 mb-40 border border-bottom border-thin border-neutral-light-700\">\n<hr\/>\n<\/section>\n<\/div>\n<p><script id=\"facebookpixel\" defer=\"\" type=\"text\/javascript\">\n        !function(f,b,e,v,n,t,s)\n        {if(f.fbq)return;n=f.fbq=function(){n.callMethod?\n        n.callMethod.apply(n,arguments):n.queue.push(arguments)};\n        if(!f._fbq)f._fbq=n;n.push=n;n.loaded=!0;n.version='2.0';\n        n.queue=[];t=b.createElement(e);t.async=!0;\n        t.src=v;s=b.getElementsByTagName(e)[0];\n        s.parentNode.insertBefore(t,s)}(window, document,'script',\n        'https:\/\/connect.facebook.net\/en_US\/fbevents.js');\n        fbq('init', '492459597522335');\n        fbq('track', 'PageView');\n    <\/script><\/p>\n","protected":false},"excerpt":{"rendered":"<p>La Uni\u00f3n Industrial Argentina (UIA) anticip\u00f3 este martes un repunte de la producci\u00f3n fabril en marzo, aunque se\u00f1al\u00f3 que la actividad cerr\u00f3 el primer trimestre con ca\u00edda y que el rebote fue heterog\u00e9neo. En ese marco, la entidad expres\u00f3 su \u201cpreocupaci\u00f3n\u201d por el abastecimiento de gas de cara al invierno y por el aumento de [&hellip;]<\/p>\n","protected":false},"author":2,"featured_media":234371,"comment_status":"closed","ping_status":"closed","sticky":false,"template":"","format":"standard","meta":{"footnotes":""},"categories":[28],"tags":[],"class_list":["post-234370","post","type-post","status-publish","format-standard","has-post-thumbnail","hentry","category-economia"],"_links":{"self":[{"href":"https:\/\/radioacuariofm.com.ar\/index.php?rest_route=\/wp\/v2\/posts\/234370","targetHints":{"allow":["GET"]}}],"collection":[{"href":"https:\/\/radioacuariofm.com.ar\/index.php?rest_route=\/wp\/v2\/posts"}],"about":[{"href":"https:\/\/radioacuariofm.com.ar\/index.php?rest_route=\/wp\/v2\/types\/post"}],"author":[{"embeddable":true,"href":"https:\/\/radioacuariofm.com.ar\/index.php?rest_route=\/wp\/v2\/users\/2"}],"replies":[{"embeddable":true,"href":"https:\/\/radioacuariofm.com.ar\/index.php?rest_route=%2Fwp%2Fv2%2Fcomments&post=234370"}],"version-history":[{"count":1,"href":"https:\/\/radioacuariofm.com.ar\/index.php?rest_route=\/wp\/v2\/posts\/234370\/revisions"}],"predecessor-version":[{"id":234372,"href":"https:\/\/radioacuariofm.com.ar\/index.php?rest_route=\/wp\/v2\/posts\/234370\/revisions\/234372"}],"wp:featuredmedia":[{"embeddable":true,"href":"https:\/\/radioacuariofm.com.ar\/index.php?rest_route=\/wp\/v2\/media\/234371"}],"wp:attachment":[{"href":"https:\/\/radioacuariofm.com.ar\/index.php?rest_route=%2Fwp%2Fv2%2Fmedia&parent=234370"}],"wp:term":[{"taxonomy":"category","embeddable":true,"href":"https:\/\/radioacuariofm.com.ar\/index.php?rest_route=%2Fwp%2Fv2%2Fcategories&post=234370"},{"taxonomy":"post_tag","embeddable":true,"href":"https:\/\/radioacuariofm.com.ar\/index.php?rest_route=%2Fwp%2Fv2%2Ftags&post=234370"}],"curies":[{"name":"wp","href":"https:\/\/api.w.org\/{rel}","templated":true}]}}