{"id":234364,"date":"2026-04-28T18:52:53","date_gmt":"2026-04-28T21:52:53","guid":{"rendered":"https:\/\/radioacuariofm.com.ar\/?p=234364"},"modified":"2026-04-28T18:52:54","modified_gmt":"2026-04-28T21:52:54","slug":"mas-de-12-000-jovenes-colmaron-el-movistar-arena-para-escuchar-a-emprendedores-y-a-maria-becerra","status":"publish","type":"post","link":"https:\/\/radioacuariofm.com.ar\/?p=234364","title":{"rendered":"M\u00e1s de 12.000 j\u00f3venes colmaron el Movistar Arena para escuchar a emprendedores y a Mar\u00eda Becerra"},"content":{"rendered":"<p><\/p>\n<div>\n<p class=\"com-paragraph  --capital --s\">Los vecinos del Movistar Arena vivieron este martes una ma\u00f1ana at\u00edpica. Cerca de las 7.30, el recinto abri\u00f3 sus puertas y se despleg\u00f3 un importante operativo de seguridad. Largas filas de colectivos ocuparon buena parte de las calles, que permanecieron cortadas durante varias horas. No se trataba de un recital ni de la prueba de sonido de un artista. <strong>Esta vez, los protagonistas fueron m\u00e1s de 12.000 j\u00f3venes de colegios p\u00fablicos y privados de diferentes puntos del pa\u00eds, quienes asistieron a la Experiencia Endeavor Sub 20<\/strong>, un ciclo de charlas organizado por la fundaci\u00f3n Endeavor, dedicada a conectar y potenciar emprendedores en la Argentina.<\/p>\n<p class=\"com-paragraph   --s\">Con el correr de las horas, <strong>los buzos de egresados ti\u00f1eron al Movistar Arena de color.<\/strong> A su vez, desde las plateas y el campo, linternas de celulares iluminaron el lugar.<\/p>\n<div class=\"content-media\">\n<section role=\"button\" class=\"mod-media   \">\n<figure role=\"button\" tabindex=\"0\" class=\"mod-figure \"><figcaption class=\"mod-figcaption\"><span class=\"com-text --caption --twoxs\">Mart\u00edn Migoya, presidente de la Fundaci\u00f3n Endeavor, y Julia Bearzi, directora ejecutiva de Endeavor<\/span><\/figcaption><\/figure>\n<\/section>\n<\/div>\n<p class=\"com-paragraph   --s\">El evento cont\u00f3 con la participaci\u00f3n de referentes del ecosistema emprendedor, como Mart\u00edn Migoya, presidente de Endeavor Argentina y cofundador y CEO de Globant; Alejandro V\u00e1zquez, cofundador y presidente de Tiendanube; Ariel Sbdar, cofundador de Cocos; y Patricia Jebsen, miembro de directorios y creadora de contenido sobre el mundo del trabajo. <strong>Tambi\u00e9n estuvo presente la cantante Mar\u00eda Becerra.<\/strong><\/p>\n<p class=\"com-paragraph   --s\"><strong>Julia Bearzi, directora ejecutiva de Endeavor,<\/strong> fue la encargada de dar inicio al evento.<mark class=\"hl_underline\"> \u201cEs posible emprender desde Argentina, y ustedes tambi\u00e9n pueden<\/mark>. Eso es lo que queremos que se lleven hoy y lo que queremos sembrar en cada uno de ustedes. No un plan, no certezas, pero s\u00ed una posibilidad\u201d, dispar\u00f3 Bearzi. Luego, invit\u00f3 a Migoya a subir al escenario, quien fue recibido con gritos y aplausos de la multitud.<\/p>\n<div class=\"content-media\">\n<section role=\"button\" class=\"mod-media   \">\n<figure role=\"button\" tabindex=\"0\" class=\"mod-figure \"><figcaption class=\"mod-figcaption\"><span class=\"com-text --caption --twoxs\">Juan Cereigido, fundador y CEO de Ato<\/span><\/figcaption><\/figure>\n<\/section>\n<\/div>\n<p class=\"com-paragraph   --s\">En su discurso,<strong> Migoya se refiri\u00f3 a la importancia del esfuerzo<\/strong>. \u201c<mark class=\"hl_underline\">El talento es un atajo para alguien que se esfuerza mucho<\/mark>. Siempre decimos \u2018este chico es muy inteligente\u2019, pero la pregunta que viene despu\u00e9s de eso es cu\u00e1nto se esforz\u00f3 y cu\u00e1nto hizo para que sea distinto\u201d, se\u00f1al\u00f3. En ese sentido, sostuvo que un logro tiene \u201cmucho m\u00e1s que ver con el esfuerzo que con el talento original\u201d.<\/p>\n<p class=\"com-paragraph   --s\">Por otro lado, Migoya reconoci\u00f3 que, si bien emprender no es para todo el mundo, \u201cs\u00ed es para mucha gente\u201d. Y profundiz\u00f3: <strong>\u201cEmprender tiene que ver con animarse, con cambiar algo desde nuestro lugar.<\/strong> Es esencial para el desarrollo del pa\u00eds, para el desarrollo de uno, de su sociedad y su comunidad. No muchos van a tener \u00e9xito, pero s\u00ed muchos lo van a intentar\u201d.<\/p>\n<p class=\"com-paragraph   --s\">Bajo esta l\u00ednea, brind\u00f3 <strong>una mirada optimista con respecto al futuro de la inteligencia artificial (IA)<\/strong>: \u201cCreo que la IA va a elevar el trabajo humano, va a ser algo que nos ayudar\u00e1 a desarrollar cosas\u201d. No obstante, aclar\u00f3 que <mark class=\"hl_underline\">la tecnolog\u00eda jam\u00e1s reemplazar\u00e1 la esencia humana y que estudiar ser\u00e1 m\u00e1s importante que nunca<\/mark>. \u201cTenemos que saber para poder pedirle cosas a las m\u00e1quinas\u201d, dijo.<\/p>\n<p class=\"com-paragraph   --s\">Tras su presentaci\u00f3n, Migoya dialog\u00f3 con LA NACION sobre el actual panorama del talento y emprendedorismo argentino. \u201cDesde Endeavor <strong>vemos que muchas empresas est\u00e1n creciendo muy bien<\/strong>.<strong> Veo tambi\u00e9n un mercado interno que se est\u00e1 recuperando, <\/strong>que est\u00e1 empezando a ser un lugar m\u00e1s amigable para los emprendedores\u201d, coment\u00f3.<\/p>\n<div class=\"content-media\">\n<section role=\"button\" class=\"mod-media   \">\n<figure role=\"button\" tabindex=\"0\" class=\"mod-figure \"><figcaption class=\"mod-figcaption\"><span class=\"com-text --caption --twoxs\">Andr\u00e9s Rieznik, neurocient\u00edfico<\/span><\/figcaption><\/figure>\n<\/section>\n<\/div>\n<p class=\"com-paragraph   --s\">Adem\u00e1s, destac\u00f3 que los emprendedores est\u00e1n enfocados no solo en desarrollar sus negocios en el pa\u00eds, sino tambi\u00e9n en c\u00f3mo conquistar el mundo. \u201cDesde la Argentina es una novedad y est\u00e1 extremadamente bien\u201d, indic\u00f3. <\/p>\n<p class=\"com-paragraph   --s\">En su presentaci\u00f3n, V\u00e1zquez, cofundador y presidente de Tiendanube, recorri\u00f3 su camino emprendedor y resalt\u00f3 <strong>la importancia de la acci\u00f3n por sobre la certeza, el aprendizaje constante y la mentalidad de mejora continua<\/strong>: \u201cEmprender es animarse a empezar, avanzar sin tener todo resuelto y entender que siempre es \u2018d\u00eda 1\u2019\u201d.<\/p>\n<p class=\"com-paragraph   --s\">Los estudiantes tambi\u00e9n tuvieron la oportunidad de <strong>escuchar casos de \u00e9xito liderados por j\u00f3venes que ya marcan tendencia en sus nichos<\/strong>. Uno de ellos fue Cereigido, fundador y CEO de Ato, un dispositivo de compa\u00f1\u00eda con IA pensado para adultos mayores, inspirado en la soledad de su abuelo. Hoy trabaja desde Silicon Valley junto a su equipo, <em>testeando <\/em>el dispositivo con usuarios reales en distintos pa\u00edses y prepar\u00e1ndose para lanzar su versi\u00f3n final al mercado a gran escala.<\/p>\n<p class=\"com-paragraph   --s\">Por su parte, Jebsen present\u00f3 a m\u00e1s j\u00f3venes emprendedores. Tal fue el caso de Angi, una joven de 19 a\u00f1os, oriunda de Santa Fe, que cre\u00f3 Polygloteen, una academia digital enfocada en la ense\u00f1anza de idiomas para adolescentes. <\/p>\n<p class=\"com-paragraph   --s\">Luego fue el turno de Francisco Rodr\u00edguez, fundador de Deseado, una marca pionera de <em>cold brew ready-to-drink <\/em>en el pa\u00eds. Desde Mar del Plata, su ciudad natal, apost\u00f3 por un producto innovador dentro de la industria del caf\u00e9 y bebidas listas para consumir. <\/p>\n<p class=\"com-paragraph   --s\">Por \u00faltimo, Jebsen invit\u00f3 al escenario a <strong>Marc Miguez, <\/strong>un joven de 16 a\u00f1os que transform\u00f3 su pasi\u00f3n por la cocina en un emprendimiento propio: La Casetta. Miguez comenz\u00f3 cocinando de manera casera y logr\u00f3 convertirlo en un proyecto con identidad, clientes y proyecci\u00f3n. <\/p>\n<p class=\"com-paragraph   --s\">En tanto, el rubro de la rob\u00f3tica se hizo presente en el evento con <strong>Martina Talamona, <\/strong>una estudiante de 16 a\u00f1os que combina formaci\u00f3n t\u00e9cnica con una fuerte vocaci\u00f3n social: <strong>desarrolla simuladores de robots capaces de detectar v\u00edctimas y mapear zonas peligrosas en escenarios de desastre, con el objetivo de reducir riesgos para rescatistas. <\/strong>Forma parte de un equipo competitivo internacional y representar\u00e1 a Argentina en la RoboCup 2026, uno de los torneos m\u00e1s exigentes del mundo.<\/p>\n<p class=\"com-paragraph   --s\">La jornada tambi\u00e9n <strong>estuvo marcada por un tenso episodio<\/strong>. Ocurri\u00f3 cuando Ariel Sbdar, cofundador de Cocos, subi\u00f3 al escenario para hacer su presentaci\u00f3n. Apenas iniciada la charla, fue recibido con silbidos y c\u00e1nticos de \u201cla patria no se vende\u201d. A su vez, hubo un comentario en relaci\u00f3n al esc\u00e1ndalo de $LIBRA: Sbdar, que public\u00f3 tuits sobre el tema cuando se lanz\u00f3 el <em>token, <\/em>respondi\u00f3: \u201cYo no tengo nada que ver con eso\u201d. Los conductores del evento intentaron calmar la situaci\u00f3n, pero el malestar continu\u00f3. <strong>Sbdar cerr\u00f3 su computadora y se limit\u00f3 a hablar cinco minutos. \u201cEs un garr\u00f3n hacer la presentaci\u00f3n con esto\u201d, dijo<\/strong>. Activo en redes sociales, tras el evento dio su versi\u00f3n de los hechos y public\u00f3 un video sobre lo ocurrido: <strong>\u201cMe parece una pena que estemos tratando de llevar la grieta a todos lados.<\/strong> Estamos m\u00e1s concentrados en eso en vez de avanzar como pa\u00eds. Vamos a subir la charla para todos los que realmente les interesa porque nuestro compromiso es con la educaci\u00f3n financiera\u201d.<\/p>\n<p class=\"com-paragraph   --s\">A las 12, lleg\u00f3 el turno de la cantante <strong>Mar\u00eda Becerra, quien fue entrevistada por el periodista Julio Leiva. Se trat\u00f3 del momento m\u00e1s esperado de la jornada, con gritos y aplausos de todos los presentes.<\/strong><\/p>\n<p class=\"com-paragraph   --s\">La artista reconoci\u00f3 que, si bien su sue\u00f1o siempre fue trabajar en la industria musical, <strong>el camino estuvo lejos de ser f\u00e1cil.<\/strong> \u201cDe chica, ver el arte como opci\u00f3n de vida se me hac\u00eda complicado. Aparecen dudas tuyas y de tu alrededor. <mark class=\"hl_underline\">Lo que m\u00e1s me ayud\u00f3 fue ponerme objetivos a corto plazo. Hay que ir paso a paso\u201d, cont\u00f3<\/mark>. <\/p>\n<p class=\"com-paragraph   --s\">En su recorrido, informarse y aprender fueron clave no solo para crecer como artista, sino tambi\u00e9n para encontrar su propia voz e identidad. <strong>\u201cLa informaci\u00f3n te da libertad, <\/strong>independencia, formar tu pensamiento\u201d, dijo.<\/p>\n<p class=\"com-paragraph   --s\">Adem\u00e1s, sostuvo que la clave para tomar buenas decisiones es <strong>\u201crodearse de la gente correcta\u201d y \u201csiempre seguir teniendo hambre por algo distinto\u201d. <\/strong><\/p>\n<p class=\"com-paragraph   --s\">Becerra concluy\u00f3 su presentaci\u00f3n con una reflexi\u00f3n para los j\u00f3venes: \u201c<mark class=\"hl_underline\">No se dejen subestimar. Ustedes son inteligentes y capaces. Estudien para que nadie les pase por encima<\/mark>. No seamos ignorantes en las cosas b\u00e1sicas, sepan sus derechos, vayan siempre por lo justo. Vayan por la l\u00ednea del bien y luchen por sus sue\u00f1os\u201d. M\u00e1s de 12.000 j\u00f3venes le devolvieron aplausos.<\/p>\n<section class=\"container-center-100 mb-40 border border-bottom border-thin border-neutral-light-700\">\n<hr\/>\n<\/section>\n<\/div>\n<p><script id=\"facebookpixel\" defer=\"\" type=\"text\/javascript\">\n        !function(f,b,e,v,n,t,s)\n        {if(f.fbq)return;n=f.fbq=function(){n.callMethod?\n        n.callMethod.apply(n,arguments):n.queue.push(arguments)};\n        if(!f._fbq)f._fbq=n;n.push=n;n.loaded=!0;n.version='2.0';\n        n.queue=[];t=b.createElement(e);t.async=!0;\n        t.src=v;s=b.getElementsByTagName(e)[0];\n        s.parentNode.insertBefore(t,s)}(window, document,'script',\n        'https:\/\/connect.facebook.net\/en_US\/fbevents.js');\n        fbq('init', '492459597522335');\n        fbq('track', 'PageView');\n    <\/script><\/p>\n","protected":false},"excerpt":{"rendered":"<p>Los vecinos del Movistar Arena vivieron este martes una ma\u00f1ana at\u00edpica. Cerca de las 7.30, el recinto abri\u00f3 sus puertas y se despleg\u00f3 un importante operativo de seguridad. Largas filas de colectivos ocuparon buena parte de las calles, que permanecieron cortadas durante varias horas. No se trataba de un recital ni de la prueba de [&hellip;]<\/p>\n","protected":false},"author":2,"featured_media":234365,"comment_status":"closed","ping_status":"closed","sticky":false,"template":"","format":"standard","meta":{"footnotes":""},"categories":[28],"tags":[],"class_list":["post-234364","post","type-post","status-publish","format-standard","has-post-thumbnail","hentry","category-economia"],"_links":{"self":[{"href":"https:\/\/radioacuariofm.com.ar\/index.php?rest_route=\/wp\/v2\/posts\/234364","targetHints":{"allow":["GET"]}}],"collection":[{"href":"https:\/\/radioacuariofm.com.ar\/index.php?rest_route=\/wp\/v2\/posts"}],"about":[{"href":"https:\/\/radioacuariofm.com.ar\/index.php?rest_route=\/wp\/v2\/types\/post"}],"author":[{"embeddable":true,"href":"https:\/\/radioacuariofm.com.ar\/index.php?rest_route=\/wp\/v2\/users\/2"}],"replies":[{"embeddable":true,"href":"https:\/\/radioacuariofm.com.ar\/index.php?rest_route=%2Fwp%2Fv2%2Fcomments&post=234364"}],"version-history":[{"count":1,"href":"https:\/\/radioacuariofm.com.ar\/index.php?rest_route=\/wp\/v2\/posts\/234364\/revisions"}],"predecessor-version":[{"id":234366,"href":"https:\/\/radioacuariofm.com.ar\/index.php?rest_route=\/wp\/v2\/posts\/234364\/revisions\/234366"}],"wp:featuredmedia":[{"embeddable":true,"href":"https:\/\/radioacuariofm.com.ar\/index.php?rest_route=\/wp\/v2\/media\/234365"}],"wp:attachment":[{"href":"https:\/\/radioacuariofm.com.ar\/index.php?rest_route=%2Fwp%2Fv2%2Fmedia&parent=234364"}],"wp:term":[{"taxonomy":"category","embeddable":true,"href":"https:\/\/radioacuariofm.com.ar\/index.php?rest_route=%2Fwp%2Fv2%2Fcategories&post=234364"},{"taxonomy":"post_tag","embeddable":true,"href":"https:\/\/radioacuariofm.com.ar\/index.php?rest_route=%2Fwp%2Fv2%2Ftags&post=234364"}],"curies":[{"name":"wp","href":"https:\/\/api.w.org\/{rel}","templated":true}]}}