{"id":234361,"date":"2026-04-28T17:54:02","date_gmt":"2026-04-28T20:54:02","guid":{"rendered":"https:\/\/radioacuariofm.com.ar\/?p=234361"},"modified":"2026-04-28T17:54:04","modified_gmt":"2026-04-28T20:54:04","slug":"hicieron-el-tiramisu-mas-largo-del-mundo-y-alcanzaron-un-nuevo-record-guinness","status":"publish","type":"post","link":"https:\/\/radioacuariofm.com.ar\/?p=234361","title":{"rendered":"Hicieron el tiramis\u00fa m\u00e1s largo del mundo y alcanzaron un nuevo r\u00e9cord Guinness"},"content":{"rendered":"<p> <br \/>\n<\/p>\n<div>\n<p class=\"com-paragraph  --capital --s\">Londres se convirti\u00f3 en la capital <a href=\"https:\/\/www.lanacion.com.ar\/recetas\/el-paso-a-paso-para-preparar-un-tiramisu-en-cinco-minutos-y-con-tan-solo-cuatro-ingredientes-nid19072025\/\" target=\"_self\" title=\"https:\/\/www.lanacion.com.ar\/recetas\/el-paso-a-paso-para-preparar-un-tiramisu-en-cinco-minutos-y-con-tan-solo-cuatro-ingredientes-nid19072025\/\" class=\"com-link break-word\" data-mrf-recirculation=\"n_link_parrafo\">del tiramis\u00fa<\/a> m\u00e1s largo del mundo, que se present\u00f3 en p\u00fablico el <strong>26 de abril <\/strong>en el emblem\u00e1tico barrio de Chelsea. El equipo de pasteleros y voluntarios estuvo a cargo de un chef italiano que elev\u00f3 el nivel de este postre a lo m\u00e1s alto en la gastronom\u00eda internacional. <strong>La marca super\u00f3 los 400 metros de extensi\u00f3n<\/strong> y alcanz\u00f3 un nuevo <strong>r\u00e9cord Guinness<\/strong>.<\/p>\n<p class=\"com-paragraph   --s\">En el marco de la obra ben\u00e9fica a favor de la <strong>Fundaci\u00f3n Esharelife<\/strong>, que tiene sede en Inglaterra, se organiz\u00f3 la producci\u00f3n de un tiramis\u00fa gigante. Con cada porci\u00f3n que se vendi\u00f3 al p\u00fablico, se recaud\u00f3 dinero para <strong>atender las demandas de las regiones m\u00e1s desfavorecidas del planeta<\/strong>. <\/p>\n<div class=\"content-media\">\n<section role=\"button\" class=\"mod-media   \">\n<figure role=\"button\" tabindex=\"0\" class=\"mod-figure \"><figcaption class=\"mod-figcaption\"><span class=\"com-text --caption --twoxs\">El tiramis\u00fa m\u00e1s largo del mundo midi\u00f3 440,58 metros de largo<\/span><span class=\"com-text --credit --twoxs\">(Fuente: Instagram\/@regionefvg)<\/span><\/figcaption><\/figure>\n<\/section>\n<\/div>\n<p class=\"com-paragraph   --s\">El postre <strong>midi\u00f3 440,58 metros<\/strong> a diferencia del que se hizo en 2019, de 273,5 metros. Para su creaci\u00f3n trabajaron m\u00e1s de 100 pasteleros y voluntarios que estuvieron a cargo del <strong>maestro pastelero Mirko Ricci<\/strong>. <\/p>\n<p class=\"com-paragraph   --s\">Massimo Fedriga, presidente de la regi\u00f3n del <strong>Friuli Venezia Giulia<\/strong> (Italia), sitio donde se origin\u00f3 el tiramis\u00fa, dijo a <a href=\"https:\/\/www.ildolomiti.it\/societa\/2026\/realizzato-a-londra-il-tiramisu-piu-lungo-del-mondo-200-cuochi-del-friuli-venezia-giulia-e-una-montagna-di-savoiardi-della-lessinia-conquistano-il-guinness-world-record\" target=\"_blank\" title=\"https:\/\/www.ildolomiti.it\/societa\/2026\/realizzato-a-londra-il-tiramisu-piu-lungo-del-mondo-200-cuochi-del-friuli-venezia-giulia-e-una-montagna-di-savoiardi-della-lessinia-conquistano-il-guinness-world-record\" class=\"com-link break-word\" data-mrf-recirculation=\"n_link_parrafo\" rel=\"nofollow\"><em>Il Dolomiti<\/em><\/a>: \u201c<strong>Esta obra maestra tradicional fue dedicada al rey Carlos III y a la reina Camila<\/strong>. Pero lo que nos llena de orgullo es el noble prop\u00f3sito de esta iniciativa. Cuando la excelencia artesanal se une a la solidaridad, el resultado siempre es positivo para todos. Un aplauso para todas nuestras pasteler\u00edas locales, que han llevado el nombre y los sabores de Friuli a lo m\u00e1s alto del mundo\u201d. <\/p>\n<div class=\"content-media\">\n<section role=\"button\" class=\"mod-media   \">\n<figure role=\"button\" tabindex=\"0\" class=\"mod-figure \"><figcaption class=\"mod-figcaption\"><span class=\"com-text --caption --twoxs\">Los pasteleros que estuvieron a cargo del tiramis\u00fa m\u00e1s grande del mundo llevaron la bandera del Friuli, propia de la regi\u00f3n italiana donde se origin\u00f3<\/span><span class=\"com-text --credit --twoxs\">(Fuente: Instagram\/@regionefvg)<\/span><\/figcaption><\/figure>\n<\/section>\n<\/div>\n<p class=\"com-paragraph   --s\">Los pasteleros trabajaron con un estricto control culinario y <strong>demand\u00f3 dos d\u00edas <\/strong>para finalizar este postre magno que llev\u00f3 las iniciales del monarca brit\u00e1nico. El desaf\u00edo m\u00e1s pronunciado fue el de mantener una estructura horizontal y pareja de <strong>15 cent\u00edmetros de ancho por ocho cent\u00edmetros de alto<\/strong>.<\/p>\n<p class=\"com-paragraph   --s\">La receta del tiramis\u00fa ganador estuvo compuesta por m\u00e1s de <strong>50.000 bizcochos<\/strong>, m\u00e1s de 3000 huevos, as\u00ed como el caf\u00e9, el mascarpone, el az\u00facar y el cacao correspondientes. Con letras doradas se escribi\u00f3 en italiano \u201c<em>Grazie Vostra Maest\u00e0<\/em>\u201d, en dedicatoria a los reyes. <\/p>\n<div class=\"content-media cursor-pointer\">\n<section class=\"media-container relative w-100 mod-media pb-32\">\n<figure class=\"mod-video flex flex-column ai-center bg-neutral-light-50\">\n<div class=\"video-player ratio-9-16 flex jc-center ai-center w-100 h-100 w-320\" data-has-jwplayer=\"true\" data-video-id-jw=\"H2qWiTZe\" data-config=\"{&quot;title&quot;:&quot;As\u00ed fue la presentaci\u00f3n del tiramis\u00fa m\u00e1s largo del mundo&quot;,&quot;mediaId&quot;:&quot;H2qWiTZe&quot;,&quot;playerId&quot;:&quot;hOz6uuUy&quot;,&quot;playlist&quot;:[{&quot;mediaid&quot;:&quot;H2qWiTZe&quot;,&quot;sources&quot;:[{&quot;file&quot;:&quot;https:\/\/cdn.jwplayer.com\/manifests\/H2qWiTZe.m3u8&quot;,&quot;type&quot;:&quot;application\/vnd.apple.mpegurl&quot;},{&quot;bitrate&quot;:516006,&quot;file&quot;:&quot;https:\/\/cdn.jwplayer.com\/videos\/H2qWiTZe-kTExGaWf.mp4&quot;,&quot;filesize&quot;:3354041,&quot;framerate&quot;:30,&quot;height&quot;:320,&quot;label&quot;:&quot;180p&quot;,&quot;type&quot;:&quot;video\/mp4&quot;,&quot;width&quot;:180},{&quot;bitrate&quot;:721346,&quot;file&quot;:&quot;https:\/\/cdn.jwplayer.com\/videos\/H2qWiTZe-K8B0kybS.mp4&quot;,&quot;filesize&quot;:4688752,&quot;framerate&quot;:30,&quot;height&quot;:480,&quot;label&quot;:&quot;270p&quot;,&quot;type&quot;:&quot;video\/mp4&quot;,&quot;width&quot;:270},{&quot;bitrate&quot;:2041576,&quot;file&quot;:&quot;https:\/\/cdn.jwplayer.com\/videos\/H2qWiTZe-46NIuRKO.mp4&quot;,&quot;filesize&quot;:13270246,&quot;framerate&quot;:30,&quot;height&quot;:1280,&quot;label&quot;:&quot;720p&quot;,&quot;type&quot;:&quot;video\/mp4&quot;,&quot;width&quot;:720},{&quot;bitrate&quot;:114431,&quot;file&quot;:&quot;https:\/\/cdn.jwplayer.com\/videos\/H2qWiTZe-hz5z2Tv4.m4a&quot;,&quot;filesize&quot;:743805,&quot;label&quot;:&quot;AAC Audio&quot;,&quot;type&quot;:&quot;audio\/mp4&quot;},{&quot;bitrate&quot;:836206,&quot;file&quot;:&quot;https:\/\/cdn.jwplayer.com\/videos\/H2qWiTZe-FnZGUVnC.mp4&quot;,&quot;filesize&quot;:5435345,&quot;framerate&quot;:30,&quot;height&quot;:640,&quot;label&quot;:&quot;360p&quot;,&quot;type&quot;:&quot;video\/mp4&quot;,&quot;width&quot;:360},{&quot;bitrate&quot;:1327486,&quot;file&quot;:&quot;https:\/\/cdn.jwplayer.com\/videos\/H2qWiTZe-0G6Pwvlw.mp4&quot;,&quot;filesize&quot;:8628659,&quot;framerate&quot;:30,&quot;height&quot;:960,&quot;label&quot;:&quot;540p&quot;,&quot;type&quot;:&quot;video\/mp4&quot;,&quot;width&quot;:540}]}],&quot;hasAutoplay&quot;:false,&quot;autostart&quot;:true,&quot;tagsUrl&quot;:&quot;https:\/\/pubads.g.doubleclick.net\/gampad\/ads?slotname=\/133919216\/la_nacion_video\/nota\/preroll&amp;sz=640x480|400x300&amp;ciu_szs=300x250&amp;unviewed_position_start=1&amp;output=vast&amp;impl=s&amp;env=vp&amp;gdfp_req=1&amp;ad_rule=0&amp;vad_type=linear&amp;vpos=preroll&amp;cust_params=tags_nuevos%3Dte_londres%2Cte_gastronomia%2Cca_el_mundo%2C%2CPBDVP4W5MFCLDDHOYIT676IN5I&amp;pod=3&amp;ppos=1&amp;lip=true&amp;min_ad_duration=0&amp;max_ad_duration=30000&amp;vrid=6256&amp;url=https%3A%2F%2Fwww.lanacion.com.ar%2Fel-mundo%2Fhicieron-el-tiramisu-mas-largo-del-mundo-y-alcanzaron-un-nuevo-record-guinness-nid28042026%2F%3Fvariant%3DA&amp;description_url=https%3A%2F%2Fwww.lanacion.com.ar%2Fel-mundo%2Fhicieron-el-tiramisu-mas-largo-del-mundo-y-alcanzaron-un-nuevo-record-guinness-nid28042026%2F%3Fvariant%3DA&amp;video_doc_id=short_onecue&amp;cmsid=496&amp;kfa=0&amp;tfcd=0&amp;correlator=1777409405643&quot;,&quot;arcSite&quot;:&quot;la-nacion-ar&quot;,&quot;duration&quot;:&quot;52000&quot;}\">\n<div id=\"facade-H2qWiTZe\" class=\"content-facade-jw relative bg-black w-100 ratio-9-16\"><picture><source media=\"(max-width: 767px)\" srcset=\"https:\/\/resizer.glanacion.com\/resizer\/v2\/https%3A%2F%2Fcdn.jwplayer.com%2Fv2%2Fmedia%2FH2qWiTZe%2Fposter.jpg%3Fwidth%3D720?auth=714c1e58a69589b1c1a38cb8caf118aaa9aa4493a19fc23b74d93e38ab272551&amp;width=480&amp;quality=70&amp;smart=false\"\/><\/picture><\/div>\n<\/div><figcaption class=\"border border-1 border-bottom border-light-300 relative px-16 py-8 min-h-36 w-100_md w-100 bg-white\"><span class=\"text ln-text text-16 block\">As\u00ed fue la presentaci\u00f3n del tiramis\u00fa m\u00e1s largo del mundo<\/span><\/figcaption><\/figure>\n<\/section>\n<\/div>\n<p class=\"com-paragraph   --s\">Cada capa fue creada a mano, desde cero. Se utilizaron ingredientes puros y, seg\u00fan la tradici\u00f3n italiana, <strong>comenzaron en la madrugada del s\u00e1bado 25 de abril<\/strong>. Uno de los mayores retos fue adaptarse a las limitaciones f\u00edsicas de la cocina, que mide aproximadamente 30 metros cuadrados y no estaba dise\u00f1ada para un proyecto de esa envergadura.<\/p>\n<div class=\"content-media\">\n<section role=\"button\" class=\"mod-media   \">\n<figure role=\"button\" tabindex=\"0\" class=\"mod-figure \"><figcaption class=\"mod-figcaption\"><span class=\"com-text --caption --twoxs\">El tiramis\u00fa se hizo por prociones y luego se unieron en una sola base<\/span><span class=\"com-text --credit --twoxs\">(Fuente: @thelongest_tiramisu)<\/span><\/figcaption><\/figure>\n<\/section>\n<\/div>\n<p class=\"com-paragraph   --s\">Seg\u00fan dijo <a href=\"https:\/\/tg24.sky.it\/mondo\/video\/2026\/04\/27\/tiramisu-piu-lungo-del-mondo-record-1093314\" target=\"_blank\" title=\"https:\/\/tg24.sky.it\/mondo\/video\/2026\/04\/27\/tiramisu-piu-lungo-del-mondo-record-1093314\" class=\"com-link break-word\" data-mrf-recirculation=\"n_link_parrafo\" rel=\"nofollow\"><em>Sky TG24<\/em><\/a>, el equipo de pasteler\u00eda tuvo que lidiar con la aver\u00eda de una de las m\u00e1quinas utilizadas para la crema, lo que retras\u00f3 la finalizaci\u00f3n del proyecto. Cabe remarcar que <strong>Carlos y Camila no estuvieron presentes en la ceremonia<\/strong> de presentaci\u00f3n del tiramis\u00fa debido a sus obligaciones internacionales. <\/p>\n<section class=\"container-center-100 mb-40 border border-bottom border-thin border-neutral-light-700\"\/><\/div>\n<p><script id=\"facebookpixel\" defer=\"\" type=\"text\/javascript\">\n        !function(f,b,e,v,n,t,s)\n        {if(f.fbq)return;n=f.fbq=function(){n.callMethod?\n        n.callMethod.apply(n,arguments):n.queue.push(arguments)};\n        if(!f._fbq)f._fbq=n;n.push=n;n.loaded=!0;n.version='2.0';\n        n.queue=[];t=b.createElement(e);t.async=!0;\n        t.src=v;s=b.getElementsByTagName(e)[0];\n        s.parentNode.insertBefore(t,s)}(window, document,'script',\n        'https:\/\/connect.facebook.net\/en_US\/fbevents.js');\n        fbq('init', '492459597522335');\n        fbq('track', 'PageView');\n    <\/script><br \/>\n<br \/><\/p>\n","protected":false},"excerpt":{"rendered":"<p>Londres se convirti\u00f3 en la capital del tiramis\u00fa m\u00e1s largo del mundo, que se present\u00f3 en p\u00fablico el 26 de abril en el emblem\u00e1tico barrio de Chelsea. El equipo de pasteleros y voluntarios estuvo a cargo de un chef italiano que elev\u00f3 el nivel de este postre a lo m\u00e1s alto en la gastronom\u00eda internacional. [&hellip;]<\/p>\n","protected":false},"author":2,"featured_media":234362,"comment_status":"closed","ping_status":"closed","sticky":false,"template":"","format":"standard","meta":{"footnotes":""},"categories":[1],"tags":[],"class_list":["post-234361","post","type-post","status-publish","format-standard","has-post-thumbnail","hentry","category-uncategorized"],"_links":{"self":[{"href":"https:\/\/radioacuariofm.com.ar\/index.php?rest_route=\/wp\/v2\/posts\/234361","targetHints":{"allow":["GET"]}}],"collection":[{"href":"https:\/\/radioacuariofm.com.ar\/index.php?rest_route=\/wp\/v2\/posts"}],"about":[{"href":"https:\/\/radioacuariofm.com.ar\/index.php?rest_route=\/wp\/v2\/types\/post"}],"author":[{"embeddable":true,"href":"https:\/\/radioacuariofm.com.ar\/index.php?rest_route=\/wp\/v2\/users\/2"}],"replies":[{"embeddable":true,"href":"https:\/\/radioacuariofm.com.ar\/index.php?rest_route=%2Fwp%2Fv2%2Fcomments&post=234361"}],"version-history":[{"count":1,"href":"https:\/\/radioacuariofm.com.ar\/index.php?rest_route=\/wp\/v2\/posts\/234361\/revisions"}],"predecessor-version":[{"id":234363,"href":"https:\/\/radioacuariofm.com.ar\/index.php?rest_route=\/wp\/v2\/posts\/234361\/revisions\/234363"}],"wp:featuredmedia":[{"embeddable":true,"href":"https:\/\/radioacuariofm.com.ar\/index.php?rest_route=\/wp\/v2\/media\/234362"}],"wp:attachment":[{"href":"https:\/\/radioacuariofm.com.ar\/index.php?rest_route=%2Fwp%2Fv2%2Fmedia&parent=234361"}],"wp:term":[{"taxonomy":"category","embeddable":true,"href":"https:\/\/radioacuariofm.com.ar\/index.php?rest_route=%2Fwp%2Fv2%2Fcategories&post=234361"},{"taxonomy":"post_tag","embeddable":true,"href":"https:\/\/radioacuariofm.com.ar\/index.php?rest_route=%2Fwp%2Fv2%2Ftags&post=234361"}],"curies":[{"name":"wp","href":"https:\/\/api.w.org\/{rel}","templated":true}]}}