{"id":234358,"date":"2026-04-28T17:52:23","date_gmt":"2026-04-28T20:52:23","guid":{"rendered":"https:\/\/radioacuariofm.com.ar\/?p=234358"},"modified":"2026-04-28T17:52:24","modified_gmt":"2026-04-28T20:52:24","slug":"los-aumentos-en-los-surtidores-golpearon-el-consumo-de-combustible-en-marzo-y-solo-ypf-aumento-sus-ventas","status":"publish","type":"post","link":"https:\/\/radioacuariofm.com.ar\/?p=234358","title":{"rendered":"Los aumentos en los surtidores golpearon el consumo de combustible en marzo y solo YPF aument\u00f3 sus ventas"},"content":{"rendered":"<p><\/p>\n<div>\n<p class=\"com-paragraph  --capital --s\">El impacto de los<strong> aumentos en los precios de los combustibles<\/strong> comenz\u00f3 a reflejarse con claridad en marzo. Luego de subas superiores al 20% en los surtidores, en un contexto de tensi\u00f3n internacional por la guerra en Medio Oriente, <strong>las ventas al p\u00fablico registraron una ca\u00edda del 1,8% interanual en todo el pa\u00eds<\/strong>. Son datos de la Secretar\u00eda de Energ\u00eda analizados por la consultora Politikon Chaco.<\/p>\n<p class=\"com-paragraph   --s\">Si bien en la comparaci\u00f3n mensual el volumen comercializado mostr\u00f3 una suba, se explica principalmente por la mayor cantidad de d\u00edas del mes. Al ajustar por ese efecto, <strong>el consumo promedio diario evidenci\u00f3 una baja del 3,1%<\/strong>, lo que confirma el deterioro de la demanda en un escenario de precios en alza y p\u00e9rdida de poder adquisitivo.<\/p>\n<p class=\"com-paragraph   --s\">Pero detr\u00e1s de la ca\u00edda general se esconde una din\u00e1mica m\u00e1s relevante: un reordenamiento del mercado. <strong>YPF, que mantuvo una pol\u00edtica de precios m\u00e1s contenida frente a sus competidores, logr\u00f3 aumentar sus ventas un 1% interanual<\/strong> y sostuvo su liderazgo con el 55,4% del total comercializado. En contraste, <strong>Shell <\/strong>\u2014segunda en el ranking\u2014 registr\u00f3 una ca\u00edda del 3,8%, mientras que <strong>Axion<\/strong> retrocedi\u00f3 0,8%.<\/p>\n<div class=\"content-media\">\n<section role=\"button\" class=\"mod-media   \">\n<figure role=\"button\" tabindex=\"0\" class=\"mod-figure \"><figcaption class=\"mod-figcaption\"><span class=\"com-text --caption --twoxs\">Las ventas de combustibles cayeron 1,8% interanual en marzo y mostraron una baja de 3,1% contra febrero, lo que refleja el impacto de los aumentos en la demanda<\/span><\/figcaption><\/figure>\n<\/section>\n<\/div>\n<p class=\"com-paragraph   --s\">En el segundo pelot\u00f3n, el impacto fue m\u00e1s marcado. <strong>Las marcas con menor escala fueron las m\u00e1s golpeadas por la retracci\u00f3n del consumo y la competencia de precios<\/strong>. En conjunto, el segmento \u201cotros\u201d \u2014que agrupa a estas empresas\u2014 registr\u00f3 una ca\u00edda interanual del 13,3%, lo que refleja mayores dificultades para sostener volumen en un mercado m\u00e1s competitivo y con consumidores m\u00e1s sensibles al precio.<\/p>\n<p class=\"com-paragraph   --s\">El comportamiento del consumo tambi\u00e9n mostr\u00f3 diferencias por tipo de combustible. <strong>Las ventas de naftas, m\u00e1s vinculadas al uso particular de veh\u00edculos, cayeron 2,4% interanual, mientras que el gasoil retrocedi\u00f3 1,1%. <\/strong>Se trata de la primera vez desde febrero de 2024 que las naftas tienen un desempe\u00f1o peor que el gasoil, una se\u00f1al de que el ajuste impacta con mayor fuerza sobre el consumo de los hogares.<\/p>\n<p class=\"com-paragraph   --s\">Aun as\u00ed, dentro de ese contexto se observa un fen\u00f3meno de segmentaci\u00f3n. <strong>Mientras la nafta s\u00faper cay\u00f3 4,1% interanual, las versiones premium crecieron 2,7%<\/strong>. En el caso del gasoil ocurri\u00f3 algo similar: el segmento com\u00fan baj\u00f3 5,8%, pero el premium avanz\u00f3 6,4%. Esto sugiere que, aunque el consumo general se retrae, los segmentos de mayor poder adquisitivo sostienen o incluso incrementan su demanda.<\/p>\n<div class=\"content-media\">\n<section role=\"button\" class=\"mod-media   \">\n<figure role=\"button\" tabindex=\"0\" class=\"mod-figure \"><figcaption class=\"mod-figcaption\"><span class=\"com-text --caption --twoxs\">YPF fue la \u00fanica de las grandes petroleras que mostr\u00f3 crecimiento interanual en marzo, mientras el resto de las compa\u00f1\u00edas registr\u00f3 ca\u00eddas<\/span><\/figcaption><\/figure>\n<\/section>\n<\/div>\n<p class=\"com-paragraph   --s\">Tras ese deterioro en la demanda,<a href=\"https:\/\/www.lanacion.com.ar\/lnmas\/horacio-marin-anuncio-una-medida-para-estabilizar-el-precio-de-la-nafta-por-45-dias-nid01042026\/\" target=\"_self\" title=\"https:\/\/www.lanacion.com.ar\/lnmas\/horacio-marin-anuncio-una-medida-para-estabilizar-el-precio-de-la-nafta-por-45-dias-nid01042026\/\" class=\"com-link break-word\" data-mrf-recirculation=\"n_link_parrafo\"> a comienzos de abril YPF anunci\u00f3 una estabilizaci\u00f3n del precio de los combustibles durante 45 d\u00edas y que no trasladar\u00eda al surtidor las variaciones del barril de Brent, en un intento por amortiguar el impacto de la volatilidad internacional<\/a>. Seg\u00fan explic\u00f3 su presidente, Horacio Mar\u00edn, la decisi\u00f3n apunt\u00f3 a evitar una mayor ca\u00edda del consumo, luego de detectar que la demanda comenz\u00f3 a mostrar mayor sensibilidad a los aumentos, especialmente fuera de los grandes centros urbanos.<\/p>\n<p class=\"com-paragraph   --s\">El impacto de la ca\u00edda no fue homog\u00e9neo a nivel territorial. <strong>Solo siete provincias mostraron crecimiento interanual en marzo<\/strong>, con La Pampa, San Juan y R\u00edo Negro a la cabeza. <\/p>\n<p class=\"com-paragraph   --s\">En el otro extremo, <strong>las mayores ca\u00eddas se registraron en Tucum\u00e1n (-18,3%), La Rioja (-13%) y Salta (-12,1%)<\/strong>, reflejando una mayor sensibilidad del consumo en esas regiones.<\/p>\n<p class=\"com-paragraph   --s\">En el acumulado del primer trimestre, el mercado ya muestra una tendencia negativa. <strong>Las ventas totales de combustibles retrocedieron 1,1% frente al mismo per\u00edodo de 2025<\/strong>, arrastradas principalmente por el gasoil.<\/p>\n<section class=\"container-center-100 mb-40 border border-bottom border-thin border-neutral-light-700\">\n<hr\/>\n<\/section>\n<\/div>\n<p><script id=\"facebookpixel\" defer=\"\" type=\"text\/javascript\">\n        !function(f,b,e,v,n,t,s)\n        {if(f.fbq)return;n=f.fbq=function(){n.callMethod?\n        n.callMethod.apply(n,arguments):n.queue.push(arguments)};\n        if(!f._fbq)f._fbq=n;n.push=n;n.loaded=!0;n.version='2.0';\n        n.queue=[];t=b.createElement(e);t.async=!0;\n        t.src=v;s=b.getElementsByTagName(e)[0];\n        s.parentNode.insertBefore(t,s)}(window, document,'script',\n        'https:\/\/connect.facebook.net\/en_US\/fbevents.js');\n        fbq('init', '492459597522335');\n        fbq('track', 'PageView');\n    <\/script><\/p>\n","protected":false},"excerpt":{"rendered":"<p>El impacto de los aumentos en los precios de los combustibles comenz\u00f3 a reflejarse con claridad en marzo. Luego de subas superiores al 20% en los surtidores, en un contexto de tensi\u00f3n internacional por la guerra en Medio Oriente, las ventas al p\u00fablico registraron una ca\u00edda del 1,8% interanual en todo el pa\u00eds. Son datos [&hellip;]<\/p>\n","protected":false},"author":2,"featured_media":234359,"comment_status":"closed","ping_status":"closed","sticky":false,"template":"","format":"standard","meta":{"footnotes":""},"categories":[28],"tags":[],"class_list":["post-234358","post","type-post","status-publish","format-standard","has-post-thumbnail","hentry","category-economia"],"_links":{"self":[{"href":"https:\/\/radioacuariofm.com.ar\/index.php?rest_route=\/wp\/v2\/posts\/234358","targetHints":{"allow":["GET"]}}],"collection":[{"href":"https:\/\/radioacuariofm.com.ar\/index.php?rest_route=\/wp\/v2\/posts"}],"about":[{"href":"https:\/\/radioacuariofm.com.ar\/index.php?rest_route=\/wp\/v2\/types\/post"}],"author":[{"embeddable":true,"href":"https:\/\/radioacuariofm.com.ar\/index.php?rest_route=\/wp\/v2\/users\/2"}],"replies":[{"embeddable":true,"href":"https:\/\/radioacuariofm.com.ar\/index.php?rest_route=%2Fwp%2Fv2%2Fcomments&post=234358"}],"version-history":[{"count":1,"href":"https:\/\/radioacuariofm.com.ar\/index.php?rest_route=\/wp\/v2\/posts\/234358\/revisions"}],"predecessor-version":[{"id":234360,"href":"https:\/\/radioacuariofm.com.ar\/index.php?rest_route=\/wp\/v2\/posts\/234358\/revisions\/234360"}],"wp:featuredmedia":[{"embeddable":true,"href":"https:\/\/radioacuariofm.com.ar\/index.php?rest_route=\/wp\/v2\/media\/234359"}],"wp:attachment":[{"href":"https:\/\/radioacuariofm.com.ar\/index.php?rest_route=%2Fwp%2Fv2%2Fmedia&parent=234358"}],"wp:term":[{"taxonomy":"category","embeddable":true,"href":"https:\/\/radioacuariofm.com.ar\/index.php?rest_route=%2Fwp%2Fv2%2Fcategories&post=234358"},{"taxonomy":"post_tag","embeddable":true,"href":"https:\/\/radioacuariofm.com.ar\/index.php?rest_route=%2Fwp%2Fv2%2Ftags&post=234358"}],"curies":[{"name":"wp","href":"https:\/\/api.w.org\/{rel}","templated":true}]}}