{"id":234355,"date":"2026-04-28T17:25:54","date_gmt":"2026-04-28T20:25:54","guid":{"rendered":"https:\/\/radioacuariofm.com.ar\/?p=234355"},"modified":"2026-04-28T17:25:54","modified_gmt":"2026-04-28T20:25:54","slug":"iniciaron-las-mesas-pronapre-de-pistacho-con-foco-en-la-prevencion-laboral","status":"publish","type":"post","link":"https:\/\/radioacuariofm.com.ar\/?p=234355","title":{"rendered":"Iniciaron las mesas ProNaPre de Pistacho con foco en la prevenci\u00f3n laboral"},"content":{"rendered":"<p><\/p>\n<div>\n<p>El Ministerio de Gobierno encabez\u00f3 el inicio de una nueva mesa del Programa Nacional de Prevenci\u00f3n por Rama de Actividad, con eje en el sector pistachero y la presentaci\u00f3n de nuevas fichas de prevenci\u00f3n, en el marco de las pol\u00edticas de fortalecimiento de la seguridad laboral en la provincia, este martes 28 de abril, en la Sala Cruce de los Andes. <\/p>\n<p>Las mesas ProNaPre son espacios de trabajo donde participan el Estado, empresas, sindicatos y especialistas. All\u00ed se analizan los riesgos de cada actividad y se acuerdan medidas concretas para que los trabajadores puedan realizar sus tareas de manera m\u00e1s segura.<\/p>\n<p>En este sentido, el Ministerio de Gobierno, a trav\u00e9s de la Direcci\u00f3n de Polic\u00eda de Trabajo, coordina estas acciones y promueve herramientas espec\u00edficas para cada sector productivo.<\/p>\n<p>En este marco, la ministra de Gobierno, Laura Palma, destac\u00f3 la importancia del trabajo articulado entre los distintos sectores: \u201cEsto muestra el compromiso de todos los sectores porque estamos hablando de mesas multisectoriales que se ponen de acuerdo en los est\u00e1ndares de calidad y la prevenci\u00f3n de accidentes de trabajo\u201d. Adem\u00e1s, subray\u00f3 que \u201csi queremos tener una provincia seria, que sea mirada por empresas de distintos pa\u00edses para invertir, tenemos que trabajar siempre en los est\u00e1ndares de calidad, con empleo que cuente con las medidas de seguridad necesarias para los trabajadores\u201d.<\/p>\n<div class=\"embera-embed-responsive embera-embed-responsive-photo embera-embed-responsive-provider-flickr\"><a data-flickr-embed=\"true\" href=\"https:\/\/www.flickr.com\/photos\/gobiernodesanjuan\/55236746639\/\" title=\"2026-04-28 GOBIERNO Iniciaron las mesas ProNaPre de Pistacho con foco en la prevenci\u00f3n laboral by Gobierno de San Juan, on Flickr\"><\/a><\/div>\n<p>Por su parte, el secretario de Gobierno, Justicia y Derechos Humanos, Juan Jos\u00e9 Dubos, puso en valor el posicionamiento de San Juan a nivel nacional: \u201cSomos la provincia que, con esta sexta mesa que se est\u00e1 abriendo hoy, m\u00e1s mesas ProNaPre tiene en la Argentina. No es un n\u00famero menor y es muy destacable\u201d. En esa l\u00ednea, remarc\u00f3 que \u201cel trabajo y la persona est\u00e1n por encima de todo, y nuestra preocupaci\u00f3n, tal como nos transmiti\u00f3 el gobernador, es ocuparnos de la seguridad de todos los que intervienen en este proceso\u201d.<\/p>\n<p>El subsecretario de Trabajo, Franco Marchese, explic\u00f3 el alcance de las herramientas presentadas: \u201cLas tres nuevas fichas hacen referencia a manuales de trabajo que establecen normativas y procedimientos para lograr mejores condiciones de seguridad, salud e higiene en cada actividad\u201d. Asimismo, sostuvo que \u201ccuando hablamos de dignidad del trabajador no es solamente que tenga un empleo, sino que ese trabajo sea apto, saludable y con todas las condiciones de higiene y seguridad\u201d.<\/p>\n<div class=\"embera-embed-responsive embera-embed-responsive-photo embera-embed-responsive-provider-flickr\"><a data-flickr-embed=\"true\" href=\"https:\/\/www.flickr.com\/photos\/gobiernodesanjuan\/55235595602\/\" title=\"2026-04-28 GOBIERNO Iniciaron las mesas ProNaPre de Pistacho con foco en la prevenci\u00f3n laboral by Gobierno de San Juan, on Flickr\"><img decoding=\"async\" class=\"embera-embed-responsive-item embera-embed-responsive-item-photo\" src=\"https:\/\/live.staticflickr.com\/65535\/55235595602_e57d67bd99_b.jpg\" alt=\"2026-04-28 GOBIERNO Iniciaron las mesas ProNaPre de Pistacho con foco en la prevenci\u00f3n laboral\"\/><\/a><\/div>\n<p>Durante el primer panel, titulado \u201cHerramientas para el Agro\u201d, se presentaron materiales t\u00e9cnicos desarrollados a partir del consenso multisectorial. Entre ellos, se destac\u00f3 la ficha t\u00e9cnica sobre \u201cCosecha Manual de Olivo\u201d y un tr\u00edptico sobre \u201cCosecha en Vitivinicultura\u201d. Las exposiciones estuvieron a cargo de Jorge Panaccia (SRT), Mariana Campus, coordinadora de la Subsecretar\u00eda de Trabajo, y Alejandra Senigaglia, inspectora del organismo.<\/p>\n<p>El segundo panel abord\u00f3 el sector minero, con la presentaci\u00f3n de la ficha t\u00e9cnica correspondiente al puesto de \u201cPerforista en Miner\u00eda\u201d, subrayando la relevancia de la prevenci\u00f3n en tareas de alta complejidad y riesgo.<\/p>\n<div class=\"embera-embed-responsive embera-embed-responsive-photo embera-embed-responsive-provider-flickr\"><a data-flickr-embed=\"true\" href=\"https:\/\/www.flickr.com\/photos\/gobiernodesanjuan\/55236499301\/\" title=\"2026-04-28 GOBIERNO Iniciaron las mesas ProNaPre de Pistacho con foco en la prevenci\u00f3n laboral by Gobierno de San Juan, on Flickr\"><img decoding=\"async\" class=\"embera-embed-responsive-item embera-embed-responsive-item-photo\" src=\"https:\/\/live.staticflickr.com\/65535\/55236499301_6ca58faf0c_b.jpg\" alt=\"2026-04-28 GOBIERNO Iniciaron las mesas ProNaPre de Pistacho con foco en la prevenci\u00f3n laboral\"\/><\/a><\/div>\n<p>La jornada cont\u00f3 con la presencia de autoridades del Ministerio de Gobierno, Ministerio de Producci\u00f3n, Trabajo e Innovaci\u00f3n, Ministerio de Econom\u00eda, Finanzas y Hacienda y Ministerio de Miner\u00eda.<\/p>\n<p>Tambi\u00e9n participaron la directora de Relaciones Individuales de la Subsecretar\u00eda de Trabajo de Mendoza, Natalia Andino;  miembros de la Polic\u00eda Minera Ambiental de Mendoza, representantes de c\u00e1maras vitivin\u00edcolas, del sector oliv\u00edcola y pistachero, empresas mineras, la Uni\u00f3n de Aseguradoras de Riesgos del Trabajo (UART), el Consejo de Profesionales de Higiene y Seguridad, y organismos como INTA, RENATRE y UATRE.<\/p>\n<\/p><\/div>\n<p><script async defer crossorigin=\"anonymous\" src=\"https:\/\/connect.facebook.net\/es_ES\/sdk.js#xfbml=1&#038;version=v3.3\"><\/script><\/p>\n","protected":false},"excerpt":{"rendered":"<p>El Ministerio de Gobierno encabez\u00f3 el inicio de una nueva mesa del Programa Nacional de Prevenci\u00f3n por Rama de Actividad, con eje en el sector pistachero y la presentaci\u00f3n de nuevas fichas de prevenci\u00f3n, en el marco de las pol\u00edticas de fortalecimiento de la seguridad laboral en la provincia, este martes 28 de abril, en [&hellip;]<\/p>\n","protected":false},"author":2,"featured_media":234356,"comment_status":"closed","ping_status":"closed","sticky":false,"template":"","format":"standard","meta":{"footnotes":""},"categories":[27],"tags":[],"class_list":["post-234355","post","type-post","status-publish","format-standard","has-post-thumbnail","hentry","category-san-juan"],"_links":{"self":[{"href":"https:\/\/radioacuariofm.com.ar\/index.php?rest_route=\/wp\/v2\/posts\/234355","targetHints":{"allow":["GET"]}}],"collection":[{"href":"https:\/\/radioacuariofm.com.ar\/index.php?rest_route=\/wp\/v2\/posts"}],"about":[{"href":"https:\/\/radioacuariofm.com.ar\/index.php?rest_route=\/wp\/v2\/types\/post"}],"author":[{"embeddable":true,"href":"https:\/\/radioacuariofm.com.ar\/index.php?rest_route=\/wp\/v2\/users\/2"}],"replies":[{"embeddable":true,"href":"https:\/\/radioacuariofm.com.ar\/index.php?rest_route=%2Fwp%2Fv2%2Fcomments&post=234355"}],"version-history":[{"count":1,"href":"https:\/\/radioacuariofm.com.ar\/index.php?rest_route=\/wp\/v2\/posts\/234355\/revisions"}],"predecessor-version":[{"id":234357,"href":"https:\/\/radioacuariofm.com.ar\/index.php?rest_route=\/wp\/v2\/posts\/234355\/revisions\/234357"}],"wp:featuredmedia":[{"embeddable":true,"href":"https:\/\/radioacuariofm.com.ar\/index.php?rest_route=\/wp\/v2\/media\/234356"}],"wp:attachment":[{"href":"https:\/\/radioacuariofm.com.ar\/index.php?rest_route=%2Fwp%2Fv2%2Fmedia&parent=234355"}],"wp:term":[{"taxonomy":"category","embeddable":true,"href":"https:\/\/radioacuariofm.com.ar\/index.php?rest_route=%2Fwp%2Fv2%2Fcategories&post=234355"},{"taxonomy":"post_tag","embeddable":true,"href":"https:\/\/radioacuariofm.com.ar\/index.php?rest_route=%2Fwp%2Fv2%2Ftags&post=234355"}],"curies":[{"name":"wp","href":"https:\/\/api.w.org\/{rel}","templated":true}]}}