{"id":234340,"date":"2026-04-28T15:42:08","date_gmt":"2026-04-28T18:42:08","guid":{"rendered":"https:\/\/radioacuariofm.com.ar\/?p=234340"},"modified":"2026-04-28T15:42:09","modified_gmt":"2026-04-28T18:42:09","slug":"san-juan-sera-sede-historica-del-panamericano-de-futsal-de-sordos","status":"publish","type":"post","link":"https:\/\/radioacuariofm.com.ar\/?p=234340","title":{"rendered":"San Juan ser\u00e1 sede hist\u00f3rica del Panamericano de Futsal de Sordos"},"content":{"rendered":"<p><\/p>\n<div>\n<p>Por primera vez en la historia, San Juan ser\u00e1 anfitriona del Campeonato Panamericano de Futsal de Sordos, un evento internacional que reunir\u00e1 a m\u00e1s de 100 deportistas de distintos pa\u00edses del continente en el Estadio Aldo Cantoni.<\/p>\n<p>Desde el 4 al 8 de mayo se disputar\u00e1 el 3\u00b0 Campeonato Panamericano de Futsal de Sordos 2026, una competencia de gran relevancia para el deporte inclusivo, que contar\u00e1 con la participaci\u00f3n de selecciones femeninas y masculinas de Argentina, Brasil, Uruguay, Chile, Per\u00fa y Colombia.<\/p>\n<p>El acto inaugural se realizar\u00e1 el lunes 4 de mayo a las 19 horas en el Estadio Aldo Cantoni, marcando el inicio oficial de un torneo hist\u00f3rico para la provincia y para el deporte adaptado sanjuanino.<\/p>\n<p>Gerardo P\u00e9rez y Ricardo Mestre forman parte del Comit\u00e9 Organizador de este importante certamen, adem\u00e1s la Confederacion Argentina Deportiva de Sordos (CADES) y (PANAMDES) Organizaci\u00f3n Deportiva Panamericana de Sordos.<\/p>\n<p>Adem\u00e1s, el pr\u00f3ximo jueves 30 de mayo, a las 9:30 horas, se llevar\u00e1 a cabo la conferencia de prensa oficial en la Sala de Prensa Dante Pantuso del Estadio Aldo Cantoni, donde se brindar\u00e1n m\u00e1s detalles sobre la organizaci\u00f3n y el desarrollo del campeonato.<\/p>\n<p><strong>Fixture completo<\/strong><\/p>\n<p><strong>Lunes 4 de mayo<\/strong><\/p>\n<p>15:00 \u2013 Argentina vs Brasil (Femenino)<br \/>17:00 \u2013 Uruguay vs Per\u00fa (Masculino)<br \/>19:00 \u2013 Acto Inaugural<br \/>20:30 \u2013 Brasil vs Argentina (Masculino)<\/p>\n<p><strong>Martes 5 de mayo<\/strong><\/p>\n<p>16:00 \u2013 Brasil vs Chile (Femenino)<br \/>18:00 \u2013 Per\u00fa vs Colombia (Masculino)<br \/>20:00 \u2013 Uruguay vs Brasil (Masculino)<\/p>\n<p><strong>Mi\u00e9rcoles 6 de mayo<\/strong><\/p>\n<p>15:00 \u2013 Argentina vs Chile (Femenino)<br \/>17:00 \u2013 Premiaci\u00f3n Femenino<br \/>18:00 \u2013 Per\u00fa vs Brasil (Masculino)<br \/>20:00 \u2013 Colombia vs Argentina (Masculino)<\/p>\n<p><strong>Jueves 7 de mayo<\/strong><\/p>\n<p>14:00 \u2013 Brasil vs Colombia (Masculino)<br \/>16:00 \u2013 Argentina vs Uruguay (Masculino)<\/p>\n<p><strong>Viernes 8 de mayo<\/strong><\/p>\n<p>17:00 \u2013 Colombia vs Uruguay (Masculino)<br \/>20:00 \u2013 Argentina vs Per\u00fa (Masculino)<br \/>20:00 \u2013 Premiaci\u00f3n final<\/p>\n<\/p><\/div>\n<p><script async defer crossorigin=\"anonymous\" src=\"https:\/\/connect.facebook.net\/es_ES\/sdk.js#xfbml=1&#038;version=v3.3\"><\/script><\/p>\n","protected":false},"excerpt":{"rendered":"<p>Por primera vez en la historia, San Juan ser\u00e1 anfitriona del Campeonato Panamericano de Futsal de Sordos, un evento internacional que reunir\u00e1 a m\u00e1s de 100 deportistas de distintos pa\u00edses del continente en el Estadio Aldo Cantoni. Desde el 4 al 8 de mayo se disputar\u00e1 el 3\u00b0 Campeonato Panamericano de Futsal de Sordos 2026, [&hellip;]<\/p>\n","protected":false},"author":2,"featured_media":234341,"comment_status":"closed","ping_status":"closed","sticky":false,"template":"","format":"standard","meta":{"footnotes":""},"categories":[27],"tags":[],"class_list":["post-234340","post","type-post","status-publish","format-standard","has-post-thumbnail","hentry","category-san-juan"],"_links":{"self":[{"href":"https:\/\/radioacuariofm.com.ar\/index.php?rest_route=\/wp\/v2\/posts\/234340","targetHints":{"allow":["GET"]}}],"collection":[{"href":"https:\/\/radioacuariofm.com.ar\/index.php?rest_route=\/wp\/v2\/posts"}],"about":[{"href":"https:\/\/radioacuariofm.com.ar\/index.php?rest_route=\/wp\/v2\/types\/post"}],"author":[{"embeddable":true,"href":"https:\/\/radioacuariofm.com.ar\/index.php?rest_route=\/wp\/v2\/users\/2"}],"replies":[{"embeddable":true,"href":"https:\/\/radioacuariofm.com.ar\/index.php?rest_route=%2Fwp%2Fv2%2Fcomments&post=234340"}],"version-history":[{"count":1,"href":"https:\/\/radioacuariofm.com.ar\/index.php?rest_route=\/wp\/v2\/posts\/234340\/revisions"}],"predecessor-version":[{"id":234342,"href":"https:\/\/radioacuariofm.com.ar\/index.php?rest_route=\/wp\/v2\/posts\/234340\/revisions\/234342"}],"wp:featuredmedia":[{"embeddable":true,"href":"https:\/\/radioacuariofm.com.ar\/index.php?rest_route=\/wp\/v2\/media\/234341"}],"wp:attachment":[{"href":"https:\/\/radioacuariofm.com.ar\/index.php?rest_route=%2Fwp%2Fv2%2Fmedia&parent=234340"}],"wp:term":[{"taxonomy":"category","embeddable":true,"href":"https:\/\/radioacuariofm.com.ar\/index.php?rest_route=%2Fwp%2Fv2%2Fcategories&post=234340"},{"taxonomy":"post_tag","embeddable":true,"href":"https:\/\/radioacuariofm.com.ar\/index.php?rest_route=%2Fwp%2Fv2%2Ftags&post=234340"}],"curies":[{"name":"wp","href":"https:\/\/api.w.org\/{rel}","templated":true}]}}