{"id":234337,"date":"2026-04-28T15:16:21","date_gmt":"2026-04-28T18:16:21","guid":{"rendered":"https:\/\/radioacuariofm.com.ar\/?p=234337"},"modified":"2026-04-28T15:16:22","modified_gmt":"2026-04-28T18:16:22","slug":"el-tn-llega-a-san-juan-cronograma-de-actividades","status":"publish","type":"post","link":"https:\/\/radioacuariofm.com.ar\/?p=234337","title":{"rendered":"El TN llega a San Juan: cronograma de actividades"},"content":{"rendered":"<p><\/p>\n<div>\n<p>El TN llegar\u00e1 al Circuito San Juan Villicum este fin de semana por s\u00e9ptima vez en su historia, desde el a\u00f1o 2019 que fue su primera participaci\u00f3n con la Clase 2 y Clase 3, con victorias de Ever Franetovich en la divisi\u00f3n menor y Jos\u00e9 Manuel Urcera en la divisi\u00f3n mayor.<\/p>\n<p>La p\u00e1gina oficial de la categor\u00eda dio a conocer el cronograma oficial del fin de semana, con actividad tanto s\u00e1bado 2 como domingo 3 de mayo.<\/p>\n<p><strong>CRONOGRAMA DE ACTIVIDADES<\/strong><\/p>\n<p>S\u00e1bado 02-05<\/p>\n<p>1\u00b0 entrenamiento Clase 3 &#8211; Grupo B &#8211; 08.40 a 09.10 <br \/>1\u00b0 entrenamiento Clase 3 &#8211; Grupo A &#8211; 09:15 a 09:45 <br \/>1\u00b0 entrenamiento Clase 2 &#8211; Grupo B &#8211; 09.50 a 10.20<br \/>1\u00b0 entrenamiento Clase 2 &#8211; Grupo A &#8211; 10.25 a 10.55<br \/>2\u00b0 entrenamiento Clase 3 &#8211; Grupo B &#8211; 11.00 a 11.25<br \/>2\u00b0 entrenamiento Clase 3 &#8211; Grupo A &#8211; 11.30 a 11.55<br \/>2\u00b0 entrenamiento Clase 2 &#8211; Grupo B &#8211; 12.00 a 12.25<br \/>2\u00b0 entrenamiento Clase 2 &#8211; Grupo A &#8211; 12.30 a 12.55<\/p>\n<p>1\u00b0 clasificaci\u00f3n Clase 2 &#8211; Grupo A &#8211; 15.10 a 15.20<br \/>1\u00b0 clasificaci\u00f3n Clase 2 &#8211; Grupo B &#8211; 15.25 a 15.35<br \/>1\u00b0 clasificaci\u00f3n Clase 2 &#8211; Grupo C &#8211; 15.40 a 15.50<br \/>1\u00b0 clasificaci\u00f3n Clase 3 &#8211; Grupo A &#8211; 16.10 a 16.20<br \/>1\u00b0 clasificaci\u00f3n Clase 3 &#8211; Grupo B &#8211; 16.25 a 16.35<br \/>1\u00b0 clasificaci\u00f3n Clase 3 &#8211; Grupo C &#8211; 16.40 a 16.50<br \/>2\u00b0 clasificaci\u00f3n Clase 2 &#8211; Grupo A &#8211; 17.20 a 17.30<br \/>2\u00b0 clasificaci\u00f3n Clase 2 &#8211; Grupo B &#8211; 17.35 a 17.45<br \/>2\u00b0 clasificaci\u00f3n Clase 2 &#8211; Grupo C &#8211; 17.50 a 18.00<\/p>\n<p>Domingo 03-05<\/p>\n<p>1\u00b0 serie Clase 2 &#8211; 09:10 (5 vueltas)<br \/>2\u00b0 serie Clase 2 &#8211; 09:35 (5 vueltas)<br \/>3\u00b0 serie Clase 2 &#8211; 10:05 (5 vueltas)<\/p>\n<p>1\u00b0 serie Clase 3 &#8211; 11:20 (5 vueltas)<br \/>2\u00b0 serie Clase 3 &#8211; 11:45 (5 vueltas)<br \/>3\u00b0 serie Clase 3 &#8211; 12:10 (5 vueltas)<\/p>\n<p>Final Clase 2 &#8211; 12:55 (15 vueltas o 35 minutos)<br \/>Final Clase 3 &#8211; 14:05 (18 vueltas o 40 minutos)<\/p>\n<p><strong>VENTA DE ENTRADAS<\/strong><br \/>Las entradas ya se encuentran disponibles en el sitio autoentrada.com y ser\u00e1n v\u00e1lidas para ambas jornadas. Los valores establecidos son de $15.000 para las tribunas generales y $40.000 para el sector de boxes.<\/p>\n<\/p><\/div>\n<p><script async defer crossorigin=\"anonymous\" src=\"https:\/\/connect.facebook.net\/es_ES\/sdk.js#xfbml=1&#038;version=v3.3\"><\/script><\/p>\n","protected":false},"excerpt":{"rendered":"<p>El TN llegar\u00e1 al Circuito San Juan Villicum este fin de semana por s\u00e9ptima vez en su historia, desde el a\u00f1o 2019 que fue su primera participaci\u00f3n con la Clase 2 y Clase 3, con victorias de Ever Franetovich en la divisi\u00f3n menor y Jos\u00e9 Manuel Urcera en la divisi\u00f3n mayor. La p\u00e1gina oficial de [&hellip;]<\/p>\n","protected":false},"author":2,"featured_media":234338,"comment_status":"closed","ping_status":"closed","sticky":false,"template":"","format":"standard","meta":{"footnotes":""},"categories":[27],"tags":[],"class_list":["post-234337","post","type-post","status-publish","format-standard","has-post-thumbnail","hentry","category-san-juan"],"_links":{"self":[{"href":"https:\/\/radioacuariofm.com.ar\/index.php?rest_route=\/wp\/v2\/posts\/234337","targetHints":{"allow":["GET"]}}],"collection":[{"href":"https:\/\/radioacuariofm.com.ar\/index.php?rest_route=\/wp\/v2\/posts"}],"about":[{"href":"https:\/\/radioacuariofm.com.ar\/index.php?rest_route=\/wp\/v2\/types\/post"}],"author":[{"embeddable":true,"href":"https:\/\/radioacuariofm.com.ar\/index.php?rest_route=\/wp\/v2\/users\/2"}],"replies":[{"embeddable":true,"href":"https:\/\/radioacuariofm.com.ar\/index.php?rest_route=%2Fwp%2Fv2%2Fcomments&post=234337"}],"version-history":[{"count":1,"href":"https:\/\/radioacuariofm.com.ar\/index.php?rest_route=\/wp\/v2\/posts\/234337\/revisions"}],"predecessor-version":[{"id":234339,"href":"https:\/\/radioacuariofm.com.ar\/index.php?rest_route=\/wp\/v2\/posts\/234337\/revisions\/234339"}],"wp:featuredmedia":[{"embeddable":true,"href":"https:\/\/radioacuariofm.com.ar\/index.php?rest_route=\/wp\/v2\/media\/234338"}],"wp:attachment":[{"href":"https:\/\/radioacuariofm.com.ar\/index.php?rest_route=%2Fwp%2Fv2%2Fmedia&parent=234337"}],"wp:term":[{"taxonomy":"category","embeddable":true,"href":"https:\/\/radioacuariofm.com.ar\/index.php?rest_route=%2Fwp%2Fv2%2Fcategories&post=234337"},{"taxonomy":"post_tag","embeddable":true,"href":"https:\/\/radioacuariofm.com.ar\/index.php?rest_route=%2Fwp%2Fv2%2Ftags&post=234337"}],"curies":[{"name":"wp","href":"https:\/\/api.w.org\/{rel}","templated":true}]}}