{"id":234325,"date":"2026-04-28T14:24:54","date_gmt":"2026-04-28T17:24:54","guid":{"rendered":"https:\/\/radioacuariofm.com.ar\/?p=234325"},"modified":"2026-04-28T14:24:56","modified_gmt":"2026-04-28T17:24:56","slug":"se-afianzan-los-servicios-religiosos-en-la-penitenciaria","status":"publish","type":"post","link":"https:\/\/radioacuariofm.com.ar\/?p=234325","title":{"rendered":"Se afianzan los servicios religiosos en la penitenciar\u00eda"},"content":{"rendered":"<p><\/p>\n<div>\n<p>El Ministerio de Gobierno particip\u00f3 del 1\u00ba Congreso Internacional Carcelario, que reuni\u00f3 a organismos como Federaci\u00f3n Argentina de Pastores Evang\u00e9licos (FAPE), Patronato de Liberados, Consejo Pastoral, autoridades del \u00e1mbito judicial, profesionales de la psicolog\u00eda y religiosos, en dos jornadas enfocadas en acciones enfocadas en la salud mental en contextos de encierro y reinserci\u00f3n social.<\/p>\n<div class=\"embera-embed-responsive embera-embed-responsive-photo embera-embed-responsive-provider-flickr\"><a data-flickr-embed=\"true\" href=\"https:\/\/www.flickr.com\/photos\/gobiernodesanjuan\/55236851620\/\" title=\"2026-04-28 GOBIERNO Se afianzan los servicios religiosos en el Penitenciario by Gobierno de San Juan, on Flickr\"><\/a><\/div>\n<p>La Direcci\u00f3n de Cultos y ONG, dependiente de la Secretar\u00eda de Relaciones Institucionales del Ministerio de Gobierno, present\u00f3 una disertaci\u00f3n basada en el nexo con el Servicio Penitenciario Provincial (SPP), v\u00ednculo mediante el cual se avanz\u00f3 en la institucionalizaci\u00f3n del ingreso de ministros religiosos para la asistencia de los internos. Esta herramienta se articula mediante la creaci\u00f3n de la oficina de Cultos en el SPP, con la integraci\u00f3n entre el Registro Nacional de Cultos y la oficina de Cultos del Penitenciario.<\/p>\n<div class=\"embera-embed-responsive embera-embed-responsive-photo embera-embed-responsive-provider-flickr\"><a data-flickr-embed=\"true\" href=\"https:\/\/www.flickr.com\/photos\/gobiernodesanjuan\/55236445801\/\" title=\"2026-04-28 GOBIERNO Se afianzan los servicios religiosos en el Penitenciario by Gobierno de San Juan, on Flickr\"><img decoding=\"async\" class=\"embera-embed-responsive-item embera-embed-responsive-item-photo\" src=\"https:\/\/live.staticflickr.com\/65535\/55236445801_59d24d3de9_b.jpg\" alt=\"2026-04-28 GOBIERNO Se afianzan los servicios religiosos en el Penitenciario\"\/><\/a><\/div>\n<p>Otros puntos a tratar durante el Congreso fueron Justicia Restaurativa, evangelizaci\u00f3n en contexto de encierro y atenci\u00f3n en c\u00e1rceles de mujeres y hombres, as\u00ed como depresi\u00f3n en contextos de encierro y un panel compuesto por especialistas en salud mental.<\/p>\n<\/p><\/div>\n<p><script async defer crossorigin=\"anonymous\" src=\"https:\/\/connect.facebook.net\/es_ES\/sdk.js#xfbml=1&#038;version=v3.3\"><\/script><\/p>\n","protected":false},"excerpt":{"rendered":"<p>El Ministerio de Gobierno particip\u00f3 del 1\u00ba Congreso Internacional Carcelario, que reuni\u00f3 a organismos como Federaci\u00f3n Argentina de Pastores Evang\u00e9licos (FAPE), Patronato de Liberados, Consejo Pastoral, autoridades del \u00e1mbito judicial, profesionales de la psicolog\u00eda y religiosos, en dos jornadas enfocadas en acciones enfocadas en la salud mental en contextos de encierro y reinserci\u00f3n social. La [&hellip;]<\/p>\n","protected":false},"author":2,"featured_media":234326,"comment_status":"closed","ping_status":"closed","sticky":false,"template":"","format":"standard","meta":{"footnotes":""},"categories":[27],"tags":[],"class_list":["post-234325","post","type-post","status-publish","format-standard","has-post-thumbnail","hentry","category-san-juan"],"_links":{"self":[{"href":"https:\/\/radioacuariofm.com.ar\/index.php?rest_route=\/wp\/v2\/posts\/234325","targetHints":{"allow":["GET"]}}],"collection":[{"href":"https:\/\/radioacuariofm.com.ar\/index.php?rest_route=\/wp\/v2\/posts"}],"about":[{"href":"https:\/\/radioacuariofm.com.ar\/index.php?rest_route=\/wp\/v2\/types\/post"}],"author":[{"embeddable":true,"href":"https:\/\/radioacuariofm.com.ar\/index.php?rest_route=\/wp\/v2\/users\/2"}],"replies":[{"embeddable":true,"href":"https:\/\/radioacuariofm.com.ar\/index.php?rest_route=%2Fwp%2Fv2%2Fcomments&post=234325"}],"version-history":[{"count":1,"href":"https:\/\/radioacuariofm.com.ar\/index.php?rest_route=\/wp\/v2\/posts\/234325\/revisions"}],"predecessor-version":[{"id":234327,"href":"https:\/\/radioacuariofm.com.ar\/index.php?rest_route=\/wp\/v2\/posts\/234325\/revisions\/234327"}],"wp:featuredmedia":[{"embeddable":true,"href":"https:\/\/radioacuariofm.com.ar\/index.php?rest_route=\/wp\/v2\/media\/234326"}],"wp:attachment":[{"href":"https:\/\/radioacuariofm.com.ar\/index.php?rest_route=%2Fwp%2Fv2%2Fmedia&parent=234325"}],"wp:term":[{"taxonomy":"category","embeddable":true,"href":"https:\/\/radioacuariofm.com.ar\/index.php?rest_route=%2Fwp%2Fv2%2Fcategories&post=234325"},{"taxonomy":"post_tag","embeddable":true,"href":"https:\/\/radioacuariofm.com.ar\/index.php?rest_route=%2Fwp%2Fv2%2Ftags&post=234325"}],"curies":[{"name":"wp","href":"https:\/\/api.w.org\/{rel}","templated":true}]}}