{"id":234315,"date":"2026-04-28T13:32:55","date_gmt":"2026-04-28T16:32:55","guid":{"rendered":"https:\/\/radioacuariofm.com.ar\/?p=234315"},"modified":"2026-04-28T13:32:55","modified_gmt":"2026-04-28T16:32:55","slug":"san-juan-estara-presente-en-la-tercera-fecha-de-la-liga-argentina-de-padel-de-menores","status":"publish","type":"post","link":"https:\/\/radioacuariofm.com.ar\/?p=234315","title":{"rendered":"San Juan estar\u00e1 presente en la tercera fecha de la Liga Argentina de P\u00e1del de menores"},"content":{"rendered":"<p><\/p>\n<div>\n<p>La <strong>Liga Argentina de p\u00e1del de menores<\/strong> disputar\u00e1 la tercera fecha de la temporada en <strong>Luj\u00e1n de Cuyo, Mendoza<\/strong> con 215 parejas de distintas partes del pa\u00eds. La sede central ser\u00e1n las instalaciones de Indoor Mendoza y la subsede, el <strong>Arena P\u00e1del Mendoza.<\/strong><\/p>\n<p>Luego de las dos primeras fechas disputadas en Catamarca y San Francisco, C\u00f3rdoba, nuevamente se contar\u00e1 con la presencia de jugadores sanjuaninos.<\/p>\n<p>Esta Liga re\u00fane a los mejores jugadores menores del pa\u00eds en nueve fechas, en distintas sedes a lo largo de Argentina y con una modalidad de puntaje renovada que premia la regularidad y el rendimiento a lo largo de la temporada.<\/p>\n<p><strong>San Juan estar\u00e1 presente con diecis\u00e9is representantes, el mayor n\u00famero de padlistas locales que se presentan en una fecha nacional en la presente temporada.<\/strong><\/p>\n<p><strong>Yaser Na\u00edm Deche<\/strong> <strong>(Rawson) &#8211; Francisco Orme\u00f1o Gim\u00e9nez (Rivadavia) <\/strong>vienen de ganar los dos torneos jugados en categor\u00eda Sub 14 B y se posicionan como la pareja N\u00b01 del pa\u00eds. En Mendoza debutar\u00e1n enfrentando al ganador del partido Carriola-Ditomaso y Ferrero-Bortolotti. El partido de los sanjuaninos se jugar\u00e1 el viernes a las 18:45 en la cancha 1 de Indoor Mendoza.<\/p>\n<p>En la misma categor\u00eda, <strong>Benjam\u00edn Peze (San Juan) <\/strong>y Francisco Buey Minnig (Olavarr\u00eda) jugar\u00e1n ante la pareja de Junin, Costantino Castro y Benjam\u00edn Benazzo, en la cancha 11 de Indoor Mendoza el viernes 1 de mayo a las 13:45.<\/p>\n<p>Tambi\u00e9n en Sub 14 B representar\u00e1n a San Juan, <strong>Giuliano Gordillo (Rawson) <\/strong>y <strong>Homero Castro Boglione (Capital) <\/strong>tendr\u00e1n su primer enfrentamiento con la pareja conformada por Juli\u00e1n Revuelta y Lisandro Molinas Arrieta.<\/p>\n<p><strong>Oriana Zamira Gim\u00e9nez Carri\u00f3n <\/strong>jugar\u00e1 junto a Aitana Grumelli (General Pico) en Sub 16 A Damas. El primer partido del torneo ser\u00e1 en la cancha 1 del Indoor Mendoza ante las bonaerenses Juana Paz Garbuglia (Moreno) y Lola Toledo Temoche (Chacabuco).<\/p>\n<p><strong>Julieta G\u00f3mez Dalm\u00f3nego (Media Agua) \u2013 <\/strong>Santina Mendoza (Daireaux, Buenos Aires) estar\u00e1n en Sub 14 A Damas enfrentando a Camila Gonz\u00e1lez Muinos (Ca\u00f1uelas, Buenos Aires) e Iara Ortigosa (Tandil, Buenos Aires). Ser\u00e1 en Arena P\u00e1del el viernes a las 13:45.<\/p>\n<p>En Sub 12 masculino, <strong>Amir Gim\u00e9nez (Albard\u00f3n) <\/strong>jugar\u00e1 junto a <strong>Giuliano Gordillo (Rawson) <\/strong>y sus primeros rivales ser\u00e1n Bautista Tosso y Bautista Merino, de Buenos Aires.<\/p>\n<p>En la misma categor\u00eda se presentar\u00e1n <strong>Catriel Alameda<\/strong> y <strong>Pedro Sosa<\/strong> jugar\u00e1n ante Giovanni Pedersoli (Irala, Buenos Aires) \u2013 Valentino Porcel de Peralta (Alta Gracia, C\u00f3rdoba) en Indoor Mendoza, el viernes a las 10 en cancha 2 de Indoor Mendoza.<\/p>\n<p>Tambi\u00e9n en sub 12 estar\u00e1 <strong>Felipe Peze (Chimbas)<\/strong> junto a <strong>Noam Gordillo Cabrelli<\/strong> <strong>(Rawson) <\/strong>quienes debutar\u00e1n ante el binomio Lorenzo Siage (R\u00edo Tercero, C\u00f3rdoba) \u2013 Bruno Gamero (Villa General Belgrano, C\u00f3rdoba), el viernes a las 10 en Indoor Mendoza (cancha 1).<\/p>\n<p><strong>Jorge Castro Ribes (Valle F\u00e9rtil) \u2013 <\/strong>El\u00edas Villegas G\u00f3mez (La Rioja) en Sub 16 Masculino tendr\u00e1n el primer encuentro del campeonato el viernes en horas de la ma\u00f1ana con rival que a\u00fan resta definir; el partido se jugar\u00e1 en Arena P\u00e1del.<\/p>\n<p>En Sub 16 Masculino A, San Juan tendr\u00e1 una dupla en competencia: <strong>Juan Cruz Chiffel <\/strong>y <strong>Uriel Alameda<\/strong>, ambos de Rivadavia, que jugar\u00e1n el primer partido del fin de semana frente a Agust\u00edn Ferreira (San Jos\u00e9, Misiones) y Francisco Bozzola (Pilar, Buenos Aires). El match se disputar\u00e1 el viernes a las 11:15 en Arena P\u00e1del.<\/p>\n<\/p><\/div>\n<p><script async defer crossorigin=\"anonymous\" src=\"https:\/\/connect.facebook.net\/es_ES\/sdk.js#xfbml=1&#038;version=v3.3\"><\/script><\/p>\n","protected":false},"excerpt":{"rendered":"<p>La Liga Argentina de p\u00e1del de menores disputar\u00e1 la tercera fecha de la temporada en Luj\u00e1n de Cuyo, Mendoza con 215 parejas de distintas partes del pa\u00eds. La sede central ser\u00e1n las instalaciones de Indoor Mendoza y la subsede, el Arena P\u00e1del Mendoza. Luego de las dos primeras fechas disputadas en Catamarca y San Francisco, [&hellip;]<\/p>\n","protected":false},"author":2,"featured_media":0,"comment_status":"closed","ping_status":"closed","sticky":false,"template":"","format":"standard","meta":{"footnotes":""},"categories":[27],"tags":[],"class_list":["post-234315","post","type-post","status-publish","format-standard","hentry","category-san-juan"],"_links":{"self":[{"href":"https:\/\/radioacuariofm.com.ar\/index.php?rest_route=\/wp\/v2\/posts\/234315","targetHints":{"allow":["GET"]}}],"collection":[{"href":"https:\/\/radioacuariofm.com.ar\/index.php?rest_route=\/wp\/v2\/posts"}],"about":[{"href":"https:\/\/radioacuariofm.com.ar\/index.php?rest_route=\/wp\/v2\/types\/post"}],"author":[{"embeddable":true,"href":"https:\/\/radioacuariofm.com.ar\/index.php?rest_route=\/wp\/v2\/users\/2"}],"replies":[{"embeddable":true,"href":"https:\/\/radioacuariofm.com.ar\/index.php?rest_route=%2Fwp%2Fv2%2Fcomments&post=234315"}],"version-history":[{"count":0,"href":"https:\/\/radioacuariofm.com.ar\/index.php?rest_route=\/wp\/v2\/posts\/234315\/revisions"}],"wp:attachment":[{"href":"https:\/\/radioacuariofm.com.ar\/index.php?rest_route=%2Fwp%2Fv2%2Fmedia&parent=234315"}],"wp:term":[{"taxonomy":"category","embeddable":true,"href":"https:\/\/radioacuariofm.com.ar\/index.php?rest_route=%2Fwp%2Fv2%2Fcategories&post=234315"},{"taxonomy":"post_tag","embeddable":true,"href":"https:\/\/radioacuariofm.com.ar\/index.php?rest_route=%2Fwp%2Fv2%2Ftags&post=234315"}],"curies":[{"name":"wp","href":"https:\/\/api.w.org\/{rel}","templated":true}]}}