{"id":234306,"date":"2026-04-28T12:46:04","date_gmt":"2026-04-28T15:46:04","guid":{"rendered":"https:\/\/radioacuariofm.com.ar\/?p=234306"},"modified":"2026-04-28T12:46:05","modified_gmt":"2026-04-28T15:46:05","slug":"inflacion-en-torno-al-31-reservas-en-record-y-elecciones-bajo-la-lupa-el-diagnostico-de-cuatro-economistas-sobre-la-argentina","status":"publish","type":"post","link":"https:\/\/radioacuariofm.com.ar\/?p=234306","title":{"rendered":"Inflaci\u00f3n en torno al 31%, reservas en r\u00e9cord y elecciones bajo la lupa: el diagn\u00f3stico de cuatro economistas sobre la Argentina"},"content":{"rendered":"<p><\/p>\n<div>\n<p class=\"com-paragraph  --capital --s\">Cuatro de los economistas m\u00e1s seguidos del mercado se juntaron en la ExpoEFI para debatir qu\u00e9 puede esperarse de la econom\u00eda argentina de cara a 2027. <strong>Marina Dal Poggetto (Eco Go), Andr\u00e9s Borenstein (BTG Pactual Argentina), Pilar Tavella (Balanz) y Emmanuel \u00c1lvarez Agis (PXQ) <\/strong>ofrecieron diagn\u00f3sticos que combinaron optimismo moderado con advertencias sobre los flancos m\u00e1s d\u00e9biles del programa econ\u00f3mico: <strong>la inflaci\u00f3n que no termina de ceder, el cr\u00e9dito que no despega al ritmo esperado<\/strong> y un calendario electoral que ya empieza a pesar sobre las decisiones de pol\u00edtica.<\/p>\n<p class=\"com-paragraph   --s\">Dal Poggetto abri\u00f3 el panel con una lectura estructural. Toda estabilizaci\u00f3n, dijo, <strong>requiere tres v\u00e9rtices: un programa micro, uno macro y trabajo sobre la gobernabilidad.<\/strong> En su evaluaci\u00f3n, el ordenamiento macroecon\u00f3mico funcion\u00f3 mejor de lo que promet\u00eda el discurso original de campa\u00f1a \u2014m\u00e1s pragm\u00e1tico, m\u00e1s gradual\u2014, pero la dimensi\u00f3n micro mostr\u00f3 deterioro: <strong>los ingresos reales no acompa\u00f1aron<\/strong>. En gobernabilidad, el Gobierno arranc\u00f3 sin caudal pol\u00edtico y fue acumulando. <\/p>\n<div class=\"content-media\">\n<section role=\"button\" class=\"mod-media   \">\n<figure role=\"button\" tabindex=\"0\" class=\"mod-figure \"><figcaption class=\"mod-figcaption\"><span class=\"com-text --caption --twoxs\">Marina Dal Poggetto, de Eco Go, advirti\u00f3 que el programa econ\u00f3mico depende m\u00e1s de lo financiero que de lo fiscal, y que el d\u00f3lar como ancla requiere inyectar divisas en forma permanente porque los argentinos siguen comprando<\/span><span class=\"com-text --credit --twoxs\">Fabi\u00e1n  Marelli<\/span><\/figcaption><\/figure>\n<\/section>\n<\/div>\n<p class=\"com-paragraph   --s\">El esquema cambiario fue uno de sus focos. El d\u00f3lar sigui\u00f3 funcionando como ancla a lo largo de distintas mutaciones del r\u00e9gimen: del crawling al 2%, al 1%, a la flotaci\u00f3n sin intervenci\u00f3n y, <strong>finalmente, a la flotaci\u00f3n con compra de d\u00f3lares<\/strong>. El mecanismo funciona cuando el tipo de cambio se queda quieto y la tasa est\u00e1 por debajo de la inflaci\u00f3n. <\/p>\n<p class=\"com-paragraph   --s\">\u201cEl esquema del ministro es hacerle perder plata a los que compran d\u00f3lares, <strong>lo cual requiere inyectar d\u00f3lares todo el tiempo porque los argentinos siguen comprando<\/strong>\u201d, se\u00f1al\u00f3. Durante el proceso electoral del a\u00f1o pasado, ese esquema hizo agua. Y su advertencia sobre el programa fue contundente: <strong>\u201cNo depende tanto del programa fiscal, sino del financiero.\u201d<\/strong><\/p>\n<p class=\"com-paragraph   --s\">Borenstein fue el m\u00e1s expl\u00edcito sobre el dato de marzo. La inflaci\u00f3n del 3,4% respondi\u00f3 a una combinaci\u00f3n de shocks \u2014precios regulados, combustibles, carne, estacionalidad educativa\u2014 pero tambi\u00e9n a un factor end\u00f3geno: la inercia. \u201cUna pol\u00edtica monetaria sin ancla expl\u00edcita contribuy\u00f3 a ese resultado\u201d, se\u00f1al\u00f3. <strong>Su proyecci\u00f3n para abril es 2,4%; Dal Poggetto la ubica en 2,5%.<\/strong> Para mayo, Borenstein ve una chance razonable de llegar al 2%. <\/p>\n<div class=\"content-media\">\n<section role=\"button\" class=\"mod-media   \">\n<figure role=\"button\" tabindex=\"0\" class=\"mod-figure \"><figcaption class=\"mod-figcaption\"><span class=\"com-text --caption --twoxs\">Andr\u00e9s Borenstein, de BTG Pactual Argentina, proyect\u00f3 una inflaci\u00f3n de 2,4% para abril y un crecimiento de entre 3,5% y 4% para el a\u00f1o, impulsado por inversiones, exportaciones y una recuperaci\u00f3n gradual del cr\u00e9dito<\/span><span class=\"com-text --credit --twoxs\">Fabi\u00e1n  Marelli<\/span><\/figcaption><\/figure>\n<\/section>\n<\/div>\n<p class=\"com-paragraph   --s\">En actividad, fue el m\u00e1s constructivo del panel: estim\u00f3 que el primer trimestre ser\u00e1 el peor del a\u00f1o \u2014apenas +0,3% trimestral\u2014 <strong>pero proyect\u00f3 una expansi\u00f3n de entre 3,5% y 4% para 2026 en su conjunto, apoyada en inversiones, exportaciones y una recuperaci\u00f3n gradual del cr\u00e9dito<\/strong>. \u201cSi hay cr\u00e9dito, el comercio va a vender. La construcci\u00f3n podr\u00eda mejorar. Los servicios andan bien\u201d, sintetiz\u00f3. El consumo, en cambio, crecer\u00eda menos, en torno al 2,8%.<\/p>\n<p class=\"com-paragraph   --s\">Tavella destac\u00f3 la acumulaci\u00f3n de reservas como la novedad m\u00e1s relevante del a\u00f1o. El <strong>Banco Central compr\u00f3 US$6500 millones entre enero y abril, la cifra m\u00e1s alta para el per\u00edodo desde 2003<\/strong> y equivalente al 1% del PBI. \u201cAntes dec\u00edan que no les importaban las reservas, ahora s\u00ed\u201d, resumi\u00f3, en referencia al giro expl\u00edcito que el equipo econ\u00f3mico hizo en diciembre.<strong> Su estimaci\u00f3n es que el Banco Central acumular\u00e1 US$10.000 millones de reservas netas en el a\u00f1o<\/strong>, impulsado por un super\u00e1vit comercial que super\u00f3 en US$10.000 millones las proyecciones de fines de 2025, gracias al shock de precios de Medio Oriente, al aumento de la producci\u00f3n y a la ca\u00edda de las importaciones energ\u00e9ticas. <\/p>\n<p class=\"com-paragraph   --s\">\u201cLa Argentina va a tener este a\u00f1o un leve super\u00e1vit de cuenta corriente\u201d, proyect\u00f3. Si las reservas suben, el riesgo pa\u00eds baja; y si el riesgo pa\u00eds baja, <strong>el pa\u00eds podr\u00eda acceder al mercado externo para prefinanciar parte de 2027 y llegar mejor parado al a\u00f1o electoral<\/strong>.<\/p>\n<div class=\"content-media\">\n<section role=\"button\" class=\"mod-media   \">\n<figure role=\"button\" tabindex=\"0\" class=\"mod-figure \"><figcaption class=\"mod-figcaption\"><span class=\"com-text --caption --twoxs\">Pilar Tavella, de Balanz, destac\u00f3 que el Banco Central compr\u00f3 US$6500 millones entre enero y abril \u2014la cifra m\u00e1s alta para el periodo desde 2003\u2014 y estim\u00f3 que este a\u00f1o se acumular\u00e1n US$10.000 millones en reservas netas<\/span><span class=\"com-text --credit --twoxs\">Fabi\u00e1n  Marelli<\/span><\/figcaption><\/figure>\n<\/section>\n<\/div>\n<p class=\"com-paragraph   --s\">\u00c1lvarez Agis aport\u00f3 una lectura pol\u00edtica sobre el giro reciente del equipo econ\u00f3mico. <strong>\u201cEl Gobierno se movi\u00f3 del fundamentalismo de bajar la inflaci\u00f3n cueste lo que cueste y ahora dice cuidemos la actividad\u201d<\/strong>, indic\u00f3. <\/p>\n<p class=\"com-paragraph   --s\">Como evidencia, enumer\u00f3 la baja de tasas, la decisi\u00f3n de importar GNL en lugar de privatizar la cadena, el uso del Banco Naci\u00f3n para dar cuotas sin inter\u00e9s y el congelamiento de naftas por 45 d\u00edas. Tambi\u00e9n mencion\u00f3 que <strong>el presidente Javier Milei retuite\u00f3 un trabajo acad\u00e9mico que sostiene que bajar la inflaci\u00f3n de 200% a 30% lleva dos a\u00f1os, pero de 30% a un d\u00edgito puede tardar mucho m\u00e1s<\/strong>. Su proyecci\u00f3n para el a\u00f1o: inflaci\u00f3n en torno al 31%, similar a la de 2025.<\/p>\n<p class=\"com-paragraph   --s\">El cierre del panel gir\u00f3 en torno a la pol\u00edtica. Dal Poggetto plante\u00f3 cuatro fuerzas que van a definir c\u00f3mo sigue la econom\u00eda: <strong>lo financiero, la econom\u00eda real, las encuestas y la gobernabilidad. <\/strong>Hoy, dijo, lo financiero est\u00e1 estabilizado y la gobernabilidad mejor\u00f3 por el caudal pol\u00edtico acumulado en el Congreso, pero la econom\u00eda real y las encuestas tiran para abajo. <strong>\u201cLa pregunta es si la gobernabilidad y lo financiero ordenan la econom\u00eda real y las encuestas, o si la econom\u00eda real sigue traccionando las encuestas<\/strong> y empieza a <em>joder <\/em>lo financiero, como pas\u00f3 en el segundo semestre de 2025.\u201d <\/p>\n<div class=\"content-media\">\n<section role=\"button\" class=\"mod-media   \">\n<figure role=\"button\" tabindex=\"0\" class=\"mod-figure \"><figcaption class=\"mod-figcaption\"><span class=\"com-text --caption --twoxs\">Emmanuel \u00c1lvarez Agis, de PXQ, se\u00f1al\u00f3 que el Gobierno abandon\u00f3 el fundamentalismo antiinflacionario para priorizar la actividad y proyect\u00f3 una inflaci\u00f3n en torno al 31% para el a\u00f1o; advirti\u00f3 adem\u00e1s que la definici\u00f3n sobre las primarias puede mover los bonos hasta 30 d\u00f3lares<\/span><span class=\"com-text --credit --twoxs\">Fabi\u00e1n  Marelli<\/span><\/figcaption><\/figure>\n<\/section>\n<\/div>\n<p class=\"com-paragraph   --s\">Tavella fue m\u00e1s optimista sobre el escenario electoral. Compar\u00f3 la situaci\u00f3n actual con la de Macri en 2019 \u2014d\u00e9ficit de cuenta corriente superior al 4% del PBI, entrada masiva de capitales lista para salir, d\u00e9ficit fiscal\u2014 y se\u00f1al\u00f3 que Milei parte de una posici\u00f3n distinta. \u201cPuede haber compra de d\u00f3lares, pero no est\u00e1 el mismo riesgo. <strong>La heterogeneidad del empleo puede ser un desaf\u00edo, pero es un desaf\u00edo distinto al de una corrida cambiaria\u201d<\/strong>, dijo.<\/p>\n<p class=\"com-paragraph   --s\">\u00c1lvarez Agis cerr\u00f3 con la variable que, seg\u00fan \u00e9l, puede mover los bonos hasta 30 d\u00f3lares para arriba o 10 d\u00f3lares para abajo: las primarias. Con Macri y Cristina Kirchner en el ocaso de sus liderazgos, el sistema de ballotage abre un juego complejo. \u201c<strong>Si no hay primarias, puede haber una alternativa de centro derecha como tercera fuerza.<\/strong> Si la oposici\u00f3n es inteligente, trata de meter al tercero adentro de sus primarias y entonces hay solo dos partidos\u201d, explic\u00f3. Esa definici\u00f3n, dijo, es la que est\u00e1n mirando todos los l\u00edderes pol\u00edticos \u2014<strong>y la que puede determinar el riesgo pol\u00edtico de los pr\u00f3ximos meses<\/strong>.<\/p>\n<section class=\"container-center-100 mb-40 border border-bottom border-thin border-neutral-light-700\">\n<hr\/>\n<\/section>\n<\/div>\n<p><script id=\"facebookpixel\" defer=\"\" type=\"text\/javascript\">\n        !function(f,b,e,v,n,t,s)\n        {if(f.fbq)return;n=f.fbq=function(){n.callMethod?\n        n.callMethod.apply(n,arguments):n.queue.push(arguments)};\n        if(!f._fbq)f._fbq=n;n.push=n;n.loaded=!0;n.version='2.0';\n        n.queue=[];t=b.createElement(e);t.async=!0;\n        t.src=v;s=b.getElementsByTagName(e)[0];\n        s.parentNode.insertBefore(t,s)}(window, document,'script',\n        'https:\/\/connect.facebook.net\/en_US\/fbevents.js');\n        fbq('init', '492459597522335');\n        fbq('track', 'PageView');\n    <\/script><\/p>\n","protected":false},"excerpt":{"rendered":"<p>Cuatro de los economistas m\u00e1s seguidos del mercado se juntaron en la ExpoEFI para debatir qu\u00e9 puede esperarse de la econom\u00eda argentina de cara a 2027. Marina Dal Poggetto (Eco Go), Andr\u00e9s Borenstein (BTG Pactual Argentina), Pilar Tavella (Balanz) y Emmanuel \u00c1lvarez Agis (PXQ) ofrecieron diagn\u00f3sticos que combinaron optimismo moderado con advertencias sobre los flancos [&hellip;]<\/p>\n","protected":false},"author":2,"featured_media":234307,"comment_status":"closed","ping_status":"closed","sticky":false,"template":"","format":"standard","meta":{"footnotes":""},"categories":[28],"tags":[],"class_list":["post-234306","post","type-post","status-publish","format-standard","has-post-thumbnail","hentry","category-economia"],"_links":{"self":[{"href":"https:\/\/radioacuariofm.com.ar\/index.php?rest_route=\/wp\/v2\/posts\/234306","targetHints":{"allow":["GET"]}}],"collection":[{"href":"https:\/\/radioacuariofm.com.ar\/index.php?rest_route=\/wp\/v2\/posts"}],"about":[{"href":"https:\/\/radioacuariofm.com.ar\/index.php?rest_route=\/wp\/v2\/types\/post"}],"author":[{"embeddable":true,"href":"https:\/\/radioacuariofm.com.ar\/index.php?rest_route=\/wp\/v2\/users\/2"}],"replies":[{"embeddable":true,"href":"https:\/\/radioacuariofm.com.ar\/index.php?rest_route=%2Fwp%2Fv2%2Fcomments&post=234306"}],"version-history":[{"count":1,"href":"https:\/\/radioacuariofm.com.ar\/index.php?rest_route=\/wp\/v2\/posts\/234306\/revisions"}],"predecessor-version":[{"id":234308,"href":"https:\/\/radioacuariofm.com.ar\/index.php?rest_route=\/wp\/v2\/posts\/234306\/revisions\/234308"}],"wp:featuredmedia":[{"embeddable":true,"href":"https:\/\/radioacuariofm.com.ar\/index.php?rest_route=\/wp\/v2\/media\/234307"}],"wp:attachment":[{"href":"https:\/\/radioacuariofm.com.ar\/index.php?rest_route=%2Fwp%2Fv2%2Fmedia&parent=234306"}],"wp:term":[{"taxonomy":"category","embeddable":true,"href":"https:\/\/radioacuariofm.com.ar\/index.php?rest_route=%2Fwp%2Fv2%2Fcategories&post=234306"},{"taxonomy":"post_tag","embeddable":true,"href":"https:\/\/radioacuariofm.com.ar\/index.php?rest_route=%2Fwp%2Fv2%2Ftags&post=234306"}],"curies":[{"name":"wp","href":"https:\/\/api.w.org\/{rel}","templated":true}]}}