{"id":234303,"date":"2026-04-28T12:39:56","date_gmt":"2026-04-28T15:39:56","guid":{"rendered":"https:\/\/radioacuariofm.com.ar\/?p=234303"},"modified":"2026-04-28T12:39:57","modified_gmt":"2026-04-28T15:39:57","slug":"produccion-consolida-el-trabajo-regional-de-capacidades-cientificas-y-tecnologicas","status":"publish","type":"post","link":"https:\/\/radioacuariofm.com.ar\/?p=234303","title":{"rendered":"Producci\u00f3n consolida el trabajo regional de capacidades cient\u00edficas y tecnol\u00f3gicas"},"content":{"rendered":"<p><\/p>\n<div>\n<p>En la ma\u00f1ana del lunes 27 de abril, se llev\u00f3 a cabo una reuni\u00f3n institucional para la articulaci\u00f3n regional en innovaci\u00f3n, nanotecnolog\u00eda y transferencia tecnol\u00f3gica. Este encuentro tuvo como objetivo generar un espacio de trabajo entre instituciones acad\u00e9micas y actores estrat\u00e9gicos de la regi\u00f3n de Cuyo.<\/p>\n<p>De esta manera, se busca avanzar en una agenda com\u00fan orientada al fortalecimiento de capacidades en innovaci\u00f3n, transferencia tecnol\u00f3gica, creaci\u00f3n de empresas de base cient\u00edfica y desarrollo de sectores productivos estrat\u00e9gicos, especialmente miner\u00eda.<\/p>\n<p>Estuvieron presentes Germ\u00e1n von Euw, secretario de Ciencia, Tecnolog\u00eda e Innovaci\u00f3n de San Juan, Ra\u00fal Gil, Rector de la Universidad Nacional de San Luis, Pablo Pacheco, director de laboratorio INQUISAL de la Universidad Nacional de San Luis, Juan Pablo Miguel, de la Universidad Nacional de Cuyo, Esther Mart\u00ednez Villarroel, del Programa RADAR UNCUYO \/ CGVTCT, y Ariel Maratta, director del Laboratorio de Nanotecnolog\u00eda Aplicada a la Miner\u00eda del Instituto de Investigaciones Mineras de la Universidad Nacional de San Juan.<\/p>\n<p>Entre los ejes principales se abordaron temas relacionados a las estrategias de transferencia de tecnolog\u00eda en Cuyo; el intercambio sobre normativas para spin-offs y evaluaci\u00f3n de marcos comunes entre la UNSJ, UNSL y UNCuyo; la presentaci\u00f3n del Laboratorio de Nanotecnolog\u00eda Aplicada a la Miner\u00eda de la Universidad Nacional de San Juan y an\u00e1lisis de la nanotecnolog\u00eda como \u00e1rea estrat\u00e9gica regional; el relevamiento de capacidades, equipamientos, convenios y complementariedades entre instituciones; la identificaci\u00f3n de l\u00edneas de financiamiento y programas de apoyo para fortalecer esquemas de innovaci\u00f3n y desarrollo tecnol\u00f3gico y la definici\u00f3n de posibles acciones conjuntas a corto plazo.<\/p>\n<\/p><\/div>\n<p><script async defer crossorigin=\"anonymous\" src=\"https:\/\/connect.facebook.net\/es_ES\/sdk.js#xfbml=1&#038;version=v3.3\"><\/script><\/p>\n","protected":false},"excerpt":{"rendered":"<p>En la ma\u00f1ana del lunes 27 de abril, se llev\u00f3 a cabo una reuni\u00f3n institucional para la articulaci\u00f3n regional en innovaci\u00f3n, nanotecnolog\u00eda y transferencia tecnol\u00f3gica. Este encuentro tuvo como objetivo generar un espacio de trabajo entre instituciones acad\u00e9micas y actores estrat\u00e9gicos de la regi\u00f3n de Cuyo. De esta manera, se busca avanzar en una agenda [&hellip;]<\/p>\n","protected":false},"author":2,"featured_media":234304,"comment_status":"closed","ping_status":"closed","sticky":false,"template":"","format":"standard","meta":{"footnotes":""},"categories":[27],"tags":[],"class_list":["post-234303","post","type-post","status-publish","format-standard","has-post-thumbnail","hentry","category-san-juan"],"_links":{"self":[{"href":"https:\/\/radioacuariofm.com.ar\/index.php?rest_route=\/wp\/v2\/posts\/234303","targetHints":{"allow":["GET"]}}],"collection":[{"href":"https:\/\/radioacuariofm.com.ar\/index.php?rest_route=\/wp\/v2\/posts"}],"about":[{"href":"https:\/\/radioacuariofm.com.ar\/index.php?rest_route=\/wp\/v2\/types\/post"}],"author":[{"embeddable":true,"href":"https:\/\/radioacuariofm.com.ar\/index.php?rest_route=\/wp\/v2\/users\/2"}],"replies":[{"embeddable":true,"href":"https:\/\/radioacuariofm.com.ar\/index.php?rest_route=%2Fwp%2Fv2%2Fcomments&post=234303"}],"version-history":[{"count":1,"href":"https:\/\/radioacuariofm.com.ar\/index.php?rest_route=\/wp\/v2\/posts\/234303\/revisions"}],"predecessor-version":[{"id":234305,"href":"https:\/\/radioacuariofm.com.ar\/index.php?rest_route=\/wp\/v2\/posts\/234303\/revisions\/234305"}],"wp:featuredmedia":[{"embeddable":true,"href":"https:\/\/radioacuariofm.com.ar\/index.php?rest_route=\/wp\/v2\/media\/234304"}],"wp:attachment":[{"href":"https:\/\/radioacuariofm.com.ar\/index.php?rest_route=%2Fwp%2Fv2%2Fmedia&parent=234303"}],"wp:term":[{"taxonomy":"category","embeddable":true,"href":"https:\/\/radioacuariofm.com.ar\/index.php?rest_route=%2Fwp%2Fv2%2Fcategories&post=234303"},{"taxonomy":"post_tag","embeddable":true,"href":"https:\/\/radioacuariofm.com.ar\/index.php?rest_route=%2Fwp%2Fv2%2Ftags&post=234303"}],"curies":[{"name":"wp","href":"https:\/\/api.w.org\/{rel}","templated":true}]}}