{"id":234300,"date":"2026-04-28T12:13:50","date_gmt":"2026-04-28T15:13:50","guid":{"rendered":"https:\/\/radioacuariofm.com.ar\/?p=234300"},"modified":"2026-04-28T12:13:51","modified_gmt":"2026-04-28T15:13:51","slug":"sanjuaninos-en-el-deporte-motor-este-fin-de-semana","status":"publish","type":"post","link":"https:\/\/radioacuariofm.com.ar\/?p=234300","title":{"rendered":"Sanjuaninos en el deporte motor este fin de semana"},"content":{"rendered":"<p><\/p>\n<div>\n<p>Este fin de semana corri\u00f3 la TC Pick Up en La Plata con Tob\u00edas Mart\u00ednez, Valentino Guarnieri en la Iame Series Argentina de karting, y una veintena de pilotos de San Juan en el Campeonato Argentino de Enduro en Neuqu\u00e9n.<\/p>\n<p><strong>AUTOMOVILISMO<\/strong> <br \/>Tob\u00edas Mart\u00ednez corri\u00f3 en la tercera fecha de la TC Pick Up en el aut\u00f3dromo Roberto Mouras de La Plata, con la Chevrolet S10 del equipo Rus Med.<\/p>\n<p>En clasificaci\u00f3n logr\u00f3 el s\u00e9ptimo puesto y larg\u00f3 la serie desde el cuarto caj\u00f3n, peleando las 5 vueltas con Gast\u00f3n Mazzacane, Agust\u00edn Canapino y Otto Fritzler, y terminando en el quinto lugar, tras un leve despiste intentando avanzar. La competencia final la larg\u00f3 desde el d\u00e9cimo puesto y lleg\u00f3 en la octava posici\u00f3n. Actualmente est\u00e1 ubicado 13\u00b0 en el campeonato con 59 puntos.<\/p>\n<p><strong>KARTING<\/strong> <br \/>Valentino Guarnieri compiti\u00f3 dentro de la categor\u00eda Old School Senior, en el marco de la tercera fecha de la Iame Series Argentina en el kartodromo de Buenos Aires.<\/p>\n<p>En clasificaci\u00f3n se volvi\u00f3 a mostrar competitivo, quedando en el quinto puesto. La Manga 1 y 2 lo tuvo como protagonista, llegando en el 5to y 6to puesto respectivamente, al igual que el Sprint, competencia donde alcanz\u00f3 un sexto lugar. Cerr\u00f3 el fin de semana con un noveno puesto en la carrera final, teniendo posibilidades de terminar m\u00e1s adelante pero ganando confianza con el chasis Kosmic del equipo Cronos, logrando tiempos de punta y sumando puntos para el campeonato, que ahora lo tiene entre los diez primeros, con 56 puntos.<\/p>\n<p><strong>MOTOCICLISMO<\/strong><br \/>Una veintena de pilotos sanjuaninos participaron el s\u00e1bado de la tercera fecha del Campeonato Argentino de Enduro en la provincia de Neuqu\u00e9n, cosechando podios y destacadas actuaciones:<\/p>\n<p>&#8211; 1\u00b0 Puesto Peluca Hierrezuelo en Master A<br \/>&#8211; 1\u00b0 Puesto Ariel Navarro en Master C<br \/>&#8211; 1\u00b0 Puesto Manu Roda en Promocional<br \/>&#8211; 3\u00b0 Puesto Ale Escobar en Master C<br \/>&#8211; 3\u00b0 Puesto Joaqu\u00edn Carbajal en Promocional<\/p>\n<p>Y tambi\u00e9n gran trabajo de:<br \/>&#8211; Juan Cruz Mart\u00ednez<br \/>&#8211; Naim Morales<br \/>&#8211; Nicol\u00e1s Solimano<br \/>&#8211; Gonzalo Montiveros<br \/>&#8211; Emiliano Turcum\u00e1n<br \/>&#8211; Federico Garc\u00eda<br \/>&#8211; Eduardo Cort\u00e9z<br \/>&#8211; Javier Garc\u00eda<br \/>&#8211; Federico Chirino<br \/>&#8211; Jos\u00e9 Jofr\u00e9<br \/>&#8211; Marcelo Del Carril<br \/>&#8211; Pedro L\u00f3pez<br \/>&#8211; Joaqu\u00edn Castilla<br \/>&#8211; Sebasti\u00e1n Lobos<br \/>&#8211; Benjam\u00edn Morales<\/p>\n<\/p><\/div>\n<p><script async defer crossorigin=\"anonymous\" src=\"https:\/\/connect.facebook.net\/es_ES\/sdk.js#xfbml=1&#038;version=v3.3\"><\/script><\/p>\n","protected":false},"excerpt":{"rendered":"<p>Este fin de semana corri\u00f3 la TC Pick Up en La Plata con Tob\u00edas Mart\u00ednez, Valentino Guarnieri en la Iame Series Argentina de karting, y una veintena de pilotos de San Juan en el Campeonato Argentino de Enduro en Neuqu\u00e9n. AUTOMOVILISMO Tob\u00edas Mart\u00ednez corri\u00f3 en la tercera fecha de la TC Pick Up en el [&hellip;]<\/p>\n","protected":false},"author":2,"featured_media":234301,"comment_status":"closed","ping_status":"closed","sticky":false,"template":"","format":"standard","meta":{"footnotes":""},"categories":[27],"tags":[],"class_list":["post-234300","post","type-post","status-publish","format-standard","has-post-thumbnail","hentry","category-san-juan"],"_links":{"self":[{"href":"https:\/\/radioacuariofm.com.ar\/index.php?rest_route=\/wp\/v2\/posts\/234300","targetHints":{"allow":["GET"]}}],"collection":[{"href":"https:\/\/radioacuariofm.com.ar\/index.php?rest_route=\/wp\/v2\/posts"}],"about":[{"href":"https:\/\/radioacuariofm.com.ar\/index.php?rest_route=\/wp\/v2\/types\/post"}],"author":[{"embeddable":true,"href":"https:\/\/radioacuariofm.com.ar\/index.php?rest_route=\/wp\/v2\/users\/2"}],"replies":[{"embeddable":true,"href":"https:\/\/radioacuariofm.com.ar\/index.php?rest_route=%2Fwp%2Fv2%2Fcomments&post=234300"}],"version-history":[{"count":1,"href":"https:\/\/radioacuariofm.com.ar\/index.php?rest_route=\/wp\/v2\/posts\/234300\/revisions"}],"predecessor-version":[{"id":234302,"href":"https:\/\/radioacuariofm.com.ar\/index.php?rest_route=\/wp\/v2\/posts\/234300\/revisions\/234302"}],"wp:featuredmedia":[{"embeddable":true,"href":"https:\/\/radioacuariofm.com.ar\/index.php?rest_route=\/wp\/v2\/media\/234301"}],"wp:attachment":[{"href":"https:\/\/radioacuariofm.com.ar\/index.php?rest_route=%2Fwp%2Fv2%2Fmedia&parent=234300"}],"wp:term":[{"taxonomy":"category","embeddable":true,"href":"https:\/\/radioacuariofm.com.ar\/index.php?rest_route=%2Fwp%2Fv2%2Fcategories&post=234300"},{"taxonomy":"post_tag","embeddable":true,"href":"https:\/\/radioacuariofm.com.ar\/index.php?rest_route=%2Fwp%2Fv2%2Ftags&post=234300"}],"curies":[{"name":"wp","href":"https:\/\/api.w.org\/{rel}","templated":true}]}}