{"id":234255,"date":"2026-04-28T04:36:49","date_gmt":"2026-04-28T07:36:49","guid":{"rendered":"https:\/\/radioacuariofm.com.ar\/?p=234255"},"modified":"2026-04-28T04:36:50","modified_gmt":"2026-04-28T07:36:50","slug":"detuvieron-a-el-jardinero-el-posible-nuevo-jefe-del-cartel-de-jalisco-por-el-que-ofrecian-us5-000-000","status":"publish","type":"post","link":"https:\/\/radioacuariofm.com.ar\/?p=234255","title":{"rendered":"Detuvieron a \u201cEl Jardinero\u201d, el posible nuevo jefe del C\u00e1rtel de Jalisco por el que ofrec\u00edan US$5.000.000"},"content":{"rendered":"<p> <br \/>\n<\/p>\n<div>\n<p class=\"com-paragraph  --capital --s\">NAYARIT (AP).- El gobierno de <strong>M\u00e9xico <\/strong>detuvo a <strong>Audias Flores Silva<\/strong>, alias<strong> \u201cEl Jardinero\u201d<\/strong>, uno de los principales jefes del <strong>C\u00e1rtel Jalisco Nueva Generaci\u00f3n <\/strong>(CJNG), el cual era buscado por <strong>Estados Unidos<\/strong> con una recompensa de US$5.000.000. El operativo, realizado en el estado de Nayarit, incluy\u00f3 adem\u00e1s la captura de su principal operador financiero y se concret\u00f3 sin enfrentamientos armados ni v\u00edctimas, seg\u00fan inform\u00f3 el Gabinete de Seguridad.<\/p>\n<p class=\"com-paragraph   --s\">La detenci\u00f3n se produjo en las inmediaciones de la comunidad del <strong>Mirador <\/strong>durante un despliegue coordinado de la Secretar\u00eda de Marina (Semar), la Secretar\u00eda de Seguridad y la Fiscal\u00eda General de la Rep\u00fablica, que contaban con <strong>informaci\u00f3n de agencias estadounidenses<\/strong>. Del operativo participaron m\u00e1s de <strong>500 efectivos, seis helic\u00f3pteros, cuatro aeronaves <\/strong>y sistemas de inteligencia. <\/p>\n<div class=\"content-media cursor-pointer container-center-100\">\n<section class=\"media-container relative ratio-16-9 mod-media pb-32\">\n<figure class=\"mod-video\">\n<div class=\"video-player bg-black ratio-16-9\" data-has-jwplayer=\"true\" data-video-id-jw=\"fRLTLlSU\" data-config=\"{&quot;title&quot;:&quot;La Secretar\u00eda de Marina de M\u00e9xico difundi\u00f3 un video que muestra el momento de la detenci\u00f3n&quot;,&quot;mediaId&quot;:&quot;fRLTLlSU&quot;,&quot;playerId&quot;:&quot;ih0086X3&quot;,&quot;playlist&quot;:[{&quot;mediaid&quot;:&quot;fRLTLlSU&quot;,&quot;sources&quot;:[{&quot;file&quot;:&quot;https:\/\/cdn.jwplayer.com\/manifests\/fRLTLlSU.m3u8&quot;,&quot;type&quot;:&quot;application\/vnd.apple.mpegurl&quot;},{&quot;bitrate&quot;:297936,&quot;file&quot;:&quot;https:\/\/cdn.jwplayer.com\/videos\/fRLTLlSU-kTExGaWf.mp4&quot;,&quot;filesize&quot;:2569704,&quot;framerate&quot;:30,&quot;height&quot;:180,&quot;label&quot;:&quot;180p&quot;,&quot;type&quot;:&quot;video\/mp4&quot;,&quot;width&quot;:320},{&quot;bitrate&quot;:114975,&quot;file&quot;:&quot;https:\/\/cdn.jwplayer.com\/videos\/fRLTLlSU-hz5z2Tv4.m4a&quot;,&quot;filesize&quot;:991660,&quot;label&quot;:&quot;AAC Audio&quot;,&quot;type&quot;:&quot;audio\/mp4&quot;}]}],&quot;hasAutoplay&quot;:false,&quot;autostart&quot;:true,&quot;tagsUrl&quot;:&quot;https:\/\/pubads.g.doubleclick.net\/gampad\/ads?slotname=\/133919216\/la_nacion_video\/nota\/preroll&amp;sz=640x480|400x300&amp;ciu_szs=300x250&amp;unviewed_position_start=1&amp;output=vast&amp;impl=s&amp;env=vp&amp;gdfp_req=1&amp;ad_rule=0&amp;vad_type=linear&amp;vpos=preroll&amp;cust_params=tags_nuevos%3Dte_mexico%2Cca_el_mundo%2C%2CG67DCNOVYVA67GXMIQFJUQY5EQ&amp;pod=3&amp;ppos=1&amp;lip=true&amp;min_ad_duration=0&amp;max_ad_duration=30000&amp;vrid=6256&amp;url=https%3A%2F%2Fwww.lanacion.com.ar%2Fel-mundo%2Fdetuvieron-a-el-jardinero-el-jefe-del-cartel-de-jalisco-por-el-que-ofrecian-us5000000-nid28042026%2F%3Fvariant%3DA&amp;description_url=https%3A%2F%2Fwww.lanacion.com.ar%2Fel-mundo%2Fdetuvieron-a-el-jardinero-el-jefe-del-cartel-de-jalisco-por-el-que-ofrecian-us5000000-nid28042026%2F%3Fvariant%3DA&amp;video_doc_id=short_onecue&amp;cmsid=496&amp;kfa=0&amp;tfcd=0&amp;correlator=1777361197069&quot;,&quot;arcSite&quot;:&quot;la-nacion-ar&quot;,&quot;duration&quot;:&quot;69000&quot;}\">\n<div id=\"facade-fRLTLlSU\" class=\"content-facade-jw relative bg-black ratio-16-9\"><picture><source media=\"(max-width: 767px)\" srcset=\"https:\/\/resizer.glanacion.com\/resizer\/v2\/https%3A%2F%2Fcdn.jwplayer.com%2Fv2%2Fmedia%2FfRLTLlSU%2Fposter.jpg%3Fwidth%3D720?auth=31b554516a952024f78cca838322e0ab0e36feee3f42dd290c265ebb8560a89f&amp;width=480&amp;quality=70&amp;smart=false\"\/><\/picture><\/div>\n<\/div><figcaption class=\"border border-1 border-bottom border-light-300 relative px-16 py-8 min-h-36 w-100_md px-0_l mb-8 bg-white\"><span class=\"text ln-text text-16 block\">La Secretar\u00eda de Marina de M\u00e9xico difundi\u00f3 un video que muestra el momento de la detenci\u00f3n<\/span><\/figcaption><\/figure>\n<\/section>\n<\/div>\n<p class=\"com-paragraph   --s\">El sospechoso encontrado en una caba\u00f1a protegida por un dispositivo de seguridad con decenas de hombres armados y veh\u00edculos. Seg\u00fan surge de un v\u00eddeo que difundi\u00f3 la Semar, \u201cEl Jardinero\u201d estaba escondido en un conducto de desag\u00fce.<\/p>\n<p class=\"com-paragraph   --s\">Flores Silva, de 45 a\u00f1os, era considerado uno de los mandos regionales m\u00e1s relevantes del CJNG y <strong>figuraba entre los posibles sucesores de Nemesio Oseguera Cervantes, alias <\/strong><a href=\"https:\/\/www.lanacion.com.ar\/estados-unidos\/quien-era-el-mencho-el-lider-del-cartel-jalisco-nueva-generacion-por-el-que-eeuu-ofrecia-us15-nid22022026\/\" target=\"_self\" title=\"https:\/\/www.lanacion.com.ar\/estados-unidos\/quien-era-el-mencho-el-lider-del-cartel-jalisco-nueva-generacion-por-el-que-eeuu-ofrecia-us15-nid22022026\/\" class=\"com-link break-word\" data-mrf-recirculation=\"n_link_parrafo\"><strong>\u201cEl Mencho\u201d<\/strong><\/a>, abatido en febrero. Su rol dentro de la organizaci\u00f3n inclu\u00eda la coordinaci\u00f3n de actividades en Nayarit, Jalisco, M\u00e9xico y Zacatecas, vinculadas a la <strong>producci\u00f3n y distribuci\u00f3n de drogas<\/strong>, as\u00ed como la gesti\u00f3n de laboratorios clandestinos.<\/p>\n<div class=\"content-media\">\n<section role=\"button\" class=\"mod-media   \">\n<figure role=\"button\" tabindex=\"0\" class=\"mod-figure \"><figcaption class=\"mod-figcaption\"><span class=\"com-text --caption --twoxs\">Autoridades mexicanas mostraron una imagen que muestra c\u00f3mo es el lugar donde capturaron a \u00abEl Jardinero\u00bb<\/span><span class=\"com-text --credit --twoxs\">X Omar H Garc\u00eda Harfuch<\/span><\/figcaption><\/figure>\n<\/section>\n<\/div>\n<p class=\"com-paragraph   --s\">Su historial criminal incluye una condena en Estados Unidos por tr\u00e1fico de drogas, donde cumpli\u00f3 cinco a\u00f1os de prisi\u00f3n, y una detenci\u00f3n en M\u00e9xico en 2016 por su presunta participaci\u00f3n en una emboscada contra polic\u00edas en Jalisco, causa por la que recuper\u00f3 la libertad tres a\u00f1os despu\u00e9s.<\/p>\n<p class=\"com-paragraph   --s\"><strong>El inter\u00e9s de Estados Unidos por su captura <\/strong>se remonta a 2021, cuando solicit\u00f3 su extradici\u00f3n por cargos vinculados al narcotr\u00e1fico y la portaci\u00f3n ilegal de armas. Posteriormente, la <strong>Administraci\u00f3n de Control de Drogas (DEA)<\/strong> emiti\u00f3 una alerta internacional y ofreci\u00f3 una recompensa millonaria por informaci\u00f3n que permitiera su localizaci\u00f3n.<\/p>\n<div class=\"content-media cursor-pointer container-center-100\">\n<section class=\"media-container relative ratio-16-9 mod-media pb-32\">\n<figure class=\"mod-video\">\n<div class=\"video-player bg-black ratio-16-9\" data-has-jwplayer=\"true\" data-video-id-jw=\"9AoqTr2q\" data-config=\"{&quot;title&quot;:&quot;Se difundi\u00f3 un video en el se muestra a &quot;El Jardinero&quot; siendo trasladado por autoridades mexicanas&quot;,&quot;mediaId&quot;:&quot;9AoqTr2q&quot;,&quot;playerId&quot;:&quot;ih0086X3&quot;,&quot;playlist&quot;:[{&quot;mediaid&quot;:&quot;9AoqTr2q&quot;,&quot;sources&quot;:[{&quot;file&quot;:&quot;https:\/\/cdn.jwplayer.com\/manifests\/9AoqTr2q.m3u8&quot;,&quot;type&quot;:&quot;application\/vnd.apple.mpegurl&quot;},{&quot;bitrate&quot;:437471,&quot;file&quot;:&quot;https:\/\/cdn.jwplayer.com\/videos\/9AoqTr2q-kTExGaWf.mp4&quot;,&quot;filesize&quot;:5030920,&quot;framerate&quot;:30,&quot;height&quot;:180,&quot;label&quot;:&quot;180p&quot;,&quot;type&quot;:&quot;video\/mp4&quot;,&quot;width&quot;:320},{&quot;bitrate&quot;:661858,&quot;file&quot;:&quot;https:\/\/cdn.jwplayer.com\/videos\/9AoqTr2q-K8B0kybS.mp4&quot;,&quot;filesize&quot;:7611368,&quot;framerate&quot;:30,&quot;height&quot;:270,&quot;label&quot;:&quot;270p&quot;,&quot;type&quot;:&quot;video\/mp4&quot;,&quot;width&quot;:480},{&quot;bitrate&quot;:114534,&quot;file&quot;:&quot;https:\/\/cdn.jwplayer.com\/videos\/9AoqTr2q-hz5z2Tv4.m4a&quot;,&quot;filesize&quot;:1317143,&quot;label&quot;:&quot;AAC Audio&quot;,&quot;type&quot;:&quot;audio\/mp4&quot;},{&quot;bitrate&quot;:782530,&quot;file&quot;:&quot;https:\/\/cdn.jwplayer.com\/videos\/9AoqTr2q-FnZGUVnC.mp4&quot;,&quot;filesize&quot;:8999095,&quot;framerate&quot;:30,&quot;height&quot;:360,&quot;label&quot;:&quot;360p&quot;,&quot;type&quot;:&quot;video\/mp4&quot;,&quot;width&quot;:640},{&quot;bitrate&quot;:1336066,&quot;file&quot;:&quot;https:\/\/cdn.jwplayer.com\/videos\/9AoqTr2q-0G6Pwvlw.mp4&quot;,&quot;filesize&quot;:15364761,&quot;framerate&quot;:30,&quot;height&quot;:540,&quot;label&quot;:&quot;540p&quot;,&quot;type&quot;:&quot;video\/mp4&quot;,&quot;width&quot;:960}]}],&quot;hasAutoplay&quot;:false,&quot;autostart&quot;:true,&quot;tagsUrl&quot;:&quot;https:\/\/pubads.g.doubleclick.net\/gampad\/ads?slotname=\/133919216\/la_nacion_video\/nota\/preroll&amp;sz=640x480|400x300&amp;ciu_szs=300x250&amp;unviewed_position_start=1&amp;output=vast&amp;impl=s&amp;env=vp&amp;gdfp_req=1&amp;ad_rule=0&amp;vad_type=linear&amp;vpos=preroll&amp;cust_params=tags_nuevos%3Dte_mexico%2Cca_el_mundo%2C%2CG67DCNOVYVA67GXMIQFJUQY5EQ&amp;pod=3&amp;ppos=1&amp;lip=true&amp;min_ad_duration=0&amp;max_ad_duration=30000&amp;vrid=6256&amp;url=https%3A%2F%2Fwww.lanacion.com.ar%2Fel-mundo%2Fdetuvieron-a-el-jardinero-el-jefe-del-cartel-de-jalisco-por-el-que-ofrecian-us5000000-nid28042026%2F%3Fvariant%3DA&amp;description_url=https%3A%2F%2Fwww.lanacion.com.ar%2Fel-mundo%2Fdetuvieron-a-el-jardinero-el-jefe-del-cartel-de-jalisco-por-el-que-ofrecian-us5000000-nid28042026%2F%3Fvariant%3DA&amp;video_doc_id=short_onecue&amp;cmsid=496&amp;kfa=0&amp;tfcd=0&amp;correlator=1777361197070&quot;,&quot;arcSite&quot;:&quot;la-nacion-ar&quot;,&quot;duration&quot;:&quot;92000&quot;}\">\n<div id=\"facade-9AoqTr2q\" class=\"content-facade-jw relative bg-black ratio-16-9\"><picture><source media=\"(max-width: 767px)\" srcset=\"https:\/\/resizer.glanacion.com\/resizer\/v2\/https%3A%2F%2Fcdn.jwplayer.com%2Fv2%2Fmedia%2F9AoqTr2q%2Fposter.jpg%3Fwidth%3D720?auth=3fb13fe8b1a67dbeca970438d5f8f6d5c6aa14ce368ef0750bfe5246eb831436&amp;width=480&amp;quality=70&amp;smart=false\"\/><img class=\"image com-image flex --cover\" decoding=\"async\" fetchpriority=\"low\" loading=\"lazy\" src=\"https:\/\/radioacuariofm.com.ar\/wp-content\/uploads\/2026\/04\/https:\/\/cdn.jwplayer.com\/v2\/media\/9AoqTr2q\/poster.jpg\" alt=\"Se difundi\u00f3 un video en el se muestra a &quot;El Jardinero&quot; siendo trasladado por autoridades mexicanas\"\/><\/picture><\/div>\n<\/div><figcaption class=\"border border-1 border-bottom border-light-300 relative px-16 py-8 min-h-36 w-100_md px-0_l mb-8 bg-white\"><span class=\"text ln-text text-16 block\">Se difundi\u00f3 un video en el se muestra a \u00abEl Jardinero\u00bb siendo trasladado por autoridades mexicanas<\/span><\/figcaption><\/figure>\n<\/section>\n<\/div>\n<p class=\"com-paragraph   --s\"><strong>Tras la captura de \u201cEl Jardinero\u201d, se registraron incidentes en Nayarit<\/strong>, donde fueron incendiados comercios y veh\u00edculos. El Gabinete de Seguridad indic\u00f3 que no hubo personas fallecidas ni heridas, mientras que el gobierno estatal pidi\u00f3 a la poblaci\u00f3n limitar la circulaci\u00f3n y resguardarse en sus hogares.<\/p>\n<p class=\"com-paragraph   --s\">Adem\u00e1s, despu\u00e9s de esa detenci\u00f3n, se llev\u00f3 a cabo otro operativo en Jalisco, que concluy\u00f3 con la <strong>detenci\u00f3n de C\u00e9sar \u201cN\u201d, alias \u201cEl G\u00fcero Conta\u201d<\/strong>, identificado como hombre de confianza de Flores Silva y responsable de las finanzas del CJNG. Seg\u00fan las autoridades, el detenido gestionaba operaciones de lavado de dinero mediante la adquisici\u00f3n de aeronaves, embarcaciones y propiedades.<\/p>\n<div class=\"content-media cursor-pointer container-center-100\">\n<section class=\"media-container relative ratio-16-9 mod-media pb-32\">\n<figure class=\"mod-video\">\n<div class=\"video-player bg-black ratio-16-9\" data-has-jwplayer=\"true\" data-video-id-jw=\"sDYJ8XRB\" data-config=\"{&quot;title&quot;:&quot;Despu\u00e9s de la captura del jefe narco se registraron incendios en seis comercios &quot;,&quot;mediaId&quot;:&quot;sDYJ8XRB&quot;,&quot;playerId&quot;:&quot;ih0086X3&quot;,&quot;playlist&quot;:[{&quot;mediaid&quot;:&quot;sDYJ8XRB&quot;,&quot;sources&quot;:[{&quot;file&quot;:&quot;https:\/\/cdn.jwplayer.com\/manifests\/sDYJ8XRB.m3u8&quot;,&quot;type&quot;:&quot;application\/vnd.apple.mpegurl&quot;},{&quot;bitrate&quot;:462588,&quot;file&quot;:&quot;https:\/\/cdn.jwplayer.com\/videos\/sDYJ8XRB-kTExGaWf.mp4&quot;,&quot;filesize&quot;:346941,&quot;framerate&quot;:30,&quot;height&quot;:320,&quot;label&quot;:&quot;180p&quot;,&quot;type&quot;:&quot;video\/mp4&quot;,&quot;width&quot;:180},{&quot;bitrate&quot;:744413,&quot;file&quot;:&quot;https:\/\/cdn.jwplayer.com\/videos\/sDYJ8XRB-K8B0kybS.mp4&quot;,&quot;filesize&quot;:558310,&quot;framerate&quot;:30,&quot;height&quot;:480,&quot;label&quot;:&quot;270p&quot;,&quot;type&quot;:&quot;video\/mp4&quot;,&quot;width&quot;:270},{&quot;bitrate&quot;:118384,&quot;file&quot;:&quot;https:\/\/cdn.jwplayer.com\/videos\/sDYJ8XRB-hz5z2Tv4.m4a&quot;,&quot;filesize&quot;:88788,&quot;label&quot;:&quot;AAC Audio&quot;,&quot;type&quot;:&quot;audio\/mp4&quot;},{&quot;bitrate&quot;:877406,&quot;file&quot;:&quot;https:\/\/cdn.jwplayer.com\/videos\/sDYJ8XRB-FnZGUVnC.mp4&quot;,&quot;filesize&quot;:658055,&quot;framerate&quot;:30,&quot;height&quot;:640,&quot;label&quot;:&quot;360p&quot;,&quot;type&quot;:&quot;video\/mp4&quot;,&quot;width&quot;:360}]}],&quot;hasAutoplay&quot;:false,&quot;autostart&quot;:true,&quot;tagsUrl&quot;:&quot;https:\/\/pubads.g.doubleclick.net\/gampad\/ads?slotname=\/133919216\/la_nacion_video\/nota\/preroll&amp;sz=640x480|400x300&amp;ciu_szs=300x250&amp;unviewed_position_start=1&amp;output=vast&amp;impl=s&amp;env=vp&amp;gdfp_req=1&amp;ad_rule=0&amp;vad_type=linear&amp;vpos=preroll&amp;cust_params=tags_nuevos%3Dte_mexico%2Cca_el_mundo%2C%2CG67DCNOVYVA67GXMIQFJUQY5EQ&amp;pod=3&amp;ppos=1&amp;lip=true&amp;min_ad_duration=0&amp;max_ad_duration=30000&amp;vrid=6256&amp;url=https%3A%2F%2Fwww.lanacion.com.ar%2Fel-mundo%2Fdetuvieron-a-el-jardinero-el-jefe-del-cartel-de-jalisco-por-el-que-ofrecian-us5000000-nid28042026%2F%3Fvariant%3DA&amp;description_url=https%3A%2F%2Fwww.lanacion.com.ar%2Fel-mundo%2Fdetuvieron-a-el-jardinero-el-jefe-del-cartel-de-jalisco-por-el-que-ofrecian-us5000000-nid28042026%2F%3Fvariant%3DA&amp;video_doc_id=short_onecue&amp;cmsid=496&amp;kfa=0&amp;tfcd=0&amp;correlator=1777361197070&quot;,&quot;arcSite&quot;:&quot;la-nacion-ar&quot;,&quot;duration&quot;:&quot;6000&quot;}\">\n<div id=\"facade-sDYJ8XRB\" class=\"content-facade-jw relative bg-black ratio-16-9\"><picture><source media=\"(max-width: 767px)\" srcset=\"https:\/\/resizer.glanacion.com\/resizer\/v2\/https%3A%2F%2Fcdn.jwplayer.com%2Fv2%2Fmedia%2FsDYJ8XRB%2Fposter.jpg%3Fwidth%3D720?auth=33dcb1766f29907a1d9905bf10ae8e06f7865542ff5c9c96fd14cd2f9c2ebd8f&amp;width=480&amp;quality=70&amp;smart=false\"\/><img class=\"image com-image flex --cover\" decoding=\"async\" fetchpriority=\"low\" loading=\"lazy\" src=\"https:\/\/radioacuariofm.com.ar\/wp-content\/uploads\/2026\/04\/https:\/\/cdn.jwplayer.com\/v2\/media\/sDYJ8XRB\/poster.jpg\" alt=\"Despu\u00e9s de la captura del jefe narco se registraron incendios en seis comercios \"\/><\/picture><\/div>\n<\/div><figcaption class=\"border border-1 border-bottom border-light-300 relative px-16 py-8 min-h-36 w-100_md px-0_l mb-8 bg-white\"><span class=\"text ln-text text-16 block\">Despu\u00e9s de la captura del jefe narco se registraron incendios en seis comercios <\/span><\/figcaption><\/figure>\n<\/section>\n<\/div>\n<p class=\"com-paragraph   --s\">La ca\u00edda de Flores Silva, seg\u00fan indic\u00f3 <em>AP<\/em>, ocurre en un contexto de<strong> reorganizaci\u00f3n interna del CJNG<\/strong> tras la muerte de su l\u00edder hist\u00f3rico, \u201cEl Mencho\u201d. Especialistas en seguridad consideran que la detenci\u00f3n representa un impacto significativo en la estructura del grupo, aunque advierten que este tipo de organizaciones tiene capacidad para reconfigurarse y continuar operando pese a la p\u00e9rdida de sus dirigentes.<\/p>\n<p class=\"com-paragraph   --s\">El CJNG es una de las organizaciones criminales m\u00e1s extendidas de M\u00e9xico. Datos de la DEA se\u00f1alan que tiene <strong>presencia en al menos 21 de los 32 estados del pa\u00eds<\/strong>, con fuerte influencia en Jalisco, y que sus operaciones se proyectan a nivel internacional, incluyendo Estados Unidos.<\/p>\n<div class=\"content-media\">\n<section role=\"button\" class=\"mod-media   \">\n<figure role=\"button\" tabindex=\"0\" class=\"mod-figure \"><figcaption class=\"mod-figcaption\"><span class=\"com-text --caption --twoxs\">Autoridades de M\u00e9xico difundieron im\u00e1genes con detalles del momento y el lugar en el que se llev\u00f3 a cabo el operativo<\/span><span class=\"com-text --credit --twoxs\">X Omar H Garc\u00eda Harfuch<\/span><\/figcaption><\/figure>\n<\/section>\n<\/div>\n<p class=\"com-paragraph   --s\"><em>Con informaci\u00f3n de AP.<\/em><\/p>\n<section class=\"container-center-100 mb-40 border border-bottom border-thin border-neutral-light-700\">\n<hr\/>\n<\/section>\n<\/div>\n<p><script id=\"facebookpixel\" defer=\"\" type=\"text\/javascript\">\n        !function(f,b,e,v,n,t,s)\n        {if(f.fbq)return;n=f.fbq=function(){n.callMethod?\n        n.callMethod.apply(n,arguments):n.queue.push(arguments)};\n        if(!f._fbq)f._fbq=n;n.push=n;n.loaded=!0;n.version='2.0';\n        n.queue=[];t=b.createElement(e);t.async=!0;\n        t.src=v;s=b.getElementsByTagName(e)[0];\n        s.parentNode.insertBefore(t,s)}(window, document,'script',\n        'https:\/\/connect.facebook.net\/en_US\/fbevents.js');\n        fbq('init', '492459597522335');\n        fbq('track', 'PageView');\n    <\/script><br \/>\n<br \/><\/p>\n","protected":false},"excerpt":{"rendered":"<p>NAYARIT (AP).- El gobierno de M\u00e9xico detuvo a Audias Flores Silva, alias \u201cEl Jardinero\u201d, uno de los principales jefes del C\u00e1rtel Jalisco Nueva Generaci\u00f3n (CJNG), el cual era buscado por Estados Unidos con una recompensa de US$5.000.000. El operativo, realizado en el estado de Nayarit, incluy\u00f3 adem\u00e1s la captura de su principal operador financiero y [&hellip;]<\/p>\n","protected":false},"author":2,"featured_media":234256,"comment_status":"closed","ping_status":"closed","sticky":false,"template":"","format":"standard","meta":{"footnotes":""},"categories":[1],"tags":[],"class_list":["post-234255","post","type-post","status-publish","format-standard","has-post-thumbnail","hentry","category-uncategorized"],"_links":{"self":[{"href":"https:\/\/radioacuariofm.com.ar\/index.php?rest_route=\/wp\/v2\/posts\/234255","targetHints":{"allow":["GET"]}}],"collection":[{"href":"https:\/\/radioacuariofm.com.ar\/index.php?rest_route=\/wp\/v2\/posts"}],"about":[{"href":"https:\/\/radioacuariofm.com.ar\/index.php?rest_route=\/wp\/v2\/types\/post"}],"author":[{"embeddable":true,"href":"https:\/\/radioacuariofm.com.ar\/index.php?rest_route=\/wp\/v2\/users\/2"}],"replies":[{"embeddable":true,"href":"https:\/\/radioacuariofm.com.ar\/index.php?rest_route=%2Fwp%2Fv2%2Fcomments&post=234255"}],"version-history":[{"count":1,"href":"https:\/\/radioacuariofm.com.ar\/index.php?rest_route=\/wp\/v2\/posts\/234255\/revisions"}],"predecessor-version":[{"id":234257,"href":"https:\/\/radioacuariofm.com.ar\/index.php?rest_route=\/wp\/v2\/posts\/234255\/revisions\/234257"}],"wp:featuredmedia":[{"embeddable":true,"href":"https:\/\/radioacuariofm.com.ar\/index.php?rest_route=\/wp\/v2\/media\/234256"}],"wp:attachment":[{"href":"https:\/\/radioacuariofm.com.ar\/index.php?rest_route=%2Fwp%2Fv2%2Fmedia&parent=234255"}],"wp:term":[{"taxonomy":"category","embeddable":true,"href":"https:\/\/radioacuariofm.com.ar\/index.php?rest_route=%2Fwp%2Fv2%2Fcategories&post=234255"},{"taxonomy":"post_tag","embeddable":true,"href":"https:\/\/radioacuariofm.com.ar\/index.php?rest_route=%2Fwp%2Fv2%2Ftags&post=234255"}],"curies":[{"name":"wp","href":"https:\/\/api.w.org\/{rel}","templated":true}]}}