{"id":234246,"date":"2026-04-28T00:32:59","date_gmt":"2026-04-28T03:32:59","guid":{"rendered":"https:\/\/radioacuariofm.com.ar\/?p=234246"},"modified":"2026-04-28T00:33:01","modified_gmt":"2026-04-28T03:33:01","slug":"guillermo-alejandro-de-holanda-celebro-sus-59-anos-y-maxima-dio-una-leccion-de-estilo-con-un-vestido-unico","status":"publish","type":"post","link":"https:\/\/radioacuariofm.com.ar\/?p=234246","title":{"rendered":"Guillermo Alejandro de Holanda celebr\u00f3 sus 59 a\u00f1os y M\u00e1xima dio una lecci\u00f3n de estilo con un vestido \u00fanico"},"content":{"rendered":"<p> <br \/>\n<\/p>\n<div>\n<p class=\"com-paragraph  --capital --s\">Este lunes se celebra el <strong>D\u00eda del Rey<\/strong> en los Pa\u00edses Bajos, en honor al <strong>cumplea\u00f1os n\u00famero 59 de Guillermo Alejandro de Holanda<\/strong>. En esta fecha especial, los monarcas salieron a las calles de Dokkum para celebrar junto al pueblo. La Casa Real se encarg\u00f3 de publicar en sus redes sociales las postales de esta jornada en la que <a href=\"https:\/\/www.lanacion.com.ar\/el-mundo\/maxima-zorreguieta-deslumbro-en-amsterdam-con-un-vestido-que-estreno-hace-20-anos-nid25042026\/\" target=\"_self\" title=\"https:\/\/www.lanacion.com.ar\/el-mundo\/maxima-zorreguieta-deslumbro-en-amsterdam-con-un-vestido-que-estreno-hace-20-anos-nid25042026\/\" class=\"com-link break-word\" data-mrf-recirculation=\"n_link_parrafo\"><strong>M\u00e1xima Zorreguieta<\/strong> se llev\u00f3 todos los aplausos por el vestido que luci\u00f3<\/a>.<\/p>\n<p class=\"com-paragraph   --s\">Los reyes se trasladaron al norte del reino tambi\u00e9n con sus tres hijas: <strong>Amalia <\/strong>(heredera al trono), <strong>Alexia <\/strong>y <strong>Arianne<\/strong>. Como es de costumbre para esta \u00e9poca, la ciudad se visti\u00f3 de naranja en sinton\u00eda con el color nacional y perteneciente a la dinast\u00eda Orange-Nassau, y se prepararon pasarelas para que la familia tenga contacto cercano con los habitantes. <\/p>\n<div class=\"content-media cursor-pointer\">\n<section class=\"media-container relative w-100 mod-media pb-32\">\n<figure class=\"mod-video flex flex-column ai-center bg-neutral-light-50\">\n<div class=\"video-player ratio-9-16 flex jc-center ai-center w-100 h-100 w-320\" data-has-jwplayer=\"true\" data-video-id-jw=\"1QGcw1i1\" data-config=\"{&quot;title&quot;:&quot;As\u00ed llegaban M\u00e1xima, Guillermo y sus hijas a Dokkum &quot;,&quot;mediaId&quot;:&quot;1QGcw1i1&quot;,&quot;playerId&quot;:&quot;hOz6uuUy&quot;,&quot;playlist&quot;:[{&quot;mediaid&quot;:&quot;1QGcw1i1&quot;,&quot;sources&quot;:[{&quot;file&quot;:&quot;https:\/\/cdn.jwplayer.com\/manifests\/1QGcw1i1.m3u8&quot;,&quot;type&quot;:&quot;application\/vnd.apple.mpegurl&quot;},{&quot;bitrate&quot;:508614,&quot;file&quot;:&quot;https:\/\/cdn.jwplayer.com\/videos\/1QGcw1i1-kTExGaWf.mp4&quot;,&quot;filesize&quot;:2415921,&quot;framerate&quot;:30,&quot;height&quot;:320,&quot;label&quot;:&quot;180p&quot;,&quot;type&quot;:&quot;video\/mp4&quot;,&quot;width&quot;:180},{&quot;bitrate&quot;:708980,&quot;file&quot;:&quot;https:\/\/cdn.jwplayer.com\/videos\/1QGcw1i1-K8B0kybS.mp4&quot;,&quot;filesize&quot;:3367658,&quot;framerate&quot;:30,&quot;height&quot;:480,&quot;label&quot;:&quot;270p&quot;,&quot;type&quot;:&quot;video\/mp4&quot;,&quot;width&quot;:270},{&quot;bitrate&quot;:2030133,&quot;file&quot;:&quot;https:\/\/cdn.jwplayer.com\/videos\/1QGcw1i1-46NIuRKO.mp4&quot;,&quot;filesize&quot;:9643132,&quot;framerate&quot;:30,&quot;height&quot;:1280,&quot;label&quot;:&quot;720p&quot;,&quot;type&quot;:&quot;video\/mp4&quot;,&quot;width&quot;:720},{&quot;bitrate&quot;:115522,&quot;file&quot;:&quot;https:\/\/cdn.jwplayer.com\/videos\/1QGcw1i1-hz5z2Tv4.m4a&quot;,&quot;filesize&quot;:548734,&quot;label&quot;:&quot;AAC Audio&quot;,&quot;type&quot;:&quot;audio\/mp4&quot;},{&quot;bitrate&quot;:802164,&quot;file&quot;:&quot;https:\/\/cdn.jwplayer.com\/videos\/1QGcw1i1-FnZGUVnC.mp4&quot;,&quot;filesize&quot;:3810280,&quot;framerate&quot;:30,&quot;height&quot;:640,&quot;label&quot;:&quot;360p&quot;,&quot;type&quot;:&quot;video\/mp4&quot;,&quot;width&quot;:360},{&quot;bitrate&quot;:1352425,&quot;file&quot;:&quot;https:\/\/cdn.jwplayer.com\/videos\/1QGcw1i1-0G6Pwvlw.mp4&quot;,&quot;filesize&quot;:6424021,&quot;framerate&quot;:30,&quot;height&quot;:960,&quot;label&quot;:&quot;540p&quot;,&quot;type&quot;:&quot;video\/mp4&quot;,&quot;width&quot;:540}]}],&quot;hasAutoplay&quot;:false,&quot;autostart&quot;:true,&quot;tagsUrl&quot;:&quot;https:\/\/pubads.g.doubleclick.net\/gampad\/ads?slotname=\/133919216\/la_nacion_video\/nota\/preroll&amp;sz=640x480|400x300&amp;ciu_szs=300x250&amp;unviewed_position_start=1&amp;output=vast&amp;impl=s&amp;env=vp&amp;gdfp_req=1&amp;ad_rule=0&amp;vad_type=linear&amp;vpos=preroll&amp;cust_params=tags_nuevos%3Dte_realeza%2Cte_maxima_zorreguieta%2Cte_guillermo_de_holanda%2Cca_el_mundo%2C%2C2X66IP3HPNHMNDDJH5UQJYWYME&amp;pod=3&amp;ppos=1&amp;lip=true&amp;min_ad_duration=0&amp;max_ad_duration=30000&amp;vrid=6256&amp;url=https%3A%2F%2Fwww.lanacion.com.ar%2Fel-mundo%2Fguillermo-alejandro-de-los-paises-bajos-celebro-sus-59-anos-y-maxima-dio-una-leccion-de-estilo-con-nid27042026%2F%3Futm_medium%3DEchobox%26utm_source%3DFacebook%26fbclid%3DIwY2xjawRdCGlleHRuA2FlbQIxMQBzcnRjBmFwcF9pZBAyMjIwMzkxNzg4MjAwODkyAAEezqCRQ8egxNCA2UcwC0UJme6Jhtcfv00csKYkTaRKFT4qotHDfQ9G6RYrWyc_aem_1WKCo1Em80w9GsS3DZCn4A%26variant%3DA%26utm_term%3DAutofeed&amp;description_url=https%3A%2F%2Fwww.lanacion.com.ar%2Fel-mundo%2Fguillermo-alejandro-de-los-paises-bajos-celebro-sus-59-anos-y-maxima-dio-una-leccion-de-estilo-con-nid27042026%2F%3Futm_medium%3DEchobox%26utm_source%3DFacebook%26fbclid%3DIwY2xjawRdCGlleHRuA2FlbQIxMQBzcnRjBmFwcF9pZBAyMjIwMzkxNzg4MjAwODkyAAEezqCRQ8egxNCA2UcwC0UJme6Jhtcfv00csKYkTaRKFT4qotHDfQ9G6RYrWyc_aem_1WKCo1Em80w9GsS3DZCn4A%26variant%3DA%26utm_term%3DAutofeed&amp;video_doc_id=short_onecue&amp;cmsid=496&amp;kfa=0&amp;tfcd=0&amp;correlator=1777346842954&quot;,&quot;arcSite&quot;:&quot;la-nacion-ar&quot;,&quot;duration&quot;:&quot;38000&quot;}\">\n<div id=\"facade-1QGcw1i1\" class=\"content-facade-jw relative bg-black w-100 ratio-9-16\"><picture><source media=\"(max-width: 767px)\" srcset=\"https:\/\/resizer.glanacion.com\/resizer\/v2\/https%3A%2F%2Fcdn.jwplayer.com%2Fv2%2Fmedia%2F1QGcw1i1%2Fposter.jpg%3Fwidth%3D720?auth=91d4952320a46f02369fee03fc02819adaf360cfec75d89a65b47eb336c45c0b&amp;width=480&amp;quality=70&amp;smart=false\"\/><\/picture><\/div>\n<\/div><figcaption class=\"border border-1 border-bottom border-light-300 relative px-16 py-8 min-h-36 w-100_md w-100 bg-white\"><span class=\"text ln-text text-16 block\">As\u00ed llegaban M\u00e1xima, Guillermo y sus hijas a Dokkum <\/span><\/figcaption><\/figure>\n<\/section>\n<\/div>\n<p class=\"com-paragraph   --s\">Una vez m\u00e1s, la argentina <strong>dej\u00f3 en claro que es un \u00edcono de la moda aristocr\u00e1tica europea<\/strong> al lucir un vestido <strong>amarillo ocre<\/strong>, que mezcla tonalidades entre el mostaza y el dorado y que tambi\u00e9n rinde homenaje al naranja. El dise\u00f1o estuvo a cargo de la casa belga <strong>Natan<\/strong>, favorita de Zorreguieta, y se trata de un atuendo nuevo y exclusivo. <\/p>\n<p class=\"com-paragraph   --s\">Es importante mencionar que la reina consorte es famosa por usar <em>outfits <\/em>repetidos de ceremonias pasadas y con bastante distancia en el tiempo. Sin embargo, para una ocasi\u00f3n especial y en favor de que es el cumplea\u00f1os de su marido, <strong>se decant\u00f3 por un dise\u00f1o de cuello con lazo y un fruncido en la cintura<\/strong>, que deline\u00f3 su figura y le permiti\u00f3 caminar con soltura y estilo por el empedrado hist\u00f3rico.<\/p>\n<div class=\"content-media\">\n<section role=\"button\" class=\"mod-media   \">\n<figure role=\"button\" tabindex=\"0\" class=\"mod-figure \"><figcaption class=\"mod-figcaption\"><span class=\"com-text --caption --twoxs\">La familia real particip\u00f3 de una feria y los festejos que organizaron en Dokkum por el cumplea\u00f1os del rey Guillermo Alejandro<\/span><span class=\"com-text --credit --twoxs\">(Fuente: koninklijkhuis)<\/span><\/figcaption><\/figure>\n<\/section>\n<\/div>\n<p class=\"com-paragraph   --s\">Asimismo, la familia real adopt\u00f3 los colores representativos de la provincia de Frisia, que organiz\u00f3 por primera vez los festejos del D\u00eda del Rey. Guillermo Alejandro port\u00f3, acorde al protocolo, <strong>un traje azul marino<\/strong>. Mientras, Amalia y Alexia estuvieron en <em>compos\u00e9 <\/em>con el color rojo. <strong>La mayor llev\u00f3 un blazer y pantal\u00f3n de vestir<\/strong>, mientras que la segunda en la cadena de sucesi\u00f3n a la corona<strong> incluy\u00f3 un vestido con falda y una campera marr\u00f3n <\/strong>que repiti\u00f3 en otros eventos. Por su parte,<strong> Arianne opt\u00f3 por un conjunto blanco de la firma italiana Twin Set<\/strong>.<\/p>\n<div class=\"content-media cursor-pointer\">\n<section class=\"media-container relative w-100 mod-media pb-32\">\n<figure class=\"mod-video flex flex-column ai-center bg-neutral-light-50\">\n<div class=\"video-player ratio-9-16 flex jc-center ai-center w-100 h-100 w-320\" data-has-jwplayer=\"true\" data-video-id-jw=\"3ifIP1Nz\" data-config=\"{&quot;title&quot;:&quot;M\u00e1xima y Guillermo compiten en los juegos tradicionales de Frisia &quot;,&quot;mediaId&quot;:&quot;3ifIP1Nz&quot;,&quot;playerId&quot;:&quot;hOz6uuUy&quot;,&quot;playlist&quot;:[{&quot;mediaid&quot;:&quot;3ifIP1Nz&quot;,&quot;sources&quot;:[{&quot;file&quot;:&quot;https:\/\/cdn.jwplayer.com\/manifests\/3ifIP1Nz.m3u8&quot;,&quot;type&quot;:&quot;application\/vnd.apple.mpegurl&quot;},{&quot;bitrate&quot;:512849,&quot;file&quot;:&quot;https:\/\/cdn.jwplayer.com\/videos\/3ifIP1Nz-kTExGaWf.mp4&quot;,&quot;filesize&quot;:2692461,&quot;framerate&quot;:30,&quot;height&quot;:320,&quot;label&quot;:&quot;180p&quot;,&quot;type&quot;:&quot;video\/mp4&quot;,&quot;width&quot;:180},{&quot;bitrate&quot;:725920,&quot;file&quot;:&quot;https:\/\/cdn.jwplayer.com\/videos\/3ifIP1Nz-K8B0kybS.mp4&quot;,&quot;filesize&quot;:3811085,&quot;framerate&quot;:30,&quot;height&quot;:480,&quot;label&quot;:&quot;270p&quot;,&quot;type&quot;:&quot;video\/mp4&quot;,&quot;width&quot;:270},{&quot;bitrate&quot;:2127795,&quot;file&quot;:&quot;https:\/\/cdn.jwplayer.com\/videos\/3ifIP1Nz-46NIuRKO.mp4&quot;,&quot;filesize&quot;:11170928,&quot;framerate&quot;:30,&quot;height&quot;:1280,&quot;label&quot;:&quot;720p&quot;,&quot;type&quot;:&quot;video\/mp4&quot;,&quot;width&quot;:720},{&quot;bitrate&quot;:113923,&quot;file&quot;:&quot;https:\/\/cdn.jwplayer.com\/videos\/3ifIP1Nz-hz5z2Tv4.m4a&quot;,&quot;filesize&quot;:598096,&quot;label&quot;:&quot;AAC Audio&quot;,&quot;type&quot;:&quot;audio\/mp4&quot;},{&quot;bitrate&quot;:846641,&quot;file&quot;:&quot;https:\/\/cdn.jwplayer.com\/videos\/3ifIP1Nz-FnZGUVnC.mp4&quot;,&quot;filesize&quot;:4444866,&quot;framerate&quot;:30,&quot;height&quot;:640,&quot;label&quot;:&quot;360p&quot;,&quot;type&quot;:&quot;video\/mp4&quot;,&quot;width&quot;:360},{&quot;bitrate&quot;:1397437,&quot;file&quot;:&quot;https:\/\/cdn.jwplayer.com\/videos\/3ifIP1Nz-0G6Pwvlw.mp4&quot;,&quot;filesize&quot;:7336549,&quot;framerate&quot;:30,&quot;height&quot;:960,&quot;label&quot;:&quot;540p&quot;,&quot;type&quot;:&quot;video\/mp4&quot;,&quot;width&quot;:540}]}],&quot;hasAutoplay&quot;:false,&quot;autostart&quot;:true,&quot;tagsUrl&quot;:&quot;https:\/\/pubads.g.doubleclick.net\/gampad\/ads?slotname=\/133919216\/la_nacion_video\/nota\/preroll&amp;sz=640x480|400x300&amp;ciu_szs=300x250&amp;unviewed_position_start=1&amp;output=vast&amp;impl=s&amp;env=vp&amp;gdfp_req=1&amp;ad_rule=0&amp;vad_type=linear&amp;vpos=preroll&amp;cust_params=tags_nuevos%3Dte_realeza%2Cte_maxima_zorreguieta%2Cte_guillermo_de_holanda%2Cca_el_mundo%2C%2C2X66IP3HPNHMNDDJH5UQJYWYME&amp;pod=3&amp;ppos=1&amp;lip=true&amp;min_ad_duration=0&amp;max_ad_duration=30000&amp;vrid=6256&amp;url=https%3A%2F%2Fwww.lanacion.com.ar%2Fel-mundo%2Fguillermo-alejandro-de-los-paises-bajos-celebro-sus-59-anos-y-maxima-dio-una-leccion-de-estilo-con-nid27042026%2F%3Futm_medium%3DEchobox%26utm_source%3DFacebook%26fbclid%3DIwY2xjawRdCGlleHRuA2FlbQIxMQBzcnRjBmFwcF9pZBAyMjIwMzkxNzg4MjAwODkyAAEezqCRQ8egxNCA2UcwC0UJme6Jhtcfv00csKYkTaRKFT4qotHDfQ9G6RYrWyc_aem_1WKCo1Em80w9GsS3DZCn4A%26variant%3DA%26utm_term%3DAutofeed&amp;description_url=https%3A%2F%2Fwww.lanacion.com.ar%2Fel-mundo%2Fguillermo-alejandro-de-los-paises-bajos-celebro-sus-59-anos-y-maxima-dio-una-leccion-de-estilo-con-nid27042026%2F%3Futm_medium%3DEchobox%26utm_source%3DFacebook%26fbclid%3DIwY2xjawRdCGlleHRuA2FlbQIxMQBzcnRjBmFwcF9pZBAyMjIwMzkxNzg4MjAwODkyAAEezqCRQ8egxNCA2UcwC0UJme6Jhtcfv00csKYkTaRKFT4qotHDfQ9G6RYrWyc_aem_1WKCo1Em80w9GsS3DZCn4A%26variant%3DA%26utm_term%3DAutofeed&amp;video_doc_id=short_onecue&amp;cmsid=496&amp;kfa=0&amp;tfcd=0&amp;correlator=1777346842954&quot;,&quot;arcSite&quot;:&quot;la-nacion-ar&quot;,&quot;duration&quot;:&quot;42000&quot;}\">\n<div id=\"facade-3ifIP1Nz\" class=\"content-facade-jw relative bg-black w-100 ratio-9-16\"><picture><source media=\"(max-width: 767px)\" srcset=\"https:\/\/resizer.glanacion.com\/resizer\/v2\/https%3A%2F%2Fcdn.jwplayer.com%2Fv2%2Fmedia%2F3ifIP1Nz%2Fposter.jpg%3Fwidth%3D720?auth=1cddea10a5264205f44c3a0149a0928644fe15e097be25e57500133902906eb5&amp;width=480&amp;quality=70&amp;smart=false\"\/><img class=\"image com-image flex --cover\" decoding=\"async\" fetchpriority=\"low\" loading=\"lazy\" src=\"https:\/\/radioacuariofm.com.ar\/wp-content\/uploads\/2026\/04\/https:\/\/cdn.jwplayer.com\/v2\/media\/3ifIP1Nz\/poster.jpg\" alt=\"M\u00e1xima y Guillermo compiten en los juegos tradicionales de Frisia \"\/><\/picture><\/div>\n<\/div><figcaption class=\"border border-1 border-bottom border-light-300 relative px-16 py-8 min-h-36 w-100_md w-100 bg-white\"><span class=\"text ln-text text-16 block\">M\u00e1xima y Guillermo compiten en los juegos tradicionales de Frisia <\/span><\/figcaption><\/figure>\n<\/section>\n<\/div>\n<p class=\"com-paragraph   --s\">Debido a las bajas temperaturas de Dokkum, <strong>M\u00e1xima sum\u00f3 como abrigo una capa en color beis<\/strong>. Los accesorios tambi\u00e9n sirvieron de escaparate para mostrarse como reina indiscutida de la moda europea, con un sombrero, aros XL y zapatos de taco alto de Gianvito Rossi.<\/p>\n<p class=\"com-paragraph   --s\">En los registros de la Casa Real se vio a <strong>M\u00e1xima Zorreguieta fiel a una de sus pasiones, la cocina<\/strong>. La monarca se acerc\u00f3 a un puesto de feria que ofrec\u00eda galletas caseras y <strong>se anim\u00f3 a decorarlas<\/strong>. <\/p>\n<div class=\"content-media cursor-pointer\">\n<section class=\"media-container relative w-100 mod-media pb-32\">\n<figure class=\"mod-video flex flex-column ai-center bg-neutral-light-50\">\n<div class=\"video-player ratio-9-16 flex jc-center ai-center w-100 h-100 w-320\" data-has-jwplayer=\"true\" data-video-id-jw=\"p7Lnaa2j\" data-config=\"{&quot;title&quot;:&quot;M\u00e1xima Zorreguieta decora galletas en el D\u00eda del Rey&quot;,&quot;mediaId&quot;:&quot;p7Lnaa2j&quot;,&quot;playerId&quot;:&quot;hOz6uuUy&quot;,&quot;playlist&quot;:[{&quot;mediaid&quot;:&quot;p7Lnaa2j&quot;,&quot;sources&quot;:[{&quot;file&quot;:&quot;https:\/\/cdn.jwplayer.com\/manifests\/p7Lnaa2j.m3u8&quot;,&quot;type&quot;:&quot;application\/vnd.apple.mpegurl&quot;},{&quot;bitrate&quot;:535399,&quot;file&quot;:&quot;https:\/\/cdn.jwplayer.com\/videos\/p7Lnaa2j-kTExGaWf.mp4&quot;,&quot;filesize&quot;:2610071,&quot;framerate&quot;:30,&quot;height&quot;:320,&quot;label&quot;:&quot;180p&quot;,&quot;type&quot;:&quot;video\/mp4&quot;,&quot;width&quot;:180},{&quot;bitrate&quot;:728533,&quot;file&quot;:&quot;https:\/\/cdn.jwplayer.com\/videos\/p7Lnaa2j-K8B0kybS.mp4&quot;,&quot;filesize&quot;:3551601,&quot;framerate&quot;:30,&quot;height&quot;:480,&quot;label&quot;:&quot;270p&quot;,&quot;type&quot;:&quot;video\/mp4&quot;,&quot;width&quot;:270},{&quot;bitrate&quot;:2107535,&quot;file&quot;:&quot;https:\/\/cdn.jwplayer.com\/videos\/p7Lnaa2j-46NIuRKO.mp4&quot;,&quot;filesize&quot;:10274235,&quot;framerate&quot;:30,&quot;height&quot;:1280,&quot;label&quot;:&quot;720p&quot;,&quot;type&quot;:&quot;video\/mp4&quot;,&quot;width&quot;:720},{&quot;bitrate&quot;:114450,&quot;file&quot;:&quot;https:\/\/cdn.jwplayer.com\/videos\/p7Lnaa2j-hz5z2Tv4.m4a&quot;,&quot;filesize&quot;:557948,&quot;label&quot;:&quot;AAC Audio&quot;,&quot;type&quot;:&quot;audio\/mp4&quot;},{&quot;bitrate&quot;:836579,&quot;file&quot;:&quot;https:\/\/cdn.jwplayer.com\/videos\/p7Lnaa2j-FnZGUVnC.mp4&quot;,&quot;filesize&quot;:4078325,&quot;framerate&quot;:30,&quot;height&quot;:640,&quot;label&quot;:&quot;360p&quot;,&quot;type&quot;:&quot;video\/mp4&quot;,&quot;width&quot;:360},{&quot;bitrate&quot;:1408752,&quot;file&quot;:&quot;https:\/\/cdn.jwplayer.com\/videos\/p7Lnaa2j-0G6Pwvlw.mp4&quot;,&quot;filesize&quot;:6867667,&quot;framerate&quot;:30,&quot;height&quot;:960,&quot;label&quot;:&quot;540p&quot;,&quot;type&quot;:&quot;video\/mp4&quot;,&quot;width&quot;:540}]}],&quot;hasAutoplay&quot;:false,&quot;autostart&quot;:true,&quot;tagsUrl&quot;:&quot;https:\/\/pubads.g.doubleclick.net\/gampad\/ads?slotname=\/133919216\/la_nacion_video\/nota\/preroll&amp;sz=640x480|400x300&amp;ciu_szs=300x250&amp;unviewed_position_start=1&amp;output=vast&amp;impl=s&amp;env=vp&amp;gdfp_req=1&amp;ad_rule=0&amp;vad_type=linear&amp;vpos=preroll&amp;cust_params=tags_nuevos%3Dte_realeza%2Cte_maxima_zorreguieta%2Cte_guillermo_de_holanda%2Cca_el_mundo%2C%2C2X66IP3HPNHMNDDJH5UQJYWYME&amp;pod=3&amp;ppos=1&amp;lip=true&amp;min_ad_duration=0&amp;max_ad_duration=30000&amp;vrid=6256&amp;url=https%3A%2F%2Fwww.lanacion.com.ar%2Fel-mundo%2Fguillermo-alejandro-de-los-paises-bajos-celebro-sus-59-anos-y-maxima-dio-una-leccion-de-estilo-con-nid27042026%2F%3Futm_medium%3DEchobox%26utm_source%3DFacebook%26fbclid%3DIwY2xjawRdCGlleHRuA2FlbQIxMQBzcnRjBmFwcF9pZBAyMjIwMzkxNzg4MjAwODkyAAEezqCRQ8egxNCA2UcwC0UJme6Jhtcfv00csKYkTaRKFT4qotHDfQ9G6RYrWyc_aem_1WKCo1Em80w9GsS3DZCn4A%26variant%3DA%26utm_term%3DAutofeed&amp;description_url=https%3A%2F%2Fwww.lanacion.com.ar%2Fel-mundo%2Fguillermo-alejandro-de-los-paises-bajos-celebro-sus-59-anos-y-maxima-dio-una-leccion-de-estilo-con-nid27042026%2F%3Futm_medium%3DEchobox%26utm_source%3DFacebook%26fbclid%3DIwY2xjawRdCGlleHRuA2FlbQIxMQBzcnRjBmFwcF9pZBAyMjIwMzkxNzg4MjAwODkyAAEezqCRQ8egxNCA2UcwC0UJme6Jhtcfv00csKYkTaRKFT4qotHDfQ9G6RYrWyc_aem_1WKCo1Em80w9GsS3DZCn4A%26variant%3DA%26utm_term%3DAutofeed&amp;video_doc_id=short_onecue&amp;cmsid=496&amp;kfa=0&amp;tfcd=0&amp;correlator=1777346842955&quot;,&quot;arcSite&quot;:&quot;la-nacion-ar&quot;,&quot;duration&quot;:&quot;39000&quot;}\">\n<div id=\"facade-p7Lnaa2j\" class=\"content-facade-jw relative bg-black w-100 ratio-9-16\"><picture><source media=\"(max-width: 767px)\" srcset=\"https:\/\/resizer.glanacion.com\/resizer\/v2\/https%3A%2F%2Fcdn.jwplayer.com%2Fv2%2Fmedia%2Fp7Lnaa2j%2Fposter.jpg%3Fwidth%3D720?auth=7210c7339e65197c88c0434ed9c87855d503abba97d97b77fb66ada79cae686c&amp;width=480&amp;quality=70&amp;smart=false\"\/><img class=\"image com-image flex --cover\" decoding=\"async\" fetchpriority=\"low\" loading=\"lazy\" src=\"https:\/\/radioacuariofm.com.ar\/wp-content\/uploads\/2026\/04\/https:\/\/cdn.jwplayer.com\/v2\/media\/p7Lnaa2j\/poster.jpg\" alt=\"M\u00e1xima Zorreguieta decora galletas en el D\u00eda del Rey\"\/><\/picture><\/div>\n<\/div><figcaption class=\"border border-1 border-bottom border-light-300 relative px-16 py-8 min-h-36 w-100_md w-100 bg-white\"><span class=\"text ln-text text-16 block\">M\u00e1xima Zorreguieta decora galletas en el D\u00eda del Rey<\/span><\/figcaption><\/figure>\n<\/section>\n<\/div>\n<p class=\"com-paragraph   --s\">Sus tres hijas participaron de diferentes muestras de arte con fotograf\u00eda, a la vez que el rey Guillermo se subi\u00f3 a maquinaria agr\u00edcola con tecnolog\u00eda de punta que es implementada para producir en los campos de los Pa\u00edses Bajos. <\/p>\n<div class=\"content-media\">\n<section role=\"button\" class=\"mod-media   \">\n<figure role=\"button\" tabindex=\"0\" class=\"mod-figure \"><figcaption class=\"mod-figcaption\"><span class=\"com-text --caption --twoxs\">La familia real compiti\u00f3 en un juego de preguntas y respuestas en el D\u00eda del Rey<\/span><span class=\"com-text --credit --twoxs\">(Fuente: koninklijkhuis)<\/span><\/figcaption><\/figure>\n<\/section>\n<\/div>\n<p class=\"com-paragraph   --s\">Como punto culminante, la familia particip\u00f3 de diferentes juegos que se organizaron para los habitantes de Dokkum, algunos tradicionales y otros nuevos, como una competencia de preguntas sobre idioma, cultura e historia de la regi\u00f3n.<\/p>\n<section class=\"container-center-100 mb-40 border border-bottom border-thin border-neutral-light-700\"\/><\/div>\n<p><script id=\"facebookpixel\" defer=\"\" type=\"text\/javascript\">\n        !function(f,b,e,v,n,t,s)\n        {if(f.fbq)return;n=f.fbq=function(){n.callMethod?\n        n.callMethod.apply(n,arguments):n.queue.push(arguments)};\n        if(!f._fbq)f._fbq=n;n.push=n;n.loaded=!0;n.version='2.0';\n        n.queue=[];t=b.createElement(e);t.async=!0;\n        t.src=v;s=b.getElementsByTagName(e)[0];\n        s.parentNode.insertBefore(t,s)}(window, document,'script',\n        'https:\/\/connect.facebook.net\/en_US\/fbevents.js');\n        fbq('init', '492459597522335');\n        fbq('track', 'PageView');\n    <\/script><br \/>\n<br \/><\/p>\n","protected":false},"excerpt":{"rendered":"<p>Este lunes se celebra el D\u00eda del Rey en los Pa\u00edses Bajos, en honor al cumplea\u00f1os n\u00famero 59 de Guillermo Alejandro de Holanda. En esta fecha especial, los monarcas salieron a las calles de Dokkum para celebrar junto al pueblo. La Casa Real se encarg\u00f3 de publicar en sus redes sociales las postales de esta [&hellip;]<\/p>\n","protected":false},"author":2,"featured_media":234247,"comment_status":"closed","ping_status":"closed","sticky":false,"template":"","format":"standard","meta":{"footnotes":""},"categories":[1],"tags":[],"class_list":["post-234246","post","type-post","status-publish","format-standard","has-post-thumbnail","hentry","category-uncategorized"],"_links":{"self":[{"href":"https:\/\/radioacuariofm.com.ar\/index.php?rest_route=\/wp\/v2\/posts\/234246","targetHints":{"allow":["GET"]}}],"collection":[{"href":"https:\/\/radioacuariofm.com.ar\/index.php?rest_route=\/wp\/v2\/posts"}],"about":[{"href":"https:\/\/radioacuariofm.com.ar\/index.php?rest_route=\/wp\/v2\/types\/post"}],"author":[{"embeddable":true,"href":"https:\/\/radioacuariofm.com.ar\/index.php?rest_route=\/wp\/v2\/users\/2"}],"replies":[{"embeddable":true,"href":"https:\/\/radioacuariofm.com.ar\/index.php?rest_route=%2Fwp%2Fv2%2Fcomments&post=234246"}],"version-history":[{"count":1,"href":"https:\/\/radioacuariofm.com.ar\/index.php?rest_route=\/wp\/v2\/posts\/234246\/revisions"}],"predecessor-version":[{"id":234248,"href":"https:\/\/radioacuariofm.com.ar\/index.php?rest_route=\/wp\/v2\/posts\/234246\/revisions\/234248"}],"wp:featuredmedia":[{"embeddable":true,"href":"https:\/\/radioacuariofm.com.ar\/index.php?rest_route=\/wp\/v2\/media\/234247"}],"wp:attachment":[{"href":"https:\/\/radioacuariofm.com.ar\/index.php?rest_route=%2Fwp%2Fv2%2Fmedia&parent=234246"}],"wp:term":[{"taxonomy":"category","embeddable":true,"href":"https:\/\/radioacuariofm.com.ar\/index.php?rest_route=%2Fwp%2Fv2%2Fcategories&post=234246"},{"taxonomy":"post_tag","embeddable":true,"href":"https:\/\/radioacuariofm.com.ar\/index.php?rest_route=%2Fwp%2Fv2%2Ftags&post=234246"}],"curies":[{"name":"wp","href":"https:\/\/api.w.org\/{rel}","templated":true}]}}