{"id":234237,"date":"2026-04-27T22:40:53","date_gmt":"2026-04-28T01:40:53","guid":{"rendered":"https:\/\/radioacuariofm.com.ar\/?p=234237"},"modified":"2026-04-27T22:40:54","modified_gmt":"2026-04-28T01:40:54","slug":"brindan-asistencia-y-herramientas-para-reforzar-el-sector-agropecuario-en-rawson","status":"publish","type":"post","link":"https:\/\/radioacuariofm.com.ar\/?p=234237","title":{"rendered":"Brindan asistencia y herramientas para reforzar el sector agropecuario en Rawson"},"content":{"rendered":"<p><\/p>\n<div>\n<p>El Ministerio de Producci\u00f3n, Trabajo e Innovaci\u00f3n avanz\u00f3 con la asistencia destinada a productores afectados por el granizo. La medida consisti\u00f3 en la entrega de fertilizantes, acci\u00f3n que se complement\u00f3 con el relevamiento realizado por la Sociedad de Chacareros.<\/p>\n<p>De acuerdo con el relevamiento realizado, varios de los productores no se encontraban inscriptos en el Registro \u00danico de Producci\u00f3n Agropecuaria (RUPA). Por eso, esta iniciativa impulsada desde la Secretar\u00eda de Agricultura, Ganader\u00eda y Agroindustria, con la colaboraci\u00f3n de la Sociedad de Chacareros, es una acci\u00f3n concreta orientada a acompa\u00f1ar a quienes quedaron fuera del sistema formal.<\/p>\n<p>Las autoridades presentes reiteraron la importancia de que los productores gestionen su inscripci\u00f3n o actualizaci\u00f3n en el RUPA, requisito fundamental para acceder a programas de asistencia, financiamiento y acompa\u00f1amiento t\u00e9cnico.<\/p>\n<p>La actividad se llev\u00f3 a cabo en el Mercado Concentrador de Rawson y cont\u00f3 con la presencia del ministro de Producci\u00f3n, Trabajo e Innovaci\u00f3n, Gustavo Fern\u00e1ndez, el secretario de Agricultura, Ganader\u00eda y Agroindustria, Miguel Moreno, el director de Desarrollo Agropecuario, Leonardo Storniolo, el director de Contingencias y Registro de Productores, Alberto Gallardo, la directora de la Unidad Ejecutora Central Provincial de Proyectos Agropecuarios (UECPPA), Fernanda Moreno, y el presidente de la Sociedad de Chacareros de San Juan, Sergio L\u00f3pez.<\/p>\n<p>Adem\u00e1s, se anunci\u00f3 que el equipo t\u00e9cnico de la Direcci\u00f3n de Desarrollo Agropecuario dictar\u00e1 cursos de manipulaci\u00f3n de alimentos y brindar\u00e1 acompa\u00f1amiento a productores interesados en certificar sus productos, garantizando est\u00e1ndares de calidad e inocuidad. En este sentido, se inform\u00f3 que el \u00e1rea incorpor\u00f3 a su equipo a una Licenciada en Alimentos, quien tendr\u00e1 un rol clave en el fortalecimiento del sector.<\/p>\n<p>Por su parte, el ministro de Producci\u00f3n inform\u00f3 sobre los avances del proyecto de instalaci\u00f3n de paneles solares destinados a la Sociedad de Chacareros, el cual se encuentra pr\u00f3ximo a ejecutarse. Tambi\u00e9n se destac\u00f3 que contin\u00faan vigentes las l\u00edneas de financiamiento de la Agencia de Calidad San Juan, orientadas a impulsar la producci\u00f3n y el desarrollo de los emprendimientos agropecuarios.<\/p>\n<p>Desde la Secretar\u00eda de Agricultura, Ganader\u00eda y Agroindustria se anunci\u00f3 un trabajo que se realizar\u00e1 en conjunto con la Sociedad de Chacareros para la organizaci\u00f3n de una edici\u00f3n especial de la Feria Agroproductiva de San Juan, con el objetivo de fortalecer la comercializaci\u00f3n y visibilizaci\u00f3n de los productores locales.<\/p>\n<\/p><\/div>\n<p><script async defer crossorigin=\"anonymous\" src=\"https:\/\/connect.facebook.net\/es_ES\/sdk.js#xfbml=1&#038;version=v3.3\"><\/script><\/p>\n","protected":false},"excerpt":{"rendered":"<p>El Ministerio de Producci\u00f3n, Trabajo e Innovaci\u00f3n avanz\u00f3 con la asistencia destinada a productores afectados por el granizo. La medida consisti\u00f3 en la entrega de fertilizantes, acci\u00f3n que se complement\u00f3 con el relevamiento realizado por la Sociedad de Chacareros. De acuerdo con el relevamiento realizado, varios de los productores no se encontraban inscriptos en el [&hellip;]<\/p>\n","protected":false},"author":2,"featured_media":234238,"comment_status":"closed","ping_status":"closed","sticky":false,"template":"","format":"standard","meta":{"footnotes":""},"categories":[27],"tags":[],"class_list":["post-234237","post","type-post","status-publish","format-standard","has-post-thumbnail","hentry","category-san-juan"],"_links":{"self":[{"href":"https:\/\/radioacuariofm.com.ar\/index.php?rest_route=\/wp\/v2\/posts\/234237","targetHints":{"allow":["GET"]}}],"collection":[{"href":"https:\/\/radioacuariofm.com.ar\/index.php?rest_route=\/wp\/v2\/posts"}],"about":[{"href":"https:\/\/radioacuariofm.com.ar\/index.php?rest_route=\/wp\/v2\/types\/post"}],"author":[{"embeddable":true,"href":"https:\/\/radioacuariofm.com.ar\/index.php?rest_route=\/wp\/v2\/users\/2"}],"replies":[{"embeddable":true,"href":"https:\/\/radioacuariofm.com.ar\/index.php?rest_route=%2Fwp%2Fv2%2Fcomments&post=234237"}],"version-history":[{"count":1,"href":"https:\/\/radioacuariofm.com.ar\/index.php?rest_route=\/wp\/v2\/posts\/234237\/revisions"}],"predecessor-version":[{"id":234239,"href":"https:\/\/radioacuariofm.com.ar\/index.php?rest_route=\/wp\/v2\/posts\/234237\/revisions\/234239"}],"wp:featuredmedia":[{"embeddable":true,"href":"https:\/\/radioacuariofm.com.ar\/index.php?rest_route=\/wp\/v2\/media\/234238"}],"wp:attachment":[{"href":"https:\/\/radioacuariofm.com.ar\/index.php?rest_route=%2Fwp%2Fv2%2Fmedia&parent=234237"}],"wp:term":[{"taxonomy":"category","embeddable":true,"href":"https:\/\/radioacuariofm.com.ar\/index.php?rest_route=%2Fwp%2Fv2%2Fcategories&post=234237"},{"taxonomy":"post_tag","embeddable":true,"href":"https:\/\/radioacuariofm.com.ar\/index.php?rest_route=%2Fwp%2Fv2%2Ftags&post=234237"}],"curies":[{"name":"wp","href":"https:\/\/api.w.org\/{rel}","templated":true}]}}