{"id":234234,"date":"2026-04-27T22:31:00","date_gmt":"2026-04-28T01:31:00","guid":{"rendered":"https:\/\/radioacuariofm.com.ar\/?p=234234"},"modified":"2026-04-27T22:31:01","modified_gmt":"2026-04-28T01:31:01","slug":"la-casa-blanca-arremete-contra-la-oposicion-y-algunos-medios-por-el-clima-de-violencia-politica-en-ee-uu-y-la-demonizacion-de-trump","status":"publish","type":"post","link":"https:\/\/radioacuariofm.com.ar\/?p=234234","title":{"rendered":"La Casa Blanca arremete contra la oposici\u00f3n y algunos medios por el clima de violencia pol\u00edtica en EE.UU. y la \u201cdemonizaci\u00f3n\u201d de Trump"},"content":{"rendered":"<p> <br \/>\n<\/p>\n<div>\n<p class=\"com-paragraph  --capital --s\">WASHINGTON.- El impacto del frustrado ataque del s\u00e1bado en un hotel en esta capital, que oblig\u00f3 a la <strong>evacuaci\u00f3n de Donald Trump y la plana mayor de su administraci\u00f3n<\/strong> de una gala con periodistas, contin\u00faa en franca expansi\u00f3n. Mientras el gobierno pondr\u00e1 en revisi\u00f3n los protocolos de seguridad presidencial, <strong>la Casa Blanca critic\u00f3 con dureza<\/strong> este lunes a la <strong>oposici\u00f3n dem\u00f3crata y parte de los medios de comunicaci\u00f3n<\/strong> por su <strong>\u201cret\u00f3rica de odio\u201d<\/strong> y la <strong>\u201cdemonizaci\u00f3n\u201d<\/strong> contra el mandatario y sus partidarios que, denunci\u00f3, fogonean el <a href=\"https:\/\/www.lanacion.com.ar\/estados-unidos\/las-causas-que-insluflan-la-violencia-politica-en-eeuu-y-las-alertas-que-surgen-hacia-las-elecciones-nid26042026\/\" target=\"_self\" title=\"https:\/\/www.lanacion.com.ar\/estados-unidos\/las-causas-que-insluflan-la-violencia-politica-en-eeuu-y-las-alertas-que-surgen-hacia-las-elecciones-nid26042026\/\" class=\"com-link break-word\" data-mrf-recirculation=\"n_link_parrafo\">creciente clima de violencia pol\u00edtica<\/a> en Estados Unidos. <\/p>\n<p class=\"com-paragraph   --s\">\u201cEsta <strong>violencia pol\u00edtica<\/strong> tiene su origen en una <strong>demonizaci\u00f3n sist\u00e9mica de \u00e9l y de sus partidarios <\/strong>por parte de comentaristas, de miembros del<strong> Partido Dem\u00f3crata<\/strong> e incluso de <strong>algunos sectores de los medios de comunicaci\u00f3n<\/strong>. Esta <strong>ret\u00f3rica de odio<\/strong>, <strong>constante y violenta<\/strong>, dirigida contra Trump d\u00eda tras d\u00eda, durante 11 a\u00f1os, <strong>ha contribuido a legitimar dicha violencia<\/strong> y nos condujo a este momento sombr\u00edo\u00bb, afirm\u00f3 la secretaria de Prensa de la Casa Blanca, <strong>Karoline Leavitt<\/strong>.<\/p>\n<div class=\"content-media\">\n<section role=\"button\" class=\"mod-media   \">\n<figure role=\"button\" tabindex=\"0\" class=\"mod-figure \"><figcaption class=\"mod-figcaption\"><span class=\"com-text --caption --twoxs\">El presidente estadounidense, Donald Trump, hablando en una conferencia de prensa celebrada el 25 de abril de 2026, en la Casa Blanca, en Washington.<\/span><span class=\"com-text --credit --twoxs\">Li Rui &#8211; XinHua<\/span><\/figcaption><\/figure>\n<\/section>\n<\/div>\n<p class=\"com-paragraph   --s\">La funcionaria -que suspendi\u00f3 por este su licencia por maternidad para brindar la conferencia de prensa- sostuvo que el <strong>\u201cculto de odio de la izquierda\u201d<\/strong> contra el presidente y quienes lo apoyan provoc\u00f3 que \u201cm\u00faltiples personas\u201d resultaran heridas o perdieran la vida. <strong>\u201cY este fin de semana por poco vuelve a ocurrir\u201d<\/strong>, asever\u00f3, en referencia a la cena anual de la <strong>Asociaci\u00f3n de Corresponsales de la Casa Blanca<\/strong> en el hotel Hilton en Washington, suspendida luego de que un hombre armado intentara irrumpir en el sal\u00f3n en el que se desarrollaba el evento.<\/p>\n<p class=\"com-paragraph   --s\">\u201cAquellos que constantemente tildan falsamente y calumnian al presidente, tach\u00e1ndolo de fascista y de amenaza para la democracia, y que<strong> lo comparan con [Adolf] Hitler para obtener r\u00e9dito pol\u00edtico<\/strong>, est\u00e1n alimentando este tipo de violencia\u00bb, fustig\u00f3 Leavitt, que antes de responder preguntas de los periodistas acreditados ley\u00f3 una <strong>declaraci\u00f3n de fuerte tono pol\u00edtico<\/strong>.<\/p>\n<p class=\"com-paragraph   --s\">Leavitt tambi\u00e9n hizo referencia al manifiesto del agresor, identificado como <strong>Cole Tomas Allen<\/strong>, de 31 a\u00f1os y residente en California, en el que se defini\u00f3 como un <strong>\u201casesino federal amistoso\u201d<\/strong> y detall\u00f3 sus planes para atacar a <strong>\u201cfuncionarios de la administraci\u00f3n priorizados desde el rango m\u00e1s alto hasta el m\u00e1s bajo\u201d<\/strong>.<strong> <\/strong><\/p>\n<div class=\"content-media\">\n<section role=\"button\" class=\"mod-media   \">\n<figure role=\"button\" tabindex=\"0\" class=\"mod-figure \"><figcaption class=\"mod-figcaption\"><span class=\"com-text --caption --twoxs\">Operativo del FBI en Torrance, California, donde resid\u00eda el agresor Cole Tomas Allen.<\/span><span class=\"com-text --credit --twoxs\">William Lang &#8211; FR172065 AP<\/span><\/figcaption><\/figure>\n<\/section>\n<\/div>\n<p class=\"com-paragraph   --s\">Este lunes,<strong> <\/strong><a href=\"https:\/\/www.lanacion.com.ar\/estados-unidos\/el-detenido-por-el-atentado-contra-trump-comparece-ante-la-justicia-las-cartas-que-envio-y-el-nid27042026\/\" target=\"_self\" title=\"https:\/\/www.lanacion.com.ar\/estados-unidos\/el-detenido-por-el-atentado-contra-trump-comparece-ante-la-justicia-las-cartas-que-envio-y-el-nid27042026\/\" class=\"com-link break-word\" data-mrf-recirculation=\"n_link_parrafo\">Allen fue imputado<strong> <\/strong>en un tribunal federal en Washington de tres cargos<\/a>:<strong> intento de asesinato del presidente, posesi\u00f3n de un arma de fuego y municiones con la intenci\u00f3n de cometer un delito grave, y disparo de un arma de fuego durante un delito violento. <\/strong>De ser hallado culpable, podr\u00eda enfrentar hasta la <strong>cadena perpetua<\/strong>.<\/p>\n<p class=\"com-paragraph   --s\"><strong>\u201cIntent\u00f3 asesinar al presidente de Estados Unidos, Donald Trump\u201d<\/strong>, afirm\u00f3 la fiscal Jocelyn Ballantine en el tribunal. Al agresor, que tendr\u00e1 otra audiencia el jueves por la ma\u00f1ana, se le asignaron abogados de oficio.<\/p>\n<div class=\"content-media cursor-pointer container-center-100\">\n<section class=\"media-container relative ratio-16-9 mod-media pb-32\">\n<figure class=\"mod-video\">\n<div class=\"video-player bg-black ratio-16-9\" data-has-jwplayer=\"true\" data-video-id-jw=\"PfhauxCB\" data-config=\"{&quot;title&quot;:&quot;Evac\u00faan a Trump&quot;,&quot;mediaId&quot;:&quot;PfhauxCB&quot;,&quot;playerId&quot;:&quot;ih0086X3&quot;,&quot;playlist&quot;:[{&quot;mediaid&quot;:&quot;PfhauxCB&quot;,&quot;sources&quot;:[{&quot;file&quot;:&quot;https:\/\/cdn.jwplayer.com\/manifests\/PfhauxCB.m3u8&quot;,&quot;type&quot;:&quot;application\/vnd.apple.mpegurl&quot;},{&quot;bitrate&quot;:292587,&quot;file&quot;:&quot;https:\/\/cdn.jwplayer.com\/videos\/PfhauxCB-kTExGaWf.mp4&quot;,&quot;filesize&quot;:2340699,&quot;framerate&quot;:25,&quot;height&quot;:180,&quot;label&quot;:&quot;180p&quot;,&quot;type&quot;:&quot;video\/mp4&quot;,&quot;width&quot;:320},{&quot;bitrate&quot;:409521,&quot;file&quot;:&quot;https:\/\/cdn.jwplayer.com\/videos\/PfhauxCB-K8B0kybS.mp4&quot;,&quot;filesize&quot;:3276170,&quot;framerate&quot;:25,&quot;height&quot;:270,&quot;label&quot;:&quot;270p&quot;,&quot;type&quot;:&quot;video\/mp4&quot;,&quot;width&quot;:480},{&quot;bitrate&quot;:1261889,&quot;file&quot;:&quot;https:\/\/cdn.jwplayer.com\/videos\/PfhauxCB-46NIuRKO.mp4&quot;,&quot;filesize&quot;:10095113,&quot;framerate&quot;:25,&quot;height&quot;:720,&quot;label&quot;:&quot;720p&quot;,&quot;type&quot;:&quot;video\/mp4&quot;,&quot;width&quot;:1280},{&quot;bitrate&quot;:113723,&quot;file&quot;:&quot;https:\/\/cdn.jwplayer.com\/videos\/PfhauxCB-hz5z2Tv4.m4a&quot;,&quot;filesize&quot;:909791,&quot;label&quot;:&quot;AAC Audio&quot;,&quot;type&quot;:&quot;audio\/mp4&quot;},{&quot;bitrate&quot;:2703652,&quot;file&quot;:&quot;https:\/\/cdn.jwplayer.com\/videos\/PfhauxCB-SomplJdm.mp4&quot;,&quot;filesize&quot;:21629222,&quot;framerate&quot;:25,&quot;height&quot;:1080,&quot;label&quot;:&quot;1080p&quot;,&quot;type&quot;:&quot;video\/mp4&quot;,&quot;width&quot;:1920},{&quot;bitrate&quot;:485391,&quot;file&quot;:&quot;https:\/\/cdn.jwplayer.com\/videos\/PfhauxCB-FnZGUVnC.mp4&quot;,&quot;filesize&quot;:3883131,&quot;framerate&quot;:25,&quot;height&quot;:360,&quot;label&quot;:&quot;360p&quot;,&quot;type&quot;:&quot;video\/mp4&quot;,&quot;width&quot;:640},{&quot;bitrate&quot;:822608,&quot;file&quot;:&quot;https:\/\/cdn.jwplayer.com\/videos\/PfhauxCB-0G6Pwvlw.mp4&quot;,&quot;filesize&quot;:6580870,&quot;framerate&quot;:25,&quot;height&quot;:540,&quot;label&quot;:&quot;540p&quot;,&quot;type&quot;:&quot;video\/mp4&quot;,&quot;width&quot;:960}]}],&quot;hasAutoplay&quot;:false,&quot;autostart&quot;:true,&quot;tagsUrl&quot;:&quot;https:\/\/pubads.g.doubleclick.net\/gampad\/ads?slotname=\/133919216\/la_nacion_video\/nota\/preroll&amp;sz=640x480|400x300&amp;ciu_szs=300x250&amp;unviewed_position_start=1&amp;output=vast&amp;impl=s&amp;env=vp&amp;gdfp_req=1&amp;ad_rule=0&amp;vad_type=linear&amp;vpos=preroll&amp;cust_params=tags_nuevos%3Dte_donald_trump%2Cte_washington%2Cte_casa_blanca%2Cte_estados_unidos%2Cca_estados_unidos%2Cca_el_mundo%2Cau_guillermo_idiart%2CFJCIJSCEENCTLLSMQYXWCSRHJE&amp;pod=3&amp;ppos=1&amp;lip=true&amp;min_ad_duration=0&amp;max_ad_duration=30000&amp;vrid=6256&amp;url=https%3A%2F%2Fwww.lanacion.com.ar%2Festados-unidos%2Fla-casa-blanca-arremete-contra-la-oposicion-y-algunos-medios-por-el-clima-de-violencia-politica-en-nid27042026%2F%3Fvariant%3DA&amp;description_url=https%3A%2F%2Fwww.lanacion.com.ar%2Festados-unidos%2Fla-casa-blanca-arremete-contra-la-oposicion-y-algunos-medios-por-el-clima-de-violencia-politica-en-nid27042026%2F%3Fvariant%3DA&amp;video_doc_id=short_onecue&amp;cmsid=496&amp;kfa=0&amp;tfcd=0&amp;correlator=1777339131500&quot;,&quot;arcSite&quot;:&quot;la-nacion-ar&quot;,&quot;duration&quot;:&quot;64000&quot;}\">\n<div id=\"facade-PfhauxCB\" class=\"content-facade-jw relative bg-black ratio-16-9\"><picture><source media=\"(max-width: 767px)\" srcset=\"https:\/\/resizer.glanacion.com\/resizer\/v2\/https%3A%2F%2Fcdn.jwplayer.com%2Fv2%2Fmedia%2FPfhauxCB%2Fposter.jpg%3Fwidth%3D720?auth=7d69d322ba0e653c44acfa32a428185193125b44b0323535907703fb2ac71015&amp;width=480&amp;quality=70&amp;smart=false\"\/><\/picture><\/div>\n<\/div><figcaption class=\"border border-1 border-bottom border-light-300 relative px-16 py-8 min-h-36 w-100_md px-0_l mb-8 bg-white\"><span class=\"text ln-text text-16 block\">Evac\u00faan a Trump<\/span><\/figcaption><\/figure>\n<\/section>\n<\/div>\n<p class=\"com-paragraph   --s\">\u201cPreg\u00fantense: \u00bfcu\u00e1n diferente es la ret\u00f3rica de este aspirante a asesino de lo que leen en las redes sociales y escuchan en diversos foros d\u00eda tras d\u00eda?<strong> La respuesta, si son honestos consigo mismos, es que no existe diferencia alguna<\/strong>. <strong>Gran parte del manifiesto resulta indistinguible de las palabras que escuchamos a diario de boca de tantas personas<\/strong>\u201c, dijo Leavitt, quien en otro tramo de su presentaci\u00f3n apunt\u00f3 contra el presentador <strong>Jimmy Kimmel <\/strong>por un sketch de la semana pasada sobre la primera dama, <strong>Melania Trump<\/strong>, poco antes de la gala.<\/p>\n<p class=\"com-paragraph   --s\">All\u00ed, el popular humorista brome\u00f3 con que la primera dama ten\u00eda <strong>\u201cbrillo de viuda expectante\u201d<\/strong>, lo que llev\u00f3 a la mujer de Trump a denunciar<strong> \u201csus palabras corrosivas\u201c. <\/strong>Leavitt afirm\u00f3 que mucha gente <strong>\u201cse siente inspirada a cometer actos de violencia por esas palabras\u201d<\/strong>.<\/p>\n<div class=\"content-media\">\n<section role=\"button\" class=\"mod-media   \">\n<figure role=\"button\" tabindex=\"0\" class=\"mod-figure \"><figcaption class=\"mod-figcaption\"><span class=\"com-text --caption --twoxs\">La secretaria de Prensa, Karoline Leavitt; la primera dama norteamericana, Melania Trump, y el presidente Donald Trump, en la gala de corresponsales en Washington.<\/span><span class=\"com-text --credit --twoxs\">MANDEL NGAN &#8211; AFP<\/span><\/figcaption><\/figure>\n<\/section>\n<\/div>\n<p class=\"com-paragraph   --s\">Mientras Leavitt brindaba su conferencia de prensa, Trump tambi\u00e9n se expres\u00f3 -a trav\u00e9s de su red Truth Social- sobre la \u201cdeclaraci\u00f3n impactante\u201d de Kimmel en su programa. \u201cUn d\u00eda despu\u00e9s, un lun\u00e1tico intent\u00f3 acceder al sal\u00f3n de la cena de corresponsales de la Casa Blanca, cargado con una escopeta, una pistola y numerosos cuchillos. Estaba all\u00ed por una raz\u00f3n sumamente obvia y siniestra\u201d, escribi\u00f3 el mandatario.<\/p>\n<p class=\"com-paragraph   --s\">\u201cAgradezco que tantas personas se sientan indignadas ante el <strong>despreciable llamado a la violencia de Kimmel<\/strong>. Este asunto ha traspasado con creces todos los l\u00edmites de lo aceptable. <em>Disney<\/em> y <em>ABC<\/em> <strong>deber\u00edan despedir a Kimmel de inmediato<\/strong>\u201d, reclam\u00f3.<\/p>\n<p class=\"com-paragraph   --s\">En su presentaci\u00f3n, Leavitt tambi\u00e9n cit\u00f3 a diversos dem\u00f3cratas, entre ellos el l\u00edder de la minor\u00eda en la C\u00e1mara de Representantes, <strong>Hakeem Jeffries<\/strong>; al gobernador de Pensilvania, <strong>Josh Shapiro<\/strong>; a los senadores <strong>Alex Padilla<\/strong> (California) y <strong>Elizabeth Warren<\/strong> (Massachusetts), y otros miembros del Congreso, a quienes critic\u00f3 por su discurso contra el mandatario.<\/p>\n<p class=\"com-paragraph   --s\">\u201cTodo el Partido Dem\u00f3crata se\u00f1al\u00f3 a los votantes que Trump representa una <strong>amenaza existencial para la democracia, que es un fascista<\/strong>, y lo comparan con Hitler.<strong> Estas son declaraciones despreciables que el pueblo estadounidense ha estado consumiendo durante a\u00f1os<\/strong>, y muchas personas mentalmente perturbadas son llevadas a creer que estas palabras son verdad, y luego se inspiran para actuar en consecuencia\u00bb, dijo Leavitt.<\/p>\n<p class=\"com-paragraph   --s\">M\u00e1s tarde, en una conferencia de prensa a ra\u00edz de la presentaci\u00f3n de los cargos contra Allen, el fiscal general interino,<strong> Todd Blanche<\/strong>, tambi\u00e9n hizo referencia al clima de <strong>violencia pol\u00edtica<\/strong> y apunt\u00f3 sus dardos contra los medios.<\/p>\n<p class=\"com-paragraph   --s\">\u201cCuando hay periodistas y medios de comunicaci\u00f3n que se muestran excesivamente cr\u00edticos y llaman al presidente con nombres horribles sin motivo alguno y sin pruebas ni evidencias, <strong>no deber\u00eda sorprendernos que se produzca este tipo de ret\u00f3rica<\/strong>\u201c, dijo Blanche.<\/p>\n<p class=\"com-paragraph   --s\">La Casa Blanca aprovech\u00f3 la situaci\u00f3n para afirmar que <strong>\u201cel intento de asesinato del presidente\u201d<\/strong> sirvi\u00f3 como recordatorio \u201cde lo importante que es financiar al <strong>Departamento de Seguridad Nacional<\/strong>\u201d (DHS, por sus siglas en ingl\u00e9s), en otro dardo hacia los dem\u00f3cratas por una disputa por la financiaci\u00f3n que, seg\u00fan Leavitt, gener\u00f3 un riesgo para la seguridad.<\/p>\n<p class=\"com-paragraph   --s\">\u201cEl Servicio Secreto es un componente vital del DHS, y ha sido directamente afectado por este <strong>imprudente juego pol\u00edtico<\/strong>\u201d, advirti\u00f3 Leavitt, m\u00e1s all\u00e1 de que los agentes continuaron percibiendo su salario durante el <em>shutdown<\/em> parcial del DHS por el estancamiento en el Congreso respecto a reformas en la aplicaci\u00f3n de leyes migratorias.<\/p>\n<p class=\"com-paragraph   --s\">En ese sentido, la jefa de gabinete de la Casa Blanca, <strong>Susie Wiles<\/strong>, se reunir\u00e1 esta semana con l\u00edderes del Servicio Secreto y del DHS para<strong> revisar los \u201cprotocolos y pr\u00e1cticas\u201d <\/strong>de seguridad y <strong>\u201cexplorar opciones adicionales\u201d<\/strong> para futuros eventos de gran envergadura en los que participe Trump, seg\u00fan informaron altos funcionarios a medios locales.<\/p>\n<p class=\"com-paragraph   --s\">El gobierno indic\u00f3 que <strong>Trump respalda a la c\u00fapula del Servicio Secreto<\/strong> luego del intento de ataque del s\u00e1bado, en medio de las fuertes cr\u00edticas al operativo en el hotel Hilton.<\/p>\n<div class=\"content-media\">\n<section role=\"button\" class=\"mod-media   \">\n<figure role=\"button\" tabindex=\"0\" class=\"mod-figure \"><figcaption class=\"mod-figcaption\"><span class=\"com-text --caption --twoxs\">Agentes del Servicio Secreto, en el hotel Hilton, en Washington.<\/span><span class=\"com-text --credit --twoxs\">MANDEL NGAN &#8211; AFP<\/span><\/figcaption><\/figure>\n<\/section>\n<\/div>\n<p class=\"com-paragraph   --s\">En los pr\u00f3ximos meses, el presidente tiene pautado participar en eventos de alto perfil, tanto en interiores como al aire libre. Entre ellos, la conmemoraci\u00f3n del 250 aniversario de Estados Unidos, el 4 de julio; el <strong>Mundial<\/strong> de f\u00fatbol, que se desarrollar\u00e1 entre <strong>el 11 de junio y el 19 de julio (la final ser\u00e1 ese d\u00eda en Nueva Jersey), <\/strong>y mitines de campa\u00f1a para impulsar a los candidatos republicanos de cara a las elecciones legislativas del 3 de noviembre pr\u00f3ximo, determinantes para el segundo tramo del mandato de Trump.<\/p>\n<p class=\"com-paragraph   --s\">La asistencia de Trump a la gala del s\u00e1bado \u2013su primera vez como presidente en el evento\u2013 era un momento muy esperado a ra\u00edz de la <strong>conflictiva relaci\u00f3n que el l\u00edder republicano mantiene con periodistas de varios medios<\/strong>, a los que suele dedicar fuertes cr\u00edticas y ataques.<\/p>\n<section class=\"container-center-100 mb-40 border border-bottom border-thin border-neutral-light-700\">\n<hr\/>\n<\/section>\n<\/div>\n<p><script id=\"facebookpixel\" defer=\"\" type=\"text\/javascript\">\n        !function(f,b,e,v,n,t,s)\n        {if(f.fbq)return;n=f.fbq=function(){n.callMethod?\n        n.callMethod.apply(n,arguments):n.queue.push(arguments)};\n        if(!f._fbq)f._fbq=n;n.push=n;n.loaded=!0;n.version='2.0';\n        n.queue=[];t=b.createElement(e);t.async=!0;\n        t.src=v;s=b.getElementsByTagName(e)[0];\n        s.parentNode.insertBefore(t,s)}(window, document,'script',\n        'https:\/\/connect.facebook.net\/en_US\/fbevents.js');\n        fbq('init', '492459597522335');\n        fbq('track', 'PageView');\n    <\/script><br \/>\n<br \/><\/p>\n","protected":false},"excerpt":{"rendered":"<p>WASHINGTON.- El impacto del frustrado ataque del s\u00e1bado en un hotel en esta capital, que oblig\u00f3 a la evacuaci\u00f3n de Donald Trump y la plana mayor de su administraci\u00f3n de una gala con periodistas, contin\u00faa en franca expansi\u00f3n. Mientras el gobierno pondr\u00e1 en revisi\u00f3n los protocolos de seguridad presidencial, la Casa Blanca critic\u00f3 con dureza [&hellip;]<\/p>\n","protected":false},"author":2,"featured_media":234235,"comment_status":"closed","ping_status":"closed","sticky":false,"template":"","format":"standard","meta":{"footnotes":""},"categories":[1],"tags":[],"class_list":["post-234234","post","type-post","status-publish","format-standard","has-post-thumbnail","hentry","category-uncategorized"],"_links":{"self":[{"href":"https:\/\/radioacuariofm.com.ar\/index.php?rest_route=\/wp\/v2\/posts\/234234","targetHints":{"allow":["GET"]}}],"collection":[{"href":"https:\/\/radioacuariofm.com.ar\/index.php?rest_route=\/wp\/v2\/posts"}],"about":[{"href":"https:\/\/radioacuariofm.com.ar\/index.php?rest_route=\/wp\/v2\/types\/post"}],"author":[{"embeddable":true,"href":"https:\/\/radioacuariofm.com.ar\/index.php?rest_route=\/wp\/v2\/users\/2"}],"replies":[{"embeddable":true,"href":"https:\/\/radioacuariofm.com.ar\/index.php?rest_route=%2Fwp%2Fv2%2Fcomments&post=234234"}],"version-history":[{"count":1,"href":"https:\/\/radioacuariofm.com.ar\/index.php?rest_route=\/wp\/v2\/posts\/234234\/revisions"}],"predecessor-version":[{"id":234236,"href":"https:\/\/radioacuariofm.com.ar\/index.php?rest_route=\/wp\/v2\/posts\/234234\/revisions\/234236"}],"wp:featuredmedia":[{"embeddable":true,"href":"https:\/\/radioacuariofm.com.ar\/index.php?rest_route=\/wp\/v2\/media\/234235"}],"wp:attachment":[{"href":"https:\/\/radioacuariofm.com.ar\/index.php?rest_route=%2Fwp%2Fv2%2Fmedia&parent=234234"}],"wp:term":[{"taxonomy":"category","embeddable":true,"href":"https:\/\/radioacuariofm.com.ar\/index.php?rest_route=%2Fwp%2Fv2%2Fcategories&post=234234"},{"taxonomy":"post_tag","embeddable":true,"href":"https:\/\/radioacuariofm.com.ar\/index.php?rest_route=%2Fwp%2Fv2%2Ftags&post=234234"}],"curies":[{"name":"wp","href":"https:\/\/api.w.org\/{rel}","templated":true}]}}