{"id":234201,"date":"2026-04-27T15:23:50","date_gmt":"2026-04-27T18:23:50","guid":{"rendered":"https:\/\/radioacuariofm.com.ar\/?p=234201"},"modified":"2026-04-27T15:23:51","modified_gmt":"2026-04-27T18:23:51","slug":"el-parlamento-britanico-estrecha-el-cerco-sobre-starmer-por-el-caso-epstein-votara-si-abre-una-investigacion","status":"publish","type":"post","link":"https:\/\/radioacuariofm.com.ar\/?p=234201","title":{"rendered":"El Parlamento brit\u00e1nico estrecha el cerco sobre Starmer por el caso Epstein: votar\u00e1 si abre una investigaci\u00f3n"},"content":{"rendered":"<p> <br \/>\n<\/p>\n<div>\n<p class=\"com-paragraph  --capital --s\">LONDRES.\u2013 El primer ministro brit\u00e1nico, <a href=\"https:\/\/www.lanacion.com.ar\/el-mundo\/el-caso-epstein-vuelve-a-complicar-a-starmer-y-esta-vez-podria-costarle-el-cargo-nid18042026\/\" target=\"_self\" title=\"https:\/\/www.lanacion.com.ar\/el-mundo\/el-caso-epstein-vuelve-a-complicar-a-starmer-y-esta-vez-podria-costarle-el-cargo-nid18042026\/\" class=\"com-link break-word\" data-mrf-recirculation=\"n_link_parrafo\"><strong>Keir Starmer<\/strong><\/a>, enfrenta una de las pruebas m\u00e1s exigentes de su gesti\u00f3n desde que lleg\u00f3 al poder. Este martes, una <strong>votaci\u00f3n parlamentaria definir\u00e1 si se abre o no una investigaci\u00f3n formal sobre su conducta en el nombramiento de <\/strong><a href=\"https:\/\/www.lanacion.com.ar\/el-mundo\/detienen-al-exembajador-britanico-en-eeuu-peter-mandelson-por-su-vinculo-con-el-caso-epstein-nid23022026\/\" target=\"_self\" title=\"https:\/\/www.lanacion.com.ar\/el-mundo\/detienen-al-exembajador-britanico-en-eeuu-peter-mandelson-por-su-vinculo-con-el-caso-epstein-nid23022026\/\" class=\"com-link break-word\" data-mrf-recirculation=\"n_link_parrafo\"><strong>Peter Mandelson<\/strong><\/a> como embajador en Washington. <\/p>\n<p class=\"com-paragraph   --s\">Cualquier investigaci\u00f3n de este tipo \u200bpodr\u00eda tener graves consecuencias para el futuro de Starmer. Hasta ahora \u200cse ha resistido a las presiones para \u200bque dimita por su decisi\u00f3n \u200bde contratar a Mandelson, pero si se descubre que enga\u00f1\u00f3 de forma deliberada al Parlamento,<strong> es probable que su posici\u00f3n se vuelva insostenible.<\/strong><\/p>\n<p class=\"com-paragraph   --s\">El eje del conflicto radica en si el <strong>l\u00edder laborista enga\u00f1\u00f3 a la C\u00e1mara de los Comunices al asegurar que se hab\u00eda seguido el \u201cdebido proceso\u201d durante la designaci\u00f3n<\/strong>. <\/p>\n<p class=\"com-paragraph   --s\">El <strong>procedimiento podr\u00eda activarse si una mayor\u00eda simple de diputados respalda la moci\u00f3n<\/strong>, lo que abrir\u00eda una pesquisa con capacidad de citar testigos y revisar documentos oficiales.<\/p>\n<div class=\"content-media\">\n<section role=\"button\" class=\"mod-media   \">\n<figure role=\"button\" tabindex=\"0\" class=\"mod-figure \"><figcaption class=\"mod-figcaption\"><span class=\"com-text --caption --twoxs\">El primer ministro brit\u00e1nico Keir Starmer con el entonces embajador brit\u00e1nico ante EEUU, Peter Mandelson<\/span><span class=\"com-text --credit --twoxs\">Carl Court &#8211; Pool Getty Images<\/span><\/figcaption><\/figure>\n<\/section>\n<\/div>\n<p class=\"com-paragraph   --s\">Seg\u00fan fuentes parlamentarias, el presidente de la C\u00e1mara, <strong>Lindsay Hoyle, habilitar\u00e1 un debate que podr\u00eda derivar en una votaci\u00f3n para remitir el caso al Comit\u00e9 de Privilegios<\/strong>. Ese comit\u00e9, integrado por legisladores de distintos partidos, tiene la facultad de <strong>determinar si hubo desacato al Parlamento<\/strong>, una de las <strong>faltas m\u00e1s graves del sistema pol\u00edtico brit\u00e1nico<\/strong>. De prosperar, ese organismo evaluar\u00e1 si Starmer incurri\u00f3 en una infracci\u00f3n delicada, una acusaci\u00f3n que puede tener <strong>consecuencias devastadoras, incluida la dimisi\u00f3n<\/strong>. <\/p>\n<p class=\"com-paragraph   --s\">La controversia se intensific\u00f3 tras revelaciones period\u00edsticas que indican que <strong>Mandelson fue nombrado pese a que los funcionarios encargados de verificar su idoneidad en materia de seguridad recomendaron denegarle la autorizaci\u00f3n<\/strong>. El proceso de <em>security clearance<\/em> es obligatorio para cargos sensibles y su <strong>rechazo suele implicar la exclusi\u00f3n autom\u00e1tica del candidato<\/strong>, lo que agrava el peso pol\u00edtico de la decisi\u00f3n. Este punto<strong> socava directamente la versi\u00f3n oficial del Gobierno, que insiste en que el primer ministro actu\u00f3 con la informaci\u00f3n disponible<\/strong> en ese momento. <\/p>\n<p class=\"com-paragraph   --s\">El n\u00facleo de la disputa pol\u00edtica gira en torno a la interpretaci\u00f3n de los hechos. La <strong>oposici\u00f3n conservadora sostiene que Starmer enga\u00f1\u00f3 deliberadamente al Parlamento<\/strong>, mientras que Downing Street argumenta que sus declaraciones fueron realizadas de buena fe. <\/p>\n<p class=\"com-paragraph   --s\">Por otro lado, sali\u00f3 a la luz un<strong> memorando de Simon Case que suger\u00eda completar el proceso de verificaci\u00f3n antes de anunciar el nombramiento<\/strong>, aunque existe debate sobre si se trataba de una <strong>recomendaci\u00f3n firme o simplemente orientativa<\/strong>. La ambig\u00fcedad del documento es ahora un punto central de disputa entre oficialismo y oposici\u00f3n.<\/p>\n<p class=\"com-paragraph   --s\">A esto se suma otra acusaci\u00f3n delicada: la<strong> supuesta presi\u00f3n ejercida sobre el Ministerio de Asuntos Exteriores para acelerar el proceso<\/strong>. El exfuncionario Olly Robbins afirm\u00f3 recientemente que<strong> s\u00ed hubo presiones<\/strong>, contradiciendo al primer ministro, quien hab\u00eda negado cualquier tipo de intervenci\u00f3n. Desde el Gobierno aclararon que sus <strong>declaraciones se refer\u00edan espec\u00edficamente al proceso de seguridad y no al nombramiento en general<\/strong>. Esta distinci\u00f3n t\u00e9cnica es clave para la defensa de Starmer.<\/p>\n<div class=\"content-media\">\n<section role=\"button\" class=\"mod-media   \">\n<figure role=\"button\" tabindex=\"0\" class=\"mod-figure \"><figcaption class=\"mod-figcaption\"><span class=\"com-text --caption --twoxs\">Un eventual quiebre del bloque oficialista ser\u00eda interpretado como una se\u00f1al de debilitamiento del liderazgo del primer ministro<\/span><span class=\"com-text --credit --twoxs\">TOM NICHOLSON &#8211; POOL<\/span><\/figcaption><\/figure>\n<\/section>\n<\/div>\n<p class=\"com-paragraph   --s\">Incluso dentro del propio oficialismo comenzaron a aparecer <strong>fisuras<\/strong>. Aunque el<strong> Partido Laborista cuenta con mayor\u00eda parlamentaria<\/strong> y podr\u00eda bloquear la investigaci\u00f3n, algunos <strong>diputados eval\u00faan rebelarse<\/strong>, reflejando el malestar interno por la gesti\u00f3n del caso. En ese escenario, la <strong>votaci\u00f3n no solo definir\u00e1 el futuro inmediato de Starmer, sino tambi\u00e9n el grado de cohesi\u00f3n de su partido<\/strong>. <\/p>\n<p class=\"com-paragraph   --s\">El antecedente m\u00e1s cercano refuerza la gravedad de la situaci\u00f3n. En <strong>2023<\/strong>, una <strong>investigaci\u00f3n similar del Comit\u00e9 de Privilegios termin\u00f3 con la salida del entonces primer ministro Boris Johnson<\/strong> como diputado. Bajo esa sombra, cualquier resoluci\u00f3n adversa podr\u00eda tornar insostenible la posici\u00f3n de Starmer. <\/p>\n<p class=\"com-paragraph   --s\">En t\u00e9rminos pol\u00edticos, la votaci\u00f3n representa mucho m\u00e1s que un tr\u00e1mite parlamentario. Es una <strong>prueba directa de autoridad para el primer ministro<\/strong>, cuya credibilidad qued\u00f3 erosionada por el esc\u00e1ndalo. <\/p>\n<p class=\"com-paragraph   --s\">En simult\u00e1neo a esta tormenta pol\u00edtica interna, el <a href=\"https:\/\/www.lanacion.com.ar\/el-mundo\/el-rey-carlos-iii-visita-estados-unidos-en-plena-controversia-por-malvinas-y-tras-meses-de-tension-nid24042026\/\" target=\"_self\" title=\"https:\/\/www.lanacion.com.ar\/el-mundo\/el-rey-carlos-iii-visita-estados-unidos-en-plena-controversia-por-malvinas-y-tras-meses-de-tension-nid24042026\/\" class=\"com-link break-word\" data-mrf-recirculation=\"n_link_parrafo\"><strong>rey Carlos III inici\u00f3 una visita oficial a Estados Unidos<\/strong><\/a> que a\u00f1ade una dimensi\u00f3n diplom\u00e1tica delicada al momento que atraviesa Gran Breta\u00f1a. El viaje, de cuatro d\u00edas, fue organizado a pedido del Gobierno con el objetivo formal de <strong>celebrar los v\u00ednculos hist\u00f3ricos entre ambos pa\u00edses <\/strong>en el marco del 250\u00ba aniversario de la independencia estadounidense. <\/p>\n<div class=\"content-media\">\n<section role=\"button\" class=\"mod-media   \">\n<figure role=\"button\" tabindex=\"0\" class=\"mod-figure \"><figcaption class=\"mod-figcaption\"><span class=\"com-text --caption --twoxs\">Manifestantes se pronunciaron frente al Palacio de Buckingham en contra de la visita del rey Carlos a Estados Unidos<\/span><span class=\"com-text --credit --twoxs\">Kin Cheung &#8211; AP<\/span><\/figcaption><\/figure>\n<\/section>\n<\/div>\n<p class=\"com-paragraph   --s\">Sin embargo, la visita est\u00e1 lejos de ser protocolar. El <strong>monarca deber\u00e1 ejercer un complejo equilibrio ante las tensiones entre Starmer y el presidente estadounidense<\/strong>, Donald Trump, quien en los \u00faltimos meses lanz\u00f3 duras cr\u00edticas contra el gobierno brit\u00e1nico. Las declaraciones del l\u00edder republicano, que<strong> cuestion\u00f3 el liderazgo de Starmer y decisiones estrat\u00e9gicas de Londres<\/strong>, tensaron una relaci\u00f3n clave para la pol\u00edtica exterior brit\u00e1nica. El <strong>viaje real busca amortiguar ese deterioro <\/strong>sin interferir directamente en la disputa pol\u00edtica.<\/p>\n<p class=\"com-paragraph   --s\">A este escenario se suma un<strong> factor especialmente sensible para la corona: el caso de Jeffrey Epstein y su v\u00ednculo con el pr\u00edncipe Andr\u00e9s<\/strong>. El esc\u00e1ndalo, que vuelve a ocupar titulares tras nuevas revelaciones y tambi\u00e9n vuelve al centro de la agenda p\u00fablica por el tema Mandelson, proyecta una sombra sobre la visita real y refuerza la percepci\u00f3n de fragilidad institucional en un momento donde tanto el gobierno como la monarqu\u00eda enfrentan presiones simult\u00e1neas. <\/p>\n<p class=\"com-paragraph   --s\"><strong>Agencias AFP y Reuters<\/strong><\/p>\n<section class=\"container-center-100 mb-40 border border-bottom border-thin border-neutral-light-700\">\n<hr\/>\n<\/section>\n<\/div>\n<p><script id=\"facebookpixel\" defer=\"\" type=\"text\/javascript\">\n        !function(f,b,e,v,n,t,s)\n        {if(f.fbq)return;n=f.fbq=function(){n.callMethod?\n        n.callMethod.apply(n,arguments):n.queue.push(arguments)};\n        if(!f._fbq)f._fbq=n;n.push=n;n.loaded=!0;n.version='2.0';\n        n.queue=[];t=b.createElement(e);t.async=!0;\n        t.src=v;s=b.getElementsByTagName(e)[0];\n        s.parentNode.insertBefore(t,s)}(window, document,'script',\n        'https:\/\/connect.facebook.net\/en_US\/fbevents.js');\n        fbq('init', '492459597522335');\n        fbq('track', 'PageView');\n    <\/script><br \/>\n<br \/><\/p>\n","protected":false},"excerpt":{"rendered":"<p>LONDRES.\u2013 El primer ministro brit\u00e1nico, Keir Starmer, enfrenta una de las pruebas m\u00e1s exigentes de su gesti\u00f3n desde que lleg\u00f3 al poder. Este martes, una votaci\u00f3n parlamentaria definir\u00e1 si se abre o no una investigaci\u00f3n formal sobre su conducta en el nombramiento de Peter Mandelson como embajador en Washington. Cualquier investigaci\u00f3n de este tipo \u200bpodr\u00eda [&hellip;]<\/p>\n","protected":false},"author":2,"featured_media":234202,"comment_status":"closed","ping_status":"closed","sticky":false,"template":"","format":"standard","meta":{"footnotes":""},"categories":[1],"tags":[],"class_list":["post-234201","post","type-post","status-publish","format-standard","has-post-thumbnail","hentry","category-uncategorized"],"_links":{"self":[{"href":"https:\/\/radioacuariofm.com.ar\/index.php?rest_route=\/wp\/v2\/posts\/234201","targetHints":{"allow":["GET"]}}],"collection":[{"href":"https:\/\/radioacuariofm.com.ar\/index.php?rest_route=\/wp\/v2\/posts"}],"about":[{"href":"https:\/\/radioacuariofm.com.ar\/index.php?rest_route=\/wp\/v2\/types\/post"}],"author":[{"embeddable":true,"href":"https:\/\/radioacuariofm.com.ar\/index.php?rest_route=\/wp\/v2\/users\/2"}],"replies":[{"embeddable":true,"href":"https:\/\/radioacuariofm.com.ar\/index.php?rest_route=%2Fwp%2Fv2%2Fcomments&post=234201"}],"version-history":[{"count":1,"href":"https:\/\/radioacuariofm.com.ar\/index.php?rest_route=\/wp\/v2\/posts\/234201\/revisions"}],"predecessor-version":[{"id":234203,"href":"https:\/\/radioacuariofm.com.ar\/index.php?rest_route=\/wp\/v2\/posts\/234201\/revisions\/234203"}],"wp:featuredmedia":[{"embeddable":true,"href":"https:\/\/radioacuariofm.com.ar\/index.php?rest_route=\/wp\/v2\/media\/234202"}],"wp:attachment":[{"href":"https:\/\/radioacuariofm.com.ar\/index.php?rest_route=%2Fwp%2Fv2%2Fmedia&parent=234201"}],"wp:term":[{"taxonomy":"category","embeddable":true,"href":"https:\/\/radioacuariofm.com.ar\/index.php?rest_route=%2Fwp%2Fv2%2Fcategories&post=234201"},{"taxonomy":"post_tag","embeddable":true,"href":"https:\/\/radioacuariofm.com.ar\/index.php?rest_route=%2Fwp%2Fv2%2Ftags&post=234201"}],"curies":[{"name":"wp","href":"https:\/\/api.w.org\/{rel}","templated":true}]}}