{"id":234196,"date":"2026-04-27T14:21:32","date_gmt":"2026-04-27T17:21:32","guid":{"rendered":"https:\/\/radioacuariofm.com.ar\/?p=234196"},"modified":"2026-04-27T14:21:34","modified_gmt":"2026-04-27T17:21:34","slug":"joaquina-de-la-torre-la-unica-sanjuanina-que-representara-al-pais-en-la-world-cup-de-patinaje-artistico-en-alemania","status":"publish","type":"post","link":"https:\/\/radioacuariofm.com.ar\/?p=234196","title":{"rendered":"Joaquina de la Torre, la \u00fanica sanjuanina que representar\u00e1 al pa\u00eds en la World Cup de patinaje art\u00edstico en Alemania"},"content":{"rendered":"<p><\/p>\n<div>\n<p>Joaquina de la Torre fue confirmada como integrante de la <strong>Selecci\u00f3n Argentina<\/strong> que participar\u00e1 en la <strong>World Cup de patinaje art\u00edstico<\/strong>, en la disciplina Solo Dance Cadete, que se desarrollar\u00e1 del 8 al 17 de mayo en Garmisch-Partenkirchen, Alemania. Su convocatoria no solo representa un logro personal, sino tambi\u00e9n un orgullo para toda la provincia, ya que ser\u00e1 la \u00fanica sanjuanina en competir en este prestigioso certamen internacional.<\/p>\n<p>La clasificaci\u00f3n de Joaquina lleg\u00f3 tras su destacada actuaci\u00f3n en el Torneo Apertura, disputado en marzo en el microestadio de la Confederaci\u00f3n Argentina de Patinaje. All\u00ed, logr\u00f3 un meritorio tercer puesto entre 27 competidoras de distintos puntos del pa\u00eds, consolid\u00e1ndose como una de las grandes promesas de la disciplina.<\/p>\n<p>Actualmente, la patinadora forma parte del <strong>Tulum Pat\u00edn Club<\/strong> y representa a la <strong>Federaci\u00f3n de Patinaje Art\u00edstico y Afines de San Juan<\/strong>. De cara a este importante desaf\u00edo, intensific\u00f3 su preparaci\u00f3n con entrenamientos en doble turno, bajo la supervisi\u00f3n de sus entrenadoras Celeste Rodr\u00edguez, quien adem\u00e1s la acompa\u00f1ar\u00e1 en el viaje, y Flavia Arroyo. A este exigente plan se suma la preparaci\u00f3n f\u00edsica, que realiza tres veces por semana para llegar en \u00f3ptimas condiciones.<\/p>\n<p>El pr\u00f3ximo jueves 7 de mayo, Joaquina partir\u00e1 rumbo a Alemania desde Buenos Aires junto al resto de la delegaci\u00f3n nacional. Su presentaci\u00f3n en competencia est\u00e1 programada para el 11 de mayo, donde buscar\u00e1 dejar su huella en una cita que re\u00fane a los mejores patinadores del mundo.<\/p>\n<p>Con esfuerzo, disciplina y pasi\u00f3n, Joaquina de la Torre se prepara para vivir una experiencia \u00fanica, llevando consigo no solo sus sue\u00f1os, sino tambi\u00e9n el orgullo de todo <strong>San Juan<\/strong> en el escenario internacional.<\/p>\n<\/p><\/div>\n<p><script async defer crossorigin=\"anonymous\" src=\"https:\/\/connect.facebook.net\/es_ES\/sdk.js#xfbml=1&#038;version=v3.3\"><\/script><\/p>\n","protected":false},"excerpt":{"rendered":"<p>Joaquina de la Torre fue confirmada como integrante de la Selecci\u00f3n Argentina que participar\u00e1 en la World Cup de patinaje art\u00edstico, en la disciplina Solo Dance Cadete, que se desarrollar\u00e1 del 8 al 17 de mayo en Garmisch-Partenkirchen, Alemania. Su convocatoria no solo representa un logro personal, sino tambi\u00e9n un orgullo para toda la provincia, [&hellip;]<\/p>\n","protected":false},"author":2,"featured_media":234197,"comment_status":"closed","ping_status":"closed","sticky":false,"template":"","format":"standard","meta":{"footnotes":""},"categories":[27],"tags":[],"class_list":["post-234196","post","type-post","status-publish","format-standard","has-post-thumbnail","hentry","category-san-juan"],"_links":{"self":[{"href":"https:\/\/radioacuariofm.com.ar\/index.php?rest_route=\/wp\/v2\/posts\/234196","targetHints":{"allow":["GET"]}}],"collection":[{"href":"https:\/\/radioacuariofm.com.ar\/index.php?rest_route=\/wp\/v2\/posts"}],"about":[{"href":"https:\/\/radioacuariofm.com.ar\/index.php?rest_route=\/wp\/v2\/types\/post"}],"author":[{"embeddable":true,"href":"https:\/\/radioacuariofm.com.ar\/index.php?rest_route=\/wp\/v2\/users\/2"}],"replies":[{"embeddable":true,"href":"https:\/\/radioacuariofm.com.ar\/index.php?rest_route=%2Fwp%2Fv2%2Fcomments&post=234196"}],"version-history":[{"count":1,"href":"https:\/\/radioacuariofm.com.ar\/index.php?rest_route=\/wp\/v2\/posts\/234196\/revisions"}],"predecessor-version":[{"id":234198,"href":"https:\/\/radioacuariofm.com.ar\/index.php?rest_route=\/wp\/v2\/posts\/234196\/revisions\/234198"}],"wp:featuredmedia":[{"embeddable":true,"href":"https:\/\/radioacuariofm.com.ar\/index.php?rest_route=\/wp\/v2\/media\/234197"}],"wp:attachment":[{"href":"https:\/\/radioacuariofm.com.ar\/index.php?rest_route=%2Fwp%2Fv2%2Fmedia&parent=234196"}],"wp:term":[{"taxonomy":"category","embeddable":true,"href":"https:\/\/radioacuariofm.com.ar\/index.php?rest_route=%2Fwp%2Fv2%2Fcategories&post=234196"},{"taxonomy":"post_tag","embeddable":true,"href":"https:\/\/radioacuariofm.com.ar\/index.php?rest_route=%2Fwp%2Fv2%2Ftags&post=234196"}],"curies":[{"name":"wp","href":"https:\/\/api.w.org\/{rel}","templated":true}]}}