{"id":234190,"date":"2026-04-27T13:55:54","date_gmt":"2026-04-27T16:55:54","guid":{"rendered":"https:\/\/radioacuariofm.com.ar\/?p=234190"},"modified":"2026-04-27T13:55:56","modified_gmt":"2026-04-27T16:55:56","slug":"docentes-iniciaron-una-jornada-de-actualizacion-en-habilidades-socioemocionales","status":"publish","type":"post","link":"https:\/\/radioacuariofm.com.ar\/?p=234190","title":{"rendered":"Docentes iniciaron una jornada de actualizaci\u00f3n en habilidades socioemocionales"},"content":{"rendered":"<p><\/p>\n<div>\n<p>El Ministerio de Educaci\u00f3n dio inicio a la jornada de actualizaci\u00f3n en el marco del Programa Nacional de Habilidades Socioemocionales (HASE), con un acto realizado en la escuela de educaci\u00f3n especial Dr. Ram\u00f3n Pe\u00f1afort, de Rawson. La propuesta, impulsada por la Direcci\u00f3n de Gabinetes T\u00e9cnicos Interdisciplinarios, est\u00e1 dirigida a docentes de instituciones de gesti\u00f3n estatal y privada de todos los niveles, y contempla tanto una instancia presencial, que se realiz\u00f3 este lunes, como dos encuentros virtuales.<\/p>\n<p>El programa trabaja sobre un enfoque concreto: incorporar las habilidades socioemocionales como parte del proceso educativo. Esto implica ense\u00f1ar a los estudiantes a reconocer sus emociones, regularlas, establecer v\u00ednculos, trabajar en equipo y tomar decisiones con criterio.<\/p>\n<p>Est\u00e1 previsto el abordaje de cinco ejes centrales: conciencia de s\u00ed, autogesti\u00f3n, conciencia social, habilidades relacionales y toma de decisiones responsable, que luego deben ser trabajados en el aula a trav\u00e9s de la planificaci\u00f3n anual, actividades espec\u00edficas y seguimiento institucional.<\/p>\n<p>La ministra de Educaci\u00f3n, Silvia Fuentes, particip\u00f3 del acto de apertura e hizo referencia a la realidad que atraviesan las escuelas. \u201cLos docentes hoy trabajan con situaciones complejas que van mucho m\u00e1s all\u00e1 de los contenidos y que hace algunos a\u00f1os parec\u00edan impensadas. Hay conflictos, problem\u00e1ticas y realidades sociales que entran al aula todos los d\u00edas. Por eso necesitamos dar herramientas para poder abordarlas y sostener el trabajo pedag\u00f3gico\u201d, indic\u00f3.<\/p>\n<p>Por su parte, el director de Gabinetes T\u00e9cnicos Interdisciplinarios, Luis Lucero, explic\u00f3 el sentido del programa. \u201cLa emoci\u00f3n es la base de todo comportamiento humano, por eso es importante trabajarla en la escuela, integrarla en la ense\u00f1anza cotidiana. Si los estudiantes no pueden reconocer lo que sienten, dif\u00edcilmente puedan aprender, convivir o tomar decisiones\u201d, dijo.<\/p>\n<p>La propuesta incluye, adem\u00e1s de la formaci\u00f3n docente, el desarrollo de actividades en el aula, instancias de acompa\u00f1amiento y monitoreo, y la participaci\u00f3n de las familias, con el objetivo de que el trabajo trascienda el espacio escolar.<\/p>\n<p>El programa se implementa con la participaci\u00f3n de equipos t\u00e9cnicos provinciales y profesionales de la Secretar\u00eda de Educaci\u00f3n de la Naci\u00f3n, y plantea un abordaje que involucra a la escuela, el aula, el hogar y la comunidad.<\/p>\n<\/p><\/div>\n<p><script async defer crossorigin=\"anonymous\" src=\"https:\/\/connect.facebook.net\/es_ES\/sdk.js#xfbml=1&#038;version=v3.3\"><\/script><\/p>\n","protected":false},"excerpt":{"rendered":"<p>El Ministerio de Educaci\u00f3n dio inicio a la jornada de actualizaci\u00f3n en el marco del Programa Nacional de Habilidades Socioemocionales (HASE), con un acto realizado en la escuela de educaci\u00f3n especial Dr. Ram\u00f3n Pe\u00f1afort, de Rawson. La propuesta, impulsada por la Direcci\u00f3n de Gabinetes T\u00e9cnicos Interdisciplinarios, est\u00e1 dirigida a docentes de instituciones de gesti\u00f3n estatal [&hellip;]<\/p>\n","protected":false},"author":2,"featured_media":234191,"comment_status":"closed","ping_status":"closed","sticky":false,"template":"","format":"standard","meta":{"footnotes":""},"categories":[27],"tags":[],"class_list":["post-234190","post","type-post","status-publish","format-standard","has-post-thumbnail","hentry","category-san-juan"],"_links":{"self":[{"href":"https:\/\/radioacuariofm.com.ar\/index.php?rest_route=\/wp\/v2\/posts\/234190","targetHints":{"allow":["GET"]}}],"collection":[{"href":"https:\/\/radioacuariofm.com.ar\/index.php?rest_route=\/wp\/v2\/posts"}],"about":[{"href":"https:\/\/radioacuariofm.com.ar\/index.php?rest_route=\/wp\/v2\/types\/post"}],"author":[{"embeddable":true,"href":"https:\/\/radioacuariofm.com.ar\/index.php?rest_route=\/wp\/v2\/users\/2"}],"replies":[{"embeddable":true,"href":"https:\/\/radioacuariofm.com.ar\/index.php?rest_route=%2Fwp%2Fv2%2Fcomments&post=234190"}],"version-history":[{"count":1,"href":"https:\/\/radioacuariofm.com.ar\/index.php?rest_route=\/wp\/v2\/posts\/234190\/revisions"}],"predecessor-version":[{"id":234192,"href":"https:\/\/radioacuariofm.com.ar\/index.php?rest_route=\/wp\/v2\/posts\/234190\/revisions\/234192"}],"wp:featuredmedia":[{"embeddable":true,"href":"https:\/\/radioacuariofm.com.ar\/index.php?rest_route=\/wp\/v2\/media\/234191"}],"wp:attachment":[{"href":"https:\/\/radioacuariofm.com.ar\/index.php?rest_route=%2Fwp%2Fv2%2Fmedia&parent=234190"}],"wp:term":[{"taxonomy":"category","embeddable":true,"href":"https:\/\/radioacuariofm.com.ar\/index.php?rest_route=%2Fwp%2Fv2%2Fcategories&post=234190"},{"taxonomy":"post_tag","embeddable":true,"href":"https:\/\/radioacuariofm.com.ar\/index.php?rest_route=%2Fwp%2Fv2%2Ftags&post=234190"}],"curies":[{"name":"wp","href":"https:\/\/api.w.org\/{rel}","templated":true}]}}