{"id":234184,"date":"2026-04-27T13:22:04","date_gmt":"2026-04-27T16:22:04","guid":{"rendered":"https:\/\/radioacuariofm.com.ar\/?p=234184"},"modified":"2026-04-27T13:22:05","modified_gmt":"2026-04-27T16:22:05","slug":"que-se-sabe-sobre-el-tirador-del-atentado-contra-trump-y-como-sigue-la-investigacion","status":"publish","type":"post","link":"https:\/\/radioacuariofm.com.ar\/?p=234184","title":{"rendered":"Qu\u00e9 se sabe sobre el tirador del atentado contra Trump y c\u00f3mo sigue la investigaci\u00f3n"},"content":{"rendered":"<p> <br \/>\n<\/p>\n<div>\n<p class=\"com-paragraph   --s\">Un <a href=\"https:\/\/www.lanacion.com.ar\/el-mundo\/atentado-contra-trump-un-experto-internacional-explico-por-que-fallo-la-seguridad-y-lo-comparo-con-nid27042026\/\" target=\"_self\" title=\"https:\/\/www.lanacion.com.ar\/el-mundo\/atentado-contra-trump-un-experto-internacional-explico-por-que-fallo-la-seguridad-y-lo-comparo-con-nid27042026\/\" class=\"com-link break-word\" data-mrf-recirculation=\"n_link_parrafo\"><strong>intento de atentado<\/strong><\/a> contra el presidente de Estados Unidos, <strong>Donald Trump<\/strong>, encendi\u00f3 las alarmas en Washington luego de que un hombre armado intentara atravesar un control de seguridad durante un evento en la Casa Blanca.<\/p>\n<p class=\"com-paragraph   --s\">El sospechoso fue reducido por agentes del Servicio Secreto y detenido en el lugar, lo que evit\u00f3 consecuencias mayores.<\/p>\n<div class=\"content-media cursor-pointer container-center-100\">\n<section class=\"media-container relative ratio-16-9 mod-media pb-32\">\n<figure class=\"mod-video\">\n<div class=\"video-player bg-black ratio-16-9\" data-has-jwplayer=\"true\" data-video-id-jw=\"PfhauxCB\" data-config=\"{&quot;title&quot;:&quot;Evac\u00faan a Trump&quot;,&quot;mediaId&quot;:&quot;PfhauxCB&quot;,&quot;playerId&quot;:&quot;ih0086X3&quot;,&quot;playlist&quot;:[{&quot;mediaid&quot;:&quot;PfhauxCB&quot;,&quot;sources&quot;:[{&quot;file&quot;:&quot;https:\/\/cdn.jwplayer.com\/manifests\/PfhauxCB.m3u8&quot;,&quot;type&quot;:&quot;application\/vnd.apple.mpegurl&quot;},{&quot;bitrate&quot;:292587,&quot;file&quot;:&quot;https:\/\/cdn.jwplayer.com\/videos\/PfhauxCB-kTExGaWf.mp4&quot;,&quot;filesize&quot;:2340699,&quot;framerate&quot;:25,&quot;height&quot;:180,&quot;label&quot;:&quot;180p&quot;,&quot;type&quot;:&quot;video\/mp4&quot;,&quot;width&quot;:320},{&quot;bitrate&quot;:409521,&quot;file&quot;:&quot;https:\/\/cdn.jwplayer.com\/videos\/PfhauxCB-K8B0kybS.mp4&quot;,&quot;filesize&quot;:3276170,&quot;framerate&quot;:25,&quot;height&quot;:270,&quot;label&quot;:&quot;270p&quot;,&quot;type&quot;:&quot;video\/mp4&quot;,&quot;width&quot;:480},{&quot;bitrate&quot;:1261889,&quot;file&quot;:&quot;https:\/\/cdn.jwplayer.com\/videos\/PfhauxCB-46NIuRKO.mp4&quot;,&quot;filesize&quot;:10095113,&quot;framerate&quot;:25,&quot;height&quot;:720,&quot;label&quot;:&quot;720p&quot;,&quot;type&quot;:&quot;video\/mp4&quot;,&quot;width&quot;:1280},{&quot;bitrate&quot;:113723,&quot;file&quot;:&quot;https:\/\/cdn.jwplayer.com\/videos\/PfhauxCB-hz5z2Tv4.m4a&quot;,&quot;filesize&quot;:909791,&quot;label&quot;:&quot;AAC Audio&quot;,&quot;type&quot;:&quot;audio\/mp4&quot;},{&quot;bitrate&quot;:2703652,&quot;file&quot;:&quot;https:\/\/cdn.jwplayer.com\/videos\/PfhauxCB-SomplJdm.mp4&quot;,&quot;filesize&quot;:21629222,&quot;framerate&quot;:25,&quot;height&quot;:1080,&quot;label&quot;:&quot;1080p&quot;,&quot;type&quot;:&quot;video\/mp4&quot;,&quot;width&quot;:1920},{&quot;bitrate&quot;:485391,&quot;file&quot;:&quot;https:\/\/cdn.jwplayer.com\/videos\/PfhauxCB-FnZGUVnC.mp4&quot;,&quot;filesize&quot;:3883131,&quot;framerate&quot;:25,&quot;height&quot;:360,&quot;label&quot;:&quot;360p&quot;,&quot;type&quot;:&quot;video\/mp4&quot;,&quot;width&quot;:640},{&quot;bitrate&quot;:822608,&quot;file&quot;:&quot;https:\/\/cdn.jwplayer.com\/videos\/PfhauxCB-0G6Pwvlw.mp4&quot;,&quot;filesize&quot;:6580870,&quot;framerate&quot;:25,&quot;height&quot;:540,&quot;label&quot;:&quot;540p&quot;,&quot;type&quot;:&quot;video\/mp4&quot;,&quot;width&quot;:960}]}],&quot;hasAutoplay&quot;:false,&quot;autostart&quot;:true,&quot;tagsUrl&quot;:&quot;https:\/\/pubads.g.doubleclick.net\/gampad\/ads?slotname=\/133919216\/la_nacion_video\/nota\/preroll&amp;sz=640x480|400x300&amp;ciu_szs=300x250&amp;unviewed_position_start=1&amp;output=vast&amp;impl=s&amp;env=vp&amp;gdfp_req=1&amp;ad_rule=0&amp;vad_type=linear&amp;vpos=preroll&amp;cust_params=tags_nuevos%3Dte_donald_trump%2Cte_donald_trump__presidente_de_ee_uu_%2Cte_estados_unidos%2Cte_ln_%2Cte_audiencia%2Cca_el_mundo%2Cca_ln_%2C%2CNKJ7SQXOBRAQDHRPY3WU7D2RFQ&amp;pod=3&amp;ppos=1&amp;lip=true&amp;min_ad_duration=0&amp;max_ad_duration=30000&amp;vrid=6256&amp;url=https%3A%2F%2Fwww.lanacion.com.ar%2Fel-mundo%2Fque-se-sabe-sobre-el-tirador-del-atentado-contra-trump-y-como-sigue-la-investigacion-nid27042026%2F%3Fvariant%3DA&amp;description_url=https%3A%2F%2Fwww.lanacion.com.ar%2Fel-mundo%2Fque-se-sabe-sobre-el-tirador-del-atentado-contra-trump-y-como-sigue-la-investigacion-nid27042026%2F%3Fvariant%3DA&amp;video_doc_id=short_onecue&amp;cmsid=496&amp;kfa=0&amp;tfcd=0&amp;correlator=1777306063488&quot;,&quot;arcSite&quot;:&quot;la-nacion-ar&quot;,&quot;duration&quot;:&quot;64000&quot;}\">\n<div id=\"facade-PfhauxCB\" class=\"content-facade-jw relative bg-black ratio-16-9\"><picture><source media=\"(max-width: 767px)\" srcset=\"https:\/\/resizer.glanacion.com\/resizer\/v2\/https%3A%2F%2Fcdn.jwplayer.com%2Fv2%2Fmedia%2FPfhauxCB%2Fposter.jpg%3Fwidth%3D720?auth=7d69d322ba0e653c44acfa32a428185193125b44b0323535907703fb2ac71015&amp;width=480&amp;quality=70&amp;smart=false\"\/><\/picture><\/div>\n<\/div><figcaption class=\"border border-1 border-bottom border-light-300 relative px-16 py-8 min-h-36 w-100_md px-0_l mb-8 bg-transparent\"><span class=\"text ln-text text-16 block\">Evac\u00faan a Trump<\/span><\/figcaption><\/figure>\n<\/section>\n<\/div>\n<p class=\"com-paragraph   --s\">Las autoridades identificaron al agresor como <strong>Cole Tomas Allen<\/strong>, de 31 a\u00f1os, residente en California.<\/p>\n<p class=\"com-paragraph   --s\">Seg\u00fan confirm\u00f3 el propio Trump, se tratar\u00eda de un <strong>\u201clobo solitario\u201d<\/strong>, sin v\u00ednculos inmediatos con organizaciones, aunque ese punto a\u00fan es materia de investigaci\u00f3n.<strong> \u201cEs una persona enferma\u201d<\/strong>, afirm\u00f3 el mandatario al referirse al detenido.<\/p>\n<div class=\"content-media\">\n<section role=\"button\" class=\"mod-media   \">\n<figure role=\"button\" tabindex=\"0\" class=\"mod-figure \"><figcaption class=\"mod-figcaption\"><span class=\"com-text --caption --twoxs\">Trump comparti\u00f3 esta foto que aparentemente muestra al sospechoso sin camisa en el suelo del hotel Washington Hilton<\/span><\/figcaption><\/figure>\n<\/section>\n<\/div>\n<p class=\"com-paragraph   --s\">De acuerdo con la reconstrucci\u00f3n oficial, <strong>el hombre intent\u00f3 ingresar armado tras embestir un puesto de control de seguridad<\/strong>. En ese contexto, se registraron disparos y <strong>uno de los agentes result\u00f3 herido<\/strong>, aunque logr\u00f3 sobrevivir gracias al chaleco antibalas.<\/p>\n<p class=\"com-paragraph   --s\"><strong>El Presidente debi\u00f3 ser evacuado del evento por protocolo de seguridad <\/strong>y luego confirm\u00f3 que se encontraba fuera de peligro.<\/p>\n<div class=\"content-media\">\n<section role=\"button\" class=\"mod-media   \">\n<figure role=\"button\" tabindex=\"0\" class=\"mod-figure \"><figcaption class=\"mod-figcaption\"><span class=\"com-text --caption --twoxs\">El presidente de Estados Unidos, Donald Trump, y la primera dama, Melania Trump, fueron evacuados de la Cena de Corresponsales de la Casa Blanca el s\u00e1bado por la noche<\/span><\/figcaption><\/figure>\n<\/section>\n<\/div>\n<p class=\"com-paragraph   --s\">El director del FBI, <strong>Kash Patel<\/strong>, asegur\u00f3 que ya comenz\u00f3 un an\u00e1lisis exhaustivo del historial del atacante. <strong>\u201cExaminaremos todas las pruebas de inmediato para asegurarnos de proteger este pa\u00eds\u201d<\/strong>, sostuvo.<\/p>\n<p class=\"com-paragraph   --s\">La investigaci\u00f3n busca determinar si el sospechoso actu\u00f3 completamente solo o si existieron contactos, antecedentes o se\u00f1ales previas que permitan entender su motivaci\u00f3n.<\/p>\n<p class=\"com-paragraph   --s\">Por su parte, el fiscal general adjunto interino,<strong> Todd Blanche<\/strong>, adelant\u00f3 que el detenido enfrentar\u00e1<strong> m\u00faltiples cargos<\/strong>. Entre ellos, se incluyen<strong> delitos vinculados al uso y posesi\u00f3n de armas de fuego<\/strong>, adem\u00e1s de otras posibles imputaciones relacionadas con el intento de ataque.<\/p>\n<p class=\"com-paragraph   --s\">Tras el episodio, Trump plante\u00f3 la necesidad de reforzar a\u00fan m\u00e1s los sistemas de seguridad en la Casa Blanca. El mandatario mencion\u00f3 la posibilidad de construir nuevas instalaciones con mayor protecci\u00f3n, incluyendo sistemas a prueba de drones y vidrios blindados.<\/p>\n<p class=\"com-paragraph   --s\"><strong>\u201cHoy necesitamos niveles de seguridad que probablemente nadie haya visto antes\u201d<\/strong>, advirti\u00f3.<\/p>\n<div class=\"content-media\">\n<section role=\"button\" class=\"mod-media   \">\n<figure role=\"button\" tabindex=\"0\" class=\"mod-figure \"><figcaption class=\"mod-figcaption\"><span class=\"com-text --caption --twoxs\">Trump confirm\u00f3 que el tirador fue detenido y habl\u00f3 del ataque<\/span><\/figcaption><\/figure>\n<\/section>\n<\/div>\n<p class=\"com-paragraph   --s\">El analista internacional <strong>Andr\u00e9s Repetto analiz\u00f3 las fallas por parte de la seguridad de la Casa Blanca <\/strong>y la postura de Trump tras el intento de ataque.<\/p>\n<p class=\"com-paragraph   --s\">\u201cEl inicio de semana con un Trump en el mejor traje que le queda, que es acaparar la tensi\u00f3n, y que todas las miradas est\u00e9n puestas en \u00e9l, y justamente no en el conflicto, en la guerra en la que est\u00e1 asumido todav\u00eda Estados Unidos\u201d, remarc\u00f3 el analista, y sostuvo que <strong>muchos se preguntan que fue lo que fall\u00f3<\/strong>. <\/p>\n<div class=\"content-media cursor-pointer container-center-100\">\n<section class=\"media-container relative ratio-16-9 mod-media pb-32\">\n<figure class=\"mod-video\">\n<div class=\"video-player bg-black ratio-16-9\" data-has-jwplayer=\"true\" data-video-id-jw=\"eZypdJO5\" data-config=\"{&quot;title&quot;:&quot;Andres Repetto en LN+&quot;,&quot;mediaId&quot;:&quot;eZypdJO5&quot;,&quot;playerId&quot;:&quot;ih0086X3&quot;,&quot;playlist&quot;:[{&quot;mediaid&quot;:&quot;eZypdJO5&quot;,&quot;sources&quot;:[{&quot;file&quot;:&quot;https:\/\/cdn.jwplayer.com\/manifests\/eZypdJO5.m3u8&quot;,&quot;type&quot;:&quot;application\/vnd.apple.mpegurl&quot;},{&quot;bitrate&quot;:290821,&quot;file&quot;:&quot;https:\/\/cdn.jwplayer.com\/videos\/eZypdJO5-kTExGaWf.mp4&quot;,&quot;filesize&quot;:25519600,&quot;framerate&quot;:25,&quot;height&quot;:180,&quot;label&quot;:&quot;180p&quot;,&quot;type&quot;:&quot;video\/mp4&quot;,&quot;width&quot;:320},{&quot;bitrate&quot;:425270,&quot;file&quot;:&quot;https:\/\/cdn.jwplayer.com\/videos\/eZypdJO5-K8B0kybS.mp4&quot;,&quot;filesize&quot;:37317506,&quot;framerate&quot;:25,&quot;height&quot;:270,&quot;label&quot;:&quot;270p&quot;,&quot;type&quot;:&quot;video\/mp4&quot;,&quot;width&quot;:480},{&quot;bitrate&quot;:1116866,&quot;file&quot;:&quot;https:\/\/cdn.jwplayer.com\/videos\/eZypdJO5-46NIuRKO.mp4&quot;,&quot;filesize&quot;:98005001,&quot;framerate&quot;:25,&quot;height&quot;:720,&quot;label&quot;:&quot;720p&quot;,&quot;type&quot;:&quot;video\/mp4&quot;,&quot;width&quot;:1280},{&quot;bitrate&quot;:113507,&quot;file&quot;:&quot;https:\/\/cdn.jwplayer.com\/videos\/eZypdJO5-hz5z2Tv4.m4a&quot;,&quot;filesize&quot;:9960278,&quot;label&quot;:&quot;AAC Audio&quot;,&quot;type&quot;:&quot;audio\/mp4&quot;},{&quot;bitrate&quot;:2325357,&quot;file&quot;:&quot;https:\/\/cdn.jwplayer.com\/videos\/eZypdJO5-SomplJdm.mp4&quot;,&quot;filesize&quot;:204050109,&quot;framerate&quot;:25,&quot;height&quot;:1080,&quot;label&quot;:&quot;1080p&quot;,&quot;type&quot;:&quot;video\/mp4&quot;,&quot;width&quot;:1920},{&quot;bitrate&quot;:461518,&quot;file&quot;:&quot;https:\/\/cdn.jwplayer.com\/videos\/eZypdJO5-FnZGUVnC.mp4&quot;,&quot;filesize&quot;:40498213,&quot;framerate&quot;:25,&quot;height&quot;:360,&quot;label&quot;:&quot;360p&quot;,&quot;type&quot;:&quot;video\/mp4&quot;,&quot;width&quot;:640},{&quot;bitrate&quot;:746335,&quot;file&quot;:&quot;https:\/\/cdn.jwplayer.com\/videos\/eZypdJO5-0G6Pwvlw.mp4&quot;,&quot;filesize&quot;:65490978,&quot;framerate&quot;:25,&quot;height&quot;:540,&quot;label&quot;:&quot;540p&quot;,&quot;type&quot;:&quot;video\/mp4&quot;,&quot;width&quot;:960}]}],&quot;hasAutoplay&quot;:false,&quot;autostart&quot;:true,&quot;tagsUrl&quot;:&quot;https:\/\/pubads.g.doubleclick.net\/gampad\/ads?slotname=\/133919216\/la_nacion_video\/nota\/preroll&amp;sz=640x480|400x300&amp;ciu_szs=300x250&amp;unviewed_position_start=1&amp;output=vast&amp;impl=s&amp;env=vp&amp;gdfp_req=1&amp;ad_rule=0&amp;vad_type=linear&amp;vpos=preroll&amp;cust_params=tags_nuevos%3Dte_donald_trump%2Cte_donald_trump__presidente_de_ee_uu_%2Cte_estados_unidos%2Cte_ln_%2Cte_audiencia%2Cca_el_mundo%2Cca_ln_%2C%2CNKJ7SQXOBRAQDHRPY3WU7D2RFQ&amp;pod=3&amp;ppos=1&amp;lip=true&amp;min_ad_duration=0&amp;max_ad_duration=30000&amp;vrid=6256&amp;url=https%3A%2F%2Fwww.lanacion.com.ar%2Fel-mundo%2Fque-se-sabe-sobre-el-tirador-del-atentado-contra-trump-y-como-sigue-la-investigacion-nid27042026%2F%3Fvariant%3DA&amp;description_url=https%3A%2F%2Fwww.lanacion.com.ar%2Fel-mundo%2Fque-se-sabe-sobre-el-tirador-del-atentado-contra-trump-y-como-sigue-la-investigacion-nid27042026%2F%3Fvariant%3DA&amp;video_doc_id=short_onecue&amp;cmsid=496&amp;kfa=0&amp;tfcd=0&amp;correlator=1777306063489&quot;,&quot;arcSite&quot;:&quot;la-nacion-ar&quot;,&quot;duration&quot;:&quot;702000&quot;}\">\n<div id=\"facade-eZypdJO5\" class=\"content-facade-jw relative bg-black ratio-16-9\"><picture><source media=\"(max-width: 767px)\" srcset=\"https:\/\/resizer.glanacion.com\/resizer\/v2\/https%3A%2F%2Fcdn.jwplayer.com%2Fv2%2Fmedia%2FeZypdJO5%2Fposter.jpg%3Fwidth%3D720?auth=f9b9d570629c55c369dd6c9bf485ffeaf573d8416e4d62012166b22f3433c236&amp;width=480&amp;quality=70&amp;smart=false\"\/><img class=\"image com-image flex --cover\" decoding=\"async\" fetchpriority=\"low\" loading=\"lazy\" src=\"https:\/\/radioacuariofm.com.ar\/wp-content\/uploads\/2026\/04\/https:\/\/cdn.jwplayer.com\/v2\/media\/eZypdJO5\/poster.jpg\" alt=\"Andres Repetto en LN+\"\/><\/picture><\/div>\n<\/div><figcaption class=\"border border-1 border-bottom border-light-300 relative px-16 py-8 min-h-36 w-100_md px-0_l mb-8 bg-transparent\"><span class=\"text ln-text text-16 block\">Andres Repetto en LN+<\/span><\/figcaption><\/figure>\n<\/section>\n<\/div>\n<p class=\"com-paragraph   --s\">Frente al ataque de la cena de los corresponsales, Repetto compar\u00f3 el intento de atentado con la serie <em><strong>Designated Survivor<\/strong><\/em>,<strong> <\/strong>donde se repite esta escena de ataque en una sala en la que se encontraban varios funcionarios y un terrorista hace estallar el Congreso.<\/p>\n<p class=\"com-paragraph   --s\">\u201cQuien es el designado eventualmente ante una cat\u00e1strofe, van y lo buscan y dicen: \u00b4Bueno, vos eras secretario de Agricultura, ahora sos el nuevo presidente; sos el designado despu\u00e9s de que se liquid\u00f3 a toda la plana pol\u00edtica de los Estados Unidos\u201d, explic\u00f3 Repetto, y agreg\u00f3: <strong>\u201cEso es lo que podr\u00eda haber pasado en el Hotel Hilton porque estaba toda la plana, de los seis primeros cargos, para la sucesi\u00f3n presidencial; estaban todos presentes\u201d<\/strong>. <\/p>\n<\/div>\n<p><script id=\"facebookpixel\" defer=\"\" type=\"text\/javascript\">\n        !function(f,b,e,v,n,t,s)\n        {if(f.fbq)return;n=f.fbq=function(){n.callMethod?\n        n.callMethod.apply(n,arguments):n.queue.push(arguments)};\n        if(!f._fbq)f._fbq=n;n.push=n;n.loaded=!0;n.version='2.0';\n        n.queue=[];t=b.createElement(e);t.async=!0;\n        t.src=v;s=b.getElementsByTagName(e)[0];\n        s.parentNode.insertBefore(t,s)}(window, document,'script',\n        'https:\/\/connect.facebook.net\/en_US\/fbevents.js');\n        fbq('init', '492459597522335');\n        fbq('track', 'PageView');\n    <\/script><br \/>\n<br \/><\/p>\n","protected":false},"excerpt":{"rendered":"<p>Un intento de atentado contra el presidente de Estados Unidos, Donald Trump, encendi\u00f3 las alarmas en Washington luego de que un hombre armado intentara atravesar un control de seguridad durante un evento en la Casa Blanca. El sospechoso fue reducido por agentes del Servicio Secreto y detenido en el lugar, lo que evit\u00f3 consecuencias mayores. [&hellip;]<\/p>\n","protected":false},"author":2,"featured_media":234185,"comment_status":"closed","ping_status":"closed","sticky":false,"template":"","format":"standard","meta":{"footnotes":""},"categories":[1],"tags":[],"class_list":["post-234184","post","type-post","status-publish","format-standard","has-post-thumbnail","hentry","category-uncategorized"],"_links":{"self":[{"href":"https:\/\/radioacuariofm.com.ar\/index.php?rest_route=\/wp\/v2\/posts\/234184","targetHints":{"allow":["GET"]}}],"collection":[{"href":"https:\/\/radioacuariofm.com.ar\/index.php?rest_route=\/wp\/v2\/posts"}],"about":[{"href":"https:\/\/radioacuariofm.com.ar\/index.php?rest_route=\/wp\/v2\/types\/post"}],"author":[{"embeddable":true,"href":"https:\/\/radioacuariofm.com.ar\/index.php?rest_route=\/wp\/v2\/users\/2"}],"replies":[{"embeddable":true,"href":"https:\/\/radioacuariofm.com.ar\/index.php?rest_route=%2Fwp%2Fv2%2Fcomments&post=234184"}],"version-history":[{"count":1,"href":"https:\/\/radioacuariofm.com.ar\/index.php?rest_route=\/wp\/v2\/posts\/234184\/revisions"}],"predecessor-version":[{"id":234186,"href":"https:\/\/radioacuariofm.com.ar\/index.php?rest_route=\/wp\/v2\/posts\/234184\/revisions\/234186"}],"wp:featuredmedia":[{"embeddable":true,"href":"https:\/\/radioacuariofm.com.ar\/index.php?rest_route=\/wp\/v2\/media\/234185"}],"wp:attachment":[{"href":"https:\/\/radioacuariofm.com.ar\/index.php?rest_route=%2Fwp%2Fv2%2Fmedia&parent=234184"}],"wp:term":[{"taxonomy":"category","embeddable":true,"href":"https:\/\/radioacuariofm.com.ar\/index.php?rest_route=%2Fwp%2Fv2%2Fcategories&post=234184"},{"taxonomy":"post_tag","embeddable":true,"href":"https:\/\/radioacuariofm.com.ar\/index.php?rest_route=%2Fwp%2Fv2%2Ftags&post=234184"}],"curies":[{"name":"wp","href":"https:\/\/api.w.org\/{rel}","templated":true}]}}