{"id":234181,"date":"2026-04-27T13:17:51","date_gmt":"2026-04-27T16:17:51","guid":{"rendered":"https:\/\/radioacuariofm.com.ar\/?p=234181"},"modified":"2026-04-27T13:17:53","modified_gmt":"2026-04-27T16:17:53","slug":"el-consumo-masivo-tuvo-un-leve-rebote-en-el-primer-trimestre-traccionado-por-alimentos-y-bebidas-segun-un-informe-privado","status":"publish","type":"post","link":"https:\/\/radioacuariofm.com.ar\/?p=234181","title":{"rendered":"El consumo masivo tuvo un leve rebote en el primer trimestre traccionado por alimentos y bebidas, seg\u00fan un informe privado"},"content":{"rendered":"<p><\/p>\n<div>\n<p class=\"com-paragraph  --capital --s\">El <strong>consumo<\/strong> masivo habr\u00eda mostrado una recuperaci\u00f3n en el <strong>bimestre febrero-marzo<\/strong>, seg\u00fan un informe de NielsenIQ. De acuerdo con la empresa especializada en el an\u00e1lisis del comportamiento de compra a trav\u00e9s de datos omnicanal, en ese per\u00edodo se registr\u00f3 un<strong> crecimiento del 1,5% en comparaci\u00f3n con el mismo lapso del a\u00f1o anterior.<\/strong><\/p>\n<p class=\"com-paragraph   --s\">En tanto, el <strong>acumulado de 2026 <\/strong>se ubica un<strong> 1% por encima de igual per\u00edodo de 2025.<\/strong><\/p>\n<p class=\"com-paragraph   --s\">En el bimestre febrero-marzo,<strong> el rubro alimentos creci\u00f3 un 2,2%, <\/strong>impulsado por golosinas (7,7%), alimentos b\u00e1sicos (0,8%) y no b\u00e1sicos (0,3%). Por su parte, las <strong>bebidas avanzaron un 2,4%, <\/strong>traccionadas por las no alcoh\u00f3licas (2,2%) y las alcoh\u00f3licas (3%).<\/p>\n<p class=\"com-paragraph   --s\"><strong>\u201cHoy, en el consumo total se observa un leve brote verde. Hay una tasa que comienza a revertirse\u201d<\/strong>, dijo Dami\u00e1n Graziano, director comercial de NielsenIQ para la Argentina, Uruguay, Bolivia y Paraguay, en declaraciones radiales.<\/p>\n<p class=\"com-paragraph   --s\">El ejecutivo explic\u00f3 que entre junio y julio de 2025 se inici\u00f3 una desaceleraci\u00f3n que se profundiz\u00f3 hacia fin de a\u00f1o. \u201c<mark class=\"hl_underline\">La tendencia se fue debilitando hasta llegar a unas fiestas y un verano complejos<\/mark>, en los que las tasas de recuperaci\u00f3n pr\u00e1cticamente desaparecieron y tendieron a cero. Sin embargo, en marzo se produjo un<strong> repunte impulsado por alimentos y bebidas, no solo por golosinas y snacks, sino tambi\u00e9n por productos b\u00e1sicos\u201d<\/strong>, detall\u00f3.<\/p>\n<p class=\"com-paragraph   --s\">Si bien Graziano indic\u00f3 que comienza a vislumbrarse una recuperaci\u00f3n, advirti\u00f3 que mantienen una mirada cautelosa. La raz\u00f3n es que en los pr\u00f3ximos meses la comparaci\u00f3n ser\u00e1 contra bases m\u00e1s elevadas.<\/p>\n<p class=\"com-paragraph   --s\">Respecto de los precios, Graziano se\u00f1al\u00f3 que en los <strong>autoservicios <\/strong>se registran variaciones menores, lo que resulta atractivo para los consumidores.<\/p>\n<p class=\"com-paragraph   --s\">\u201cSe observa un cambio en los h\u00e1bitos de consumo. El cliente se est\u00e1 alejando de las grandes cadenas y de las compras voluminosas, en un contexto de mayor restricci\u00f3n presupuestaria. <a href=\"https:\/\/www.lanacion.com.ar\/economia\/tiempos-de-restriccion-control-y-sensatez-nid06042026\/\" target=\"_self\" title=\"https:\/\/www.lanacion.com.ar\/economia\/tiempos-de-restriccion-control-y-sensatez-nid06042026\/\" class=\"com-link break-word\" data-mrf-recirculation=\"n_link_parrafo\">\u00bfC\u00f3mo controlan el gasto? Compran cuando lo necesitan\u201d, <\/a>explic\u00f3.<\/p>\n<p class=\"com-paragraph   --s\">En esa l\u00ednea, agreg\u00f3 que aumenta la frecuencia de visitas a comercios m\u00e1s peque\u00f1os, como almacenes de barrio o autoservicios. <strong>All\u00ed, las variaciones de precios son algo menores y, adem\u00e1s, hay mayor variedad de productos, ya que los fabricantes necesitan colocar la mercader\u00eda.<\/strong><\/p>\n<p class=\"com-paragraph   --s\">En febrero y marzo, los precios crecieron un 25% respecto de igual per\u00edodo del a\u00f1o pasado. El<strong> canal moderno (-4,7%) <\/strong>continu\u00f3 mostrando una contracci\u00f3n en el consumo frente al mismo bimestre del a\u00f1o anterior, mientras que el <strong>canal tradicional creci\u00f3 un 6,9%.<\/strong><\/p>\n<p class=\"com-paragraph   --s\">Por otro lado, Graziano destac\u00f3 que existe una <strong>correlaci\u00f3n entre el aumento del gasto en servicios y la ca\u00edda del consumo masivo.<\/strong> \u201cEs casi uno a uno\u201d, afirm\u00f3.<\/p>\n<p class=\"com-paragraph   --s\">Al analizar la evoluci\u00f3n entre el Gran Buenos Aires y el interior del pa\u00eds, se\u00f1al\u00f3 que el consumo masivo comienza a relegarse en paralelo con la quita de subsidios. A esto se suma una menor disponibilidad de ingresos y una retracci\u00f3n general.<\/p>\n<p class=\"com-paragraph   --s\">\u201cHoy, <mark class=\"hl_underline\">una parte de la clase media y media alta no prioriza el consumo, sino decisiones como cambiar el auto, viajar al exterior o acceder al cr\u00e9dito<\/mark>, para lo cual necesita ahorrar. El consumo masivo y los bienes durables han perdido participaci\u00f3n en el gasto, especialmente en zonas urbanas, en particular en el Gran Buenos Aires\u201d, concluy\u00f3.<\/p>\n<section class=\"container-center-100 mb-40 border border-bottom border-thin border-neutral-light-700\">\n<hr\/>\n<\/section>\n<\/div>\n<p><script id=\"facebookpixel\" defer=\"\" type=\"text\/javascript\">\n        !function(f,b,e,v,n,t,s)\n        {if(f.fbq)return;n=f.fbq=function(){n.callMethod?\n        n.callMethod.apply(n,arguments):n.queue.push(arguments)};\n        if(!f._fbq)f._fbq=n;n.push=n;n.loaded=!0;n.version='2.0';\n        n.queue=[];t=b.createElement(e);t.async=!0;\n        t.src=v;s=b.getElementsByTagName(e)[0];\n        s.parentNode.insertBefore(t,s)}(window, document,'script',\n        'https:\/\/connect.facebook.net\/en_US\/fbevents.js');\n        fbq('init', '492459597522335');\n        fbq('track', 'PageView');\n    <\/script><\/p>\n","protected":false},"excerpt":{"rendered":"<p>El consumo masivo habr\u00eda mostrado una recuperaci\u00f3n en el bimestre febrero-marzo, seg\u00fan un informe de NielsenIQ. De acuerdo con la empresa especializada en el an\u00e1lisis del comportamiento de compra a trav\u00e9s de datos omnicanal, en ese per\u00edodo se registr\u00f3 un crecimiento del 1,5% en comparaci\u00f3n con el mismo lapso del a\u00f1o anterior. En tanto, el [&hellip;]<\/p>\n","protected":false},"author":2,"featured_media":234182,"comment_status":"closed","ping_status":"closed","sticky":false,"template":"","format":"standard","meta":{"footnotes":""},"categories":[28],"tags":[],"class_list":["post-234181","post","type-post","status-publish","format-standard","has-post-thumbnail","hentry","category-economia"],"_links":{"self":[{"href":"https:\/\/radioacuariofm.com.ar\/index.php?rest_route=\/wp\/v2\/posts\/234181","targetHints":{"allow":["GET"]}}],"collection":[{"href":"https:\/\/radioacuariofm.com.ar\/index.php?rest_route=\/wp\/v2\/posts"}],"about":[{"href":"https:\/\/radioacuariofm.com.ar\/index.php?rest_route=\/wp\/v2\/types\/post"}],"author":[{"embeddable":true,"href":"https:\/\/radioacuariofm.com.ar\/index.php?rest_route=\/wp\/v2\/users\/2"}],"replies":[{"embeddable":true,"href":"https:\/\/radioacuariofm.com.ar\/index.php?rest_route=%2Fwp%2Fv2%2Fcomments&post=234181"}],"version-history":[{"count":1,"href":"https:\/\/radioacuariofm.com.ar\/index.php?rest_route=\/wp\/v2\/posts\/234181\/revisions"}],"predecessor-version":[{"id":234183,"href":"https:\/\/radioacuariofm.com.ar\/index.php?rest_route=\/wp\/v2\/posts\/234181\/revisions\/234183"}],"wp:featuredmedia":[{"embeddable":true,"href":"https:\/\/radioacuariofm.com.ar\/index.php?rest_route=\/wp\/v2\/media\/234182"}],"wp:attachment":[{"href":"https:\/\/radioacuariofm.com.ar\/index.php?rest_route=%2Fwp%2Fv2%2Fmedia&parent=234181"}],"wp:term":[{"taxonomy":"category","embeddable":true,"href":"https:\/\/radioacuariofm.com.ar\/index.php?rest_route=%2Fwp%2Fv2%2Fcategories&post=234181"},{"taxonomy":"post_tag","embeddable":true,"href":"https:\/\/radioacuariofm.com.ar\/index.php?rest_route=%2Fwp%2Fv2%2Ftags&post=234181"}],"curies":[{"name":"wp","href":"https:\/\/api.w.org\/{rel}","templated":true}]}}