{"id":234163,"date":"2026-04-27T11:19:01","date_gmt":"2026-04-27T14:19:01","guid":{"rendered":"https:\/\/radioacuariofm.com.ar\/?p=234163"},"modified":"2026-04-27T11:19:02","modified_gmt":"2026-04-27T14:19:02","slug":"inicio-el-ciclo-de-capacitaciones-fitosanitarias-en-sarmiento","status":"publish","type":"post","link":"https:\/\/radioacuariofm.com.ar\/?p=234163","title":{"rendered":"Inici\u00f3 el ciclo de capacitaciones fitosanitarias en Sarmiento"},"content":{"rendered":"<p><\/p>\n<div>\n<p style=\"text-align: justify; line-height: 150%;\"><span style=\"font-family: 'Ubuntu',sans-serif;\">La Secretar\u00eda de Agricultura, Ganader\u00eda y Agroindustria, a trav\u00e9s de la Direcci\u00f3n de Sanidad Vegetal, Animal y Alimentos, en articulaci\u00f3n con la Municipalidad de Sarmiento y la Asociaci\u00f3n Campo Limpio, llev\u00f3 adelante la primera capacitaci\u00f3n de cierre de campa\u00f1a 2025-2026 de los programas de Lobesia botrana y mosca de los frutos.<\/span><\/p>\n<p style=\"text-align: justify; line-height: 150%;\"><span style=\"font-family: 'Ubuntu',sans-serif;\">Esta jornada marc\u00f3 el inicio de un ciclo de capacitaciones que se desarrollar\u00e1 en toda la provincia durante el per\u00edodo oto\u00f1o-invierno. En este primer encuentro, t\u00e9cnicos y especialistas brindaron informaci\u00f3n actualizada sobre la situaci\u00f3n fitosanitaria y los resultados obtenidos en la campa\u00f1a recientemente finalizada.<\/span><span style=\"font-family: 'Ubuntu',sans-serif;\"> <\/span><\/p>\n<p style=\"text-align: justify; line-height: 150%;\"><span style=\"font-family: 'Ubuntu',sans-serif;\">El objetivo de estas instancias es acercar a los productores datos precisos y segmentados por zonas productivas, permitiendo conocer el estado sanitario de cada departamento en relaci\u00f3n a estas plagas clave para la producci\u00f3n. Esta informaci\u00f3n resulta fundamental para la planificaci\u00f3n y toma de decisiones de cara a la pr\u00f3xima campa\u00f1a, en el marco de una estrategia de trabajo articulado entre el sector p\u00fablico y el privado.<\/span><span style=\"font-family: 'Ubuntu',sans-serif;\"> <\/span><\/p>\n<p style=\"text-align: justify; line-height: 150%;\"><span style=\"font-family: 'Ubuntu',sans-serif;\">Asimismo, durante la capacitaci\u00f3n se abord\u00f3 la correcta gesti\u00f3n de envases vac\u00edos de fitosanitarios, haciendo hincapi\u00e9 en la importancia de adoptar buenas pr\u00e1cticas agr\u00edcolas que contribuyan al cuidado del ambiente y la salud.<\/span><span style=\"font-family: 'Ubuntu',sans-serif;\"> <\/span><\/p>\n<p style=\"text-align: justify; line-height: 150%;\"><span style=\"font-family: 'Ubuntu',sans-serif;\">Desde la organizaci\u00f3n informaron que la pr\u00f3xima jornada se realizar\u00e1 en el departamento Caucete, continuando con el cronograma previsto para los distintos departamentos productivos de San Juan.<\/span><span style=\"font-family: 'Ubuntu',sans-serif;\"> <\/span><\/p>\n<p style=\"text-align: justify; line-height: 150%;\"><span style=\"font-family: 'Ubuntu',sans-serif;\">Para m\u00e1s informaci\u00f3n o para solicitar asesoramiento t\u00e9cnico, los interesados pueden comunicarse al tel\u00e9fono 264 6239867.<\/span><\/p>\n<\/p><\/div>\n<p><script async defer crossorigin=\"anonymous\" src=\"https:\/\/connect.facebook.net\/es_ES\/sdk.js#xfbml=1&#038;version=v3.3\"><\/script><\/p>\n","protected":false},"excerpt":{"rendered":"<p>La Secretar\u00eda de Agricultura, Ganader\u00eda y Agroindustria, a trav\u00e9s de la Direcci\u00f3n de Sanidad Vegetal, Animal y Alimentos, en articulaci\u00f3n con la Municipalidad de Sarmiento y la Asociaci\u00f3n Campo Limpio, llev\u00f3 adelante la primera capacitaci\u00f3n de cierre de campa\u00f1a 2025-2026 de los programas de Lobesia botrana y mosca de los frutos. Esta jornada marc\u00f3 el [&hellip;]<\/p>\n","protected":false},"author":2,"featured_media":234164,"comment_status":"closed","ping_status":"closed","sticky":false,"template":"","format":"standard","meta":{"footnotes":""},"categories":[27],"tags":[],"class_list":["post-234163","post","type-post","status-publish","format-standard","has-post-thumbnail","hentry","category-san-juan"],"_links":{"self":[{"href":"https:\/\/radioacuariofm.com.ar\/index.php?rest_route=\/wp\/v2\/posts\/234163","targetHints":{"allow":["GET"]}}],"collection":[{"href":"https:\/\/radioacuariofm.com.ar\/index.php?rest_route=\/wp\/v2\/posts"}],"about":[{"href":"https:\/\/radioacuariofm.com.ar\/index.php?rest_route=\/wp\/v2\/types\/post"}],"author":[{"embeddable":true,"href":"https:\/\/radioacuariofm.com.ar\/index.php?rest_route=\/wp\/v2\/users\/2"}],"replies":[{"embeddable":true,"href":"https:\/\/radioacuariofm.com.ar\/index.php?rest_route=%2Fwp%2Fv2%2Fcomments&post=234163"}],"version-history":[{"count":1,"href":"https:\/\/radioacuariofm.com.ar\/index.php?rest_route=\/wp\/v2\/posts\/234163\/revisions"}],"predecessor-version":[{"id":234165,"href":"https:\/\/radioacuariofm.com.ar\/index.php?rest_route=\/wp\/v2\/posts\/234163\/revisions\/234165"}],"wp:featuredmedia":[{"embeddable":true,"href":"https:\/\/radioacuariofm.com.ar\/index.php?rest_route=\/wp\/v2\/media\/234164"}],"wp:attachment":[{"href":"https:\/\/radioacuariofm.com.ar\/index.php?rest_route=%2Fwp%2Fv2%2Fmedia&parent=234163"}],"wp:term":[{"taxonomy":"category","embeddable":true,"href":"https:\/\/radioacuariofm.com.ar\/index.php?rest_route=%2Fwp%2Fv2%2Fcategories&post=234163"},{"taxonomy":"post_tag","embeddable":true,"href":"https:\/\/radioacuariofm.com.ar\/index.php?rest_route=%2Fwp%2Fv2%2Ftags&post=234163"}],"curies":[{"name":"wp","href":"https:\/\/api.w.org\/{rel}","templated":true}]}}