{"id":234154,"date":"2026-04-27T10:18:50","date_gmt":"2026-04-27T13:18:50","guid":{"rendered":"https:\/\/radioacuariofm.com.ar\/?p=234154"},"modified":"2026-04-27T10:18:52","modified_gmt":"2026-04-27T13:18:52","slug":"la-princesa-leonor-heredera-al-trono-de-espana-estudiara-ciencia-politica-en-madrid","status":"publish","type":"post","link":"https:\/\/radioacuariofm.com.ar\/?p=234154","title":{"rendered":"La princesa Leonor, heredera al trono de Espa\u00f1a, estudiar\u00e1 Ciencia Pol\u00edtica en Madrid"},"content":{"rendered":"<p> <br \/>\n<\/p>\n<div>\n<p class=\"com-paragraph  --capital --s\">MADRID (AFP).- La <a href=\"https:\/\/www.lanacion.com.ar\/el-mundo\/asi-fue-el-primer-vuelo-en-solitario-de-la-princesa-leonor-como-parte-de-su-formacion-militar-nid19122025\/\" target=\"_self\" title=\"https:\/\/www.lanacion.com.ar\/el-mundo\/asi-fue-el-primer-vuelo-en-solitario-de-la-princesa-leonor-como-parte-de-su-formacion-militar-nid19122025\/\" class=\"com-link break-word\" data-mrf-recirculation=\"n_link_parrafo\"><strong>princesa Leonor de Borb\u00f3n y Ortiz<\/strong><\/a>, heredera del trono espa\u00f1ol, comenzar\u00e1 a estudiar este a\u00f1o el <strong>grado de Ciencia Pol\u00edtica <\/strong>en la Universidad Carlos III de <strong>Madrid<\/strong>, seg\u00fan anunci\u00f3 este lunes la Casa Real.<\/p>\n<p class=\"com-paragraph   --s\">La <strong>princesa de Asturias<\/strong>, que en 2023 jur\u00f3 fidelidad a la Constituci\u00f3n al cumplir los 18 a\u00f1os \u2014momento a partir del cual qued\u00f3 habilitada para <strong>suceder como jefa de Estado a su padre, Felipe VI<\/strong>\u2014, iniciar\u00e1 sus <strong>estudios de cuatro a\u00f1os<\/strong> \u201cen el tercer cuatrimestre de 2026\u201d, indic\u00f3 la Casa Real en un comunicado.<\/p>\n<p class=\"com-paragraph   --s\">\u201cLa princesa Leonor compatibilizar\u00e1 este per\u00edodo de su educaci\u00f3n superior, de acuerdo con el correspondiente calendario universitario, con sus <strong>compromisos institucionales<\/strong> como heredera de la Corona, al igual que ha hecho durante el periodo del bachillerato\u201d, se\u00f1al\u00f3 el texto publicado en la cuenta oficial de la red social<em> X<\/em>.<\/p>\n<div class=\"content-media\">\n<section role=\"button\" class=\"mod-media   \">\n<figure role=\"button\" tabindex=\"0\" class=\"mod-figure \"><figcaption class=\"mod-figcaption\"><span class=\"com-text --caption --twoxs\">El comunicado oficial que public\u00f3 la Casa Real.<\/span><span class=\"com-text --credit --twoxs\">X   <\/span><\/figcaption><\/figure>\n<\/section>\n<\/div>\n<p class=\"com-paragraph   --s\">Leonor, que curs\u00f3 estudios de primaria en Espa\u00f1a y secundaria en el <strong>Reino Unido<\/strong>, terminar\u00e1 este a\u00f1o sus <strong>tres a\u00f1os de formaci\u00f3n militar<\/strong>, al igual que hizo su padre. <\/p>\n<p class=\"com-paragraph   --s\">En Espa\u00f1a, una monarqu\u00eda parlamentaria, la Constituci\u00f3n establece que el var\u00f3n tiene preferencia para heredar la Corona, pero <strong>Leonor no tiene hermanos varones<\/strong>, por lo que ella es la heredera designada. <\/p>\n<p class=\"com-paragraph   --s\">En un pa\u00eds donde el debate sobre la monarqu\u00eda es perenne, la princesa de Asturias genera bastante simpat\u00eda, <strong>a diferencia de su abuelo, Juan Carlos I<\/strong>, quien, perseguido por los esc\u00e1ndalos en el \u00faltimo tramo de su reinado, abdic\u00f3 en 2014 en favor de Felipe VI. El hombre de 88 a\u00f1os <strong>se instal\u00f3 en Abu Dabi en 2020<\/strong> \u2014en donde sigue residiendo\u2014 pese a que la justicia archiv\u00f3 en 2022 varias investigaciones judiciales abiertas en su contra en relaci\u00f3n con su opaca fortuna.<\/p>\n<div class=\"content-media\">\n<section role=\"button\" class=\"mod-media   \">\n<figure role=\"button\" tabindex=\"0\" class=\"mod-figure \"><figcaption class=\"mod-figcaption\"><span class=\"com-text --caption --twoxs\">La Princesa Leonor en la Escuela Naval Militar de Mar\u00edn.<\/span><span class=\"com-text --credit --twoxs\">Casa Real de Espa\u00f1a<\/span><\/figcaption><\/figure>\n<\/section>\n<\/div>\n<p class=\"com-paragraph   --s\">El pasado diciembre, la joven de <strong>20 a\u00f1os<\/strong> tuvo su <strong>primer vuelo en solitario <\/strong>como parte de su formaci\u00f3n militar en la Academia General del Aire y del Espacio (AGA), en San Javier, Murcia, donde realiz\u00f3 su<strong> instrucci\u00f3n como alf\u00e9rez<\/strong>.<\/p>\n<p class=\"com-paragraph   --s\">La <strong>primog\u00e9nita del rey Felipe VI y de la reina Letizia <\/strong>ya complet\u00f3 una formaci\u00f3n intensiva, orientada a adquirir los conocimientos aeron\u00e1uticos necesarios y a familiarizarse con el avi\u00f3n de entrenamiento Pilatus PC-21, adem\u00e1s de profundizar en distintos aspectos vinculados a la organizaci\u00f3n, estructura y funcionamiento del Ej\u00e9rcito del Aire y del Espacio.<\/p>\n<p class=\"com-paragraph   --s\">Este es el tramo final de su educaci\u00f3n. Previo a esto, ya hab\u00eda pasado por el Ej\u00e9rcito de Tierra, en la <strong>Academia General de Zaragoza<\/strong>, y por la Armada, donde estuvo cuatro meses en la <strong>Escuela Naval de Mar\u00edn<\/strong>, cinco a bordo del buque-escuela Juan Sebasti\u00e1n Elcano, y tres semanas en la fragata Blas de Lezo.<\/p>\n<p class=\"com-paragraph   --s\">Leonor no solo est\u00e1 llamada a ser la futura reina y jefa del Estado, sino que tambi\u00e9n<strong> ejercer\u00e1 el mando supremo de las Fuerzas Armadas<\/strong>, seg\u00fan el art\u00edculo 62 de la Constituci\u00f3n. Por eso, el gobierno aprob\u00f3 en 2023 un Real Decreto por el que se regula la formaci\u00f3n y carrera militar de la princesa con el fin de que <strong>tenga nociones en tierra, mar y aire<\/strong>.<\/p>\n<section class=\"container-center-100 mb-40 border border-bottom border-thin border-neutral-light-700\">\n<hr\/>\n<\/section>\n<\/div>\n<p><script id=\"facebookpixel\" defer=\"\" type=\"text\/javascript\">\n        !function(f,b,e,v,n,t,s)\n        {if(f.fbq)return;n=f.fbq=function(){n.callMethod?\n        n.callMethod.apply(n,arguments):n.queue.push(arguments)};\n        if(!f._fbq)f._fbq=n;n.push=n;n.loaded=!0;n.version='2.0';\n        n.queue=[];t=b.createElement(e);t.async=!0;\n        t.src=v;s=b.getElementsByTagName(e)[0];\n        s.parentNode.insertBefore(t,s)}(window, document,'script',\n        'https:\/\/connect.facebook.net\/en_US\/fbevents.js');\n        fbq('init', '492459597522335');\n        fbq('track', 'PageView');\n    <\/script><br \/>\n<br \/><\/p>\n","protected":false},"excerpt":{"rendered":"<p>MADRID (AFP).- La princesa Leonor de Borb\u00f3n y Ortiz, heredera del trono espa\u00f1ol, comenzar\u00e1 a estudiar este a\u00f1o el grado de Ciencia Pol\u00edtica en la Universidad Carlos III de Madrid, seg\u00fan anunci\u00f3 este lunes la Casa Real. La princesa de Asturias, que en 2023 jur\u00f3 fidelidad a la Constituci\u00f3n al cumplir los 18 a\u00f1os \u2014momento [&hellip;]<\/p>\n","protected":false},"author":2,"featured_media":234155,"comment_status":"closed","ping_status":"closed","sticky":false,"template":"","format":"standard","meta":{"footnotes":""},"categories":[1],"tags":[],"class_list":["post-234154","post","type-post","status-publish","format-standard","has-post-thumbnail","hentry","category-uncategorized"],"_links":{"self":[{"href":"https:\/\/radioacuariofm.com.ar\/index.php?rest_route=\/wp\/v2\/posts\/234154","targetHints":{"allow":["GET"]}}],"collection":[{"href":"https:\/\/radioacuariofm.com.ar\/index.php?rest_route=\/wp\/v2\/posts"}],"about":[{"href":"https:\/\/radioacuariofm.com.ar\/index.php?rest_route=\/wp\/v2\/types\/post"}],"author":[{"embeddable":true,"href":"https:\/\/radioacuariofm.com.ar\/index.php?rest_route=\/wp\/v2\/users\/2"}],"replies":[{"embeddable":true,"href":"https:\/\/radioacuariofm.com.ar\/index.php?rest_route=%2Fwp%2Fv2%2Fcomments&post=234154"}],"version-history":[{"count":1,"href":"https:\/\/radioacuariofm.com.ar\/index.php?rest_route=\/wp\/v2\/posts\/234154\/revisions"}],"predecessor-version":[{"id":234156,"href":"https:\/\/radioacuariofm.com.ar\/index.php?rest_route=\/wp\/v2\/posts\/234154\/revisions\/234156"}],"wp:featuredmedia":[{"embeddable":true,"href":"https:\/\/radioacuariofm.com.ar\/index.php?rest_route=\/wp\/v2\/media\/234155"}],"wp:attachment":[{"href":"https:\/\/radioacuariofm.com.ar\/index.php?rest_route=%2Fwp%2Fv2%2Fmedia&parent=234154"}],"wp:term":[{"taxonomy":"category","embeddable":true,"href":"https:\/\/radioacuariofm.com.ar\/index.php?rest_route=%2Fwp%2Fv2%2Fcategories&post=234154"},{"taxonomy":"post_tag","embeddable":true,"href":"https:\/\/radioacuariofm.com.ar\/index.php?rest_route=%2Fwp%2Fv2%2Ftags&post=234154"}],"curies":[{"name":"wp","href":"https:\/\/api.w.org\/{rel}","templated":true}]}}