{"id":234091,"date":"2026-04-26T09:08:28","date_gmt":"2026-04-26T12:08:28","guid":{"rendered":"https:\/\/radioacuariofm.com.ar\/?p=234091"},"modified":"2026-04-26T09:08:28","modified_gmt":"2026-04-26T12:08:28","slug":"jornada-de-integracion-en-el-teatro-del-bicentenario","status":"publish","type":"post","link":"https:\/\/radioacuariofm.com.ar\/?p=234091","title":{"rendered":"jornada de integraci\u00f3n en el Teatro del Bicentenario"},"content":{"rendered":"<p><\/p>\n<div>\n<p>El Ministerio de Turismo, Cultura y Deporte, a trav\u00e9s de la Secretar\u00eda de Cultura, llev\u00f3 adelante una jornada especial de inclusi\u00f3n cultural en el <strong>Teatro del Bicentenario<\/strong>. La actividad se llev\u00f3 adelante en articulaci\u00f3n con la Direcci\u00f3n de Artes Esc\u00e9nicas.<\/p>\n<p>La actividad, estuvo destinada a instituciones que trabajan con personas con discapacidad, con el objetivo de garantizar el acceso equitativo a experiencias art\u00edsticas y promover la participaci\u00f3n plena en la vida cultural de la provincia.<\/p>\n<p>La propuesta incluy\u00f3 una visita guiada por las instalaciones del teatro, donde los asistentes pudieron conocer en profundidad el funcionamiento t\u00e9cnico y art\u00edstico de uno de los espacios culturales m\u00e1s emblem\u00e1ticos de San Juan. Posteriormente, participaron del ensayo de la obra \u201cMujeres Argentinas\u201d, una puesta que pone en valor la fuerza, la sensibilidad y el legado de las mujeres de nuestro pa\u00eds.<\/p>\n<p>Participaron de la jornada integrantes de las instituciones Ballet Sembrando Ilusiones, Juan XVIII, ASAL, Irina y Crucero Belgrano, organizaciones que cumplen un rol fundamental en el acompa\u00f1amiento y desarrollo social y art\u00edstico de sus miembros. <\/p>\n<p>Esta iniciativa se enmarca en las pol\u00edticas p\u00fablicas que impulsa el Gobierno de San Juan, orientadas a la inclusi\u00f3n, la democratizaci\u00f3n del arte y el fortalecimiento de los v\u00ednculos comunitarios. En este sentido, el Ministerio de Turismo, Cultura y Deporte contin\u00faa promoviendo acciones que, como los talleres de Espacios Compartidos, buscan ampliar derechos culturales y garantizar que el arte llegue a todos los sectores de la sociedad.<\/p>\n<p>De esta manera, se reafirma el compromiso de seguir construyendo una cultura accesible, participativa y transformadora, donde el arte no solo sea una expresi\u00f3n, sino tambi\u00e9n una herramienta de integraci\u00f3n, igualdad y desarrollo colectivo.<\/p>\n<\/p><\/div>\n<p><script async defer crossorigin=\"anonymous\" src=\"https:\/\/connect.facebook.net\/es_ES\/sdk.js#xfbml=1&#038;version=v3.3\"><\/script><\/p>\n","protected":false},"excerpt":{"rendered":"<p>El Ministerio de Turismo, Cultura y Deporte, a trav\u00e9s de la Secretar\u00eda de Cultura, llev\u00f3 adelante una jornada especial de inclusi\u00f3n cultural en el Teatro del Bicentenario. La actividad se llev\u00f3 adelante en articulaci\u00f3n con la Direcci\u00f3n de Artes Esc\u00e9nicas. La actividad, estuvo destinada a instituciones que trabajan con personas con discapacidad, con el objetivo [&hellip;]<\/p>\n","protected":false},"author":2,"featured_media":234092,"comment_status":"closed","ping_status":"closed","sticky":false,"template":"","format":"standard","meta":{"footnotes":""},"categories":[27],"tags":[],"class_list":["post-234091","post","type-post","status-publish","format-standard","has-post-thumbnail","hentry","category-san-juan"],"_links":{"self":[{"href":"https:\/\/radioacuariofm.com.ar\/index.php?rest_route=\/wp\/v2\/posts\/234091","targetHints":{"allow":["GET"]}}],"collection":[{"href":"https:\/\/radioacuariofm.com.ar\/index.php?rest_route=\/wp\/v2\/posts"}],"about":[{"href":"https:\/\/radioacuariofm.com.ar\/index.php?rest_route=\/wp\/v2\/types\/post"}],"author":[{"embeddable":true,"href":"https:\/\/radioacuariofm.com.ar\/index.php?rest_route=\/wp\/v2\/users\/2"}],"replies":[{"embeddable":true,"href":"https:\/\/radioacuariofm.com.ar\/index.php?rest_route=%2Fwp%2Fv2%2Fcomments&post=234091"}],"version-history":[{"count":1,"href":"https:\/\/radioacuariofm.com.ar\/index.php?rest_route=\/wp\/v2\/posts\/234091\/revisions"}],"predecessor-version":[{"id":234093,"href":"https:\/\/radioacuariofm.com.ar\/index.php?rest_route=\/wp\/v2\/posts\/234091\/revisions\/234093"}],"wp:featuredmedia":[{"embeddable":true,"href":"https:\/\/radioacuariofm.com.ar\/index.php?rest_route=\/wp\/v2\/media\/234092"}],"wp:attachment":[{"href":"https:\/\/radioacuariofm.com.ar\/index.php?rest_route=%2Fwp%2Fv2%2Fmedia&parent=234091"}],"wp:term":[{"taxonomy":"category","embeddable":true,"href":"https:\/\/radioacuariofm.com.ar\/index.php?rest_route=%2Fwp%2Fv2%2Fcategories&post=234091"},{"taxonomy":"post_tag","embeddable":true,"href":"https:\/\/radioacuariofm.com.ar\/index.php?rest_route=%2Fwp%2Fv2%2Ftags&post=234091"}],"curies":[{"name":"wp","href":"https:\/\/api.w.org\/{rel}","templated":true}]}}