{"id":234090,"date":"2026-04-26T08:40:59","date_gmt":"2026-04-26T11:40:59","guid":{"rendered":"https:\/\/radioacuariofm.com.ar\/?p=234090"},"modified":"2026-04-26T08:40:59","modified_gmt":"2026-04-26T11:40:59","slug":"familia-adhirio-a-un-compromiso-federal-por-los-derechos-de-ninos-ninas-y-adolescentes","status":"publish","type":"post","link":"https:\/\/radioacuariofm.com.ar\/?p=234090","title":{"rendered":"Familia adhiri\u00f3 a un compromiso federal por los derechos de ni\u00f1os, ni\u00f1as y adolescentes"},"content":{"rendered":"<p><\/p>\n<div>\n<p>El ministro de Familia y Desarrollo Humano, Carlos Platero rubric\u00f3 el Acta Compromiso junto a sus pares y autoridades del \u00e1rea de Ni\u00f1ez de todo el pa\u00eds adem\u00e1s de los integrantes de la Defensor\u00eda de los Derechos de las Ni\u00f1as, Ni\u00f1os y Adolescentes.<\/p>\n<p>Tal documento surgi\u00f3 para consolidar un esquema de cooperaci\u00f3n y articulaci\u00f3n interinstitucional que fortalezca el Sistema de Protecci\u00f3n de Derechos a nivel federal. Lo acordado se centra en l\u00edneas de acci\u00f3n estrat\u00e9gicas orientadas a optimizar la gesti\u00f3n del sistema, entre ellas la sistematizaci\u00f3n de informaci\u00f3n no nominal sobre medidas de protecci\u00f3n y penal juvenil, la actualizaci\u00f3n de estructuras institucionales, la validaci\u00f3n peri\u00f3dica de datos y la elaboraci\u00f3n de informes anuales que permitan monitorear la evoluci\u00f3n de los sistemas locales. Asimismo, prev\u00e9 la designaci\u00f3n de referentes t\u00e9cnicos en cada jurisdicci\u00f3n para fortalecer la coordinaci\u00f3n operativa.<\/p>\n<p>Fue en el marco del Encuentro Nacional de Autoridades de Ni\u00f1ez y Adolescencia \u201cConstruyendo compromisos para el fortalecimiento del Sistema de Protecci\u00f3n de Derechos de Ni\u00f1as, Ni\u00f1os y Adolescentes\u201d, que se desarroll\u00f3 en la Ciudad Aut\u00f3noma de Buenos Aires y fue organizado por la Defensor\u00eda de los Derechos de las Ni\u00f1as, Ni\u00f1os y Adolescentes de la Naci\u00f3n (La Defe).<\/p>\n<p>El ministro Platero concurri\u00f3 a esta convocatoria junto a la titular de la Direcci\u00f3n de Ni\u00f1ez, Adolescencia y Familia, Raquel Trincado. El encuentro estuvo presidido por Daniel Molina quien integra este organismo nacional como Coordinador Federal; Sebasti\u00e1n Medina, H\u00e9ctor Vito Gloria Bonatto y Alejandro Morlachetti de Unicef, entre otros.<\/p>\n<\/p><\/div>\n<p><script async defer crossorigin=\"anonymous\" src=\"https:\/\/connect.facebook.net\/es_ES\/sdk.js#xfbml=1&#038;version=v3.3\"><\/script><\/p>\n","protected":false},"excerpt":{"rendered":"<p>El ministro de Familia y Desarrollo Humano, Carlos Platero rubric\u00f3 el Acta Compromiso junto a sus pares y autoridades del \u00e1rea de Ni\u00f1ez de todo el pa\u00eds adem\u00e1s de los integrantes de la Defensor\u00eda de los Derechos de las Ni\u00f1as, Ni\u00f1os y Adolescentes. Tal documento surgi\u00f3 para consolidar un esquema de cooperaci\u00f3n y articulaci\u00f3n interinstitucional [&hellip;]<\/p>\n","protected":false},"author":2,"featured_media":0,"comment_status":"closed","ping_status":"closed","sticky":false,"template":"","format":"standard","meta":{"footnotes":""},"categories":[27],"tags":[],"class_list":["post-234090","post","type-post","status-publish","format-standard","hentry","category-san-juan"],"_links":{"self":[{"href":"https:\/\/radioacuariofm.com.ar\/index.php?rest_route=\/wp\/v2\/posts\/234090","targetHints":{"allow":["GET"]}}],"collection":[{"href":"https:\/\/radioacuariofm.com.ar\/index.php?rest_route=\/wp\/v2\/posts"}],"about":[{"href":"https:\/\/radioacuariofm.com.ar\/index.php?rest_route=\/wp\/v2\/types\/post"}],"author":[{"embeddable":true,"href":"https:\/\/radioacuariofm.com.ar\/index.php?rest_route=\/wp\/v2\/users\/2"}],"replies":[{"embeddable":true,"href":"https:\/\/radioacuariofm.com.ar\/index.php?rest_route=%2Fwp%2Fv2%2Fcomments&post=234090"}],"version-history":[{"count":0,"href":"https:\/\/radioacuariofm.com.ar\/index.php?rest_route=\/wp\/v2\/posts\/234090\/revisions"}],"wp:attachment":[{"href":"https:\/\/radioacuariofm.com.ar\/index.php?rest_route=%2Fwp%2Fv2%2Fmedia&parent=234090"}],"wp:term":[{"taxonomy":"category","embeddable":true,"href":"https:\/\/radioacuariofm.com.ar\/index.php?rest_route=%2Fwp%2Fv2%2Fcategories&post=234090"},{"taxonomy":"post_tag","embeddable":true,"href":"https:\/\/radioacuariofm.com.ar\/index.php?rest_route=%2Fwp%2Fv2%2Ftags&post=234090"}],"curies":[{"name":"wp","href":"https:\/\/api.w.org\/{rel}","templated":true}]}}