{"id":234081,"date":"2026-04-26T06:51:23","date_gmt":"2026-04-26T09:51:23","guid":{"rendered":"https:\/\/radioacuariofm.com.ar\/?p=234081"},"modified":"2026-04-26T06:51:23","modified_gmt":"2026-04-26T09:51:23","slug":"trump-toco-fondo-la-guerra-en-iran-la-inflacion-y-una-serie-de-reveses-erosionan-su-principal-capital-politico","status":"publish","type":"post","link":"https:\/\/radioacuariofm.com.ar\/?p=234081","title":{"rendered":"\u00bfTrump toc\u00f3 fondo? La guerra en Ir\u00e1n, la inflaci\u00f3n y una serie de reveses erosionan su principal capital pol\u00edtico"},"content":{"rendered":"<p> <br \/>\n<\/p>\n<div>\n<p class=\"com-paragraph  --capital --s\">WASHINGTON.- En pocas semanas, <strong>Donald Trump<\/strong> pas\u00f3 de describir como una <strong>\u201cpeque\u00f1a excursi\u00f3n\u201d la intervenci\u00f3n militar en Medio Oriente a pedir que no lo apuren<\/strong>. <strong>\u201cEstuvimos en Vietnam 18 a\u00f1os\u201d<\/strong>, justific\u00f3 el presidente, que en su habitual raid diario en redes sociales defenestr\u00f3 a quienes piensan que est\u00e1 <strong>\u201cansioso\u201d <\/strong>por poner fin a la guerra. <strong>\u201cTengo todo el tiempo del mundo, pero Ir\u00e1n no\u201d<\/strong>, afirm\u00f3. <\/p>\n<p class=\"com-paragraph   --s\">Fue un desaf\u00edo que pareci\u00f3 <strong>deso\u00edr los reclamos<\/strong> por la guerra -cada vez m\u00e1s resonantes- puertas adentro de <strong>Estados Unidos<\/strong>, incluso de su propio Partido Republicano, en el que crece la preocupaci\u00f3n por sus efectos sobre unas determinantes <strong>elecciones de medio t\u00e9rmino<\/strong> <strong>de noviembre<\/strong> que se asoman con rapidez en el horizonte. <\/p>\n<div class=\"content-media\">\n<section role=\"button\" class=\"mod-media   \">\n<figure role=\"button\" tabindex=\"0\" class=\"mod-figure \"><figcaption class=\"mod-figcaption\"><span class=\"com-text --caption --twoxs\">El presidente Donald Trump, en la Casa Blanca.<\/span><span class=\"com-text --credit --twoxs\">Alex Brandon &#8211; AP<\/span><\/figcaption><\/figure>\n<\/section>\n<\/div>\n<p class=\"com-paragraph   --s\">\u201cEspero que estemos llegando a una <strong>estrategia de salida para terminar esto<\/strong>, con el fin de preservar nuestros intereses de seguridad y <strong>bajar el precio de la nafta<\/strong>\u201c, se\u00f1al\u00f3, inquieto, el senador republicano Josh Hawley (Misuri).<strong> \u201cEl tiempo se agota\u201d<\/strong>, advirti\u00f3. Fue solo una de las<strong> voces discordantes<\/strong> del oficialismo a medida que el conflicto<strong> <\/strong>se extiende y sus consecuencias pesan cada vez m\u00e1s en el bolsillo de los norteamericanos.<\/p>\n<p class=\"com-paragraph   --s\">Mientras la operaci\u00f3n militar contra Ir\u00e1n est\u00e1 pr\u00f3xima a cumplir <strong>60 d\u00edas<\/strong> -con renovadas gestiones diplom\u00e1ticas para alcanzar un acuerdo-, los <strong>frentes internos<\/strong> de profundizan para Trump, entre el <strong>nerviosismo republicano<\/strong>, el <strong>m\u00e1ximo hist\u00f3rico<\/strong> al que lleg\u00f3 la <strong>desaprobaci\u00f3n a su gesti\u00f3n<\/strong>, turbulencias en el gabinete y el <strong>creciente descontento con su manejo de la econom\u00eda<\/strong>, una de las banderas de su campa\u00f1a para volver a la Casa Blanca. Un <strong>explosivo<\/strong> <strong>combo fogoneado<\/strong>, adem\u00e1s, por el <strong>factor tiempo<\/strong>, pese a lo que Trump pretende instalar.<\/p>\n<p class=\"com-paragraph   --s\">Seg\u00fan el promedio de encuestas de <em>The New York Times<\/em>, la <strong>desaprobaci\u00f3n<\/strong> hacia el presidente alcanz\u00f3 el <strong>58%<\/strong> este viernes y lleg\u00f3 al <strong>nivel m\u00e1s alto de su segundo mandato<\/strong>, mientras que<strong> solo el 39% la aprueba<\/strong> (un ratio de -19 puntos). Tambi\u00e9n subi\u00f3 a un <strong>r\u00e9cord<\/strong> el que elabora el sitio <em>RealClearPolitics <\/em>(<strong>-17,5 puntos<\/strong>, <strong>57,8%<\/strong> y <strong>40,3%<\/strong>). <\/p>\n<p class=\"com-paragraph   --s\">\u201c<strong>Para Trump hay una buena noticia y otra mala. <\/strong>Parece contar con un piso de aprobaci\u00f3n situado en el <strong>rango medio-alto <\/strong>apenas debajo de los 40 puntos. Esto significa que, por muy mal que se pongan las cosas, <strong>su respaldo se estabilizar\u00e1 en ese nivel<\/strong>. Esa es la buena\u201d, se\u00f1al\u00f3 a <strong>LA NACION <\/strong>David Paleologos, experto en an\u00e1lisis de encuestas y director del Centro de Investigaci\u00f3n Pol\u00edtica de la Universidad de Suffolk.<\/p>\n<p class=\"com-paragraph   --s\">\u201cLa mala noticia es que, <strong>a medida que transcurre el tiempo<\/strong>, le resultar\u00e1 mucho m\u00e1s dif\u00edcil superar el <strong>50%<\/strong> o incluso escalar hasta cerca de esa cifra. Para que eso sucediera, <strong>ser\u00eda necesario que los precios de los combustibles y las tasas de inter\u00e9s bajaran de manera marcada<\/strong>, y que la contrataci\u00f3n de personal repuntara con rapidez. <strong>La guerra en Ir\u00e1n est\u00e1 impidiendo que eso ocurra<\/strong>\u201c, a\u00f1adi\u00f3 el especialista.<\/p>\n<div class=\"content-media\">\n<section role=\"button\" class=\"mod-media   \">\n<figure role=\"button\" tabindex=\"0\" class=\"mod-figure \"><figcaption class=\"mod-figcaption\"><span class=\"com-text --caption --twoxs\">Un norteamericano carga combustible en una estaci\u00f3n de servicio en Miami, Florida. <\/span><span class=\"com-text --credit --twoxs\">JOE RAEDLE &#8211; GETTY IMAGES NORTH AMERICA<\/span><\/figcaption><\/figure>\n<\/section>\n<\/div>\n<p class=\"com-paragraph   --s\">Incluso si Estados Unidos e Ir\u00e1n llegaran a un acuerdo para mayo, <strong>pasar\u00edan varias semanas antes de que las condiciones econ\u00f3micas mejoraran lo suficiente<\/strong> como para que se notara el efecto antes de que empece la votaci\u00f3n anticipada para las elecciones de mitad de mandato, pautadas para el 3 de noviembre, sostuvo Paleologos.<\/p>\n<p class=\"com-paragraph   --s\">La persistente ca\u00edda de los \u00edndices de aprobaci\u00f3n de Trump est\u00e1 \u00edntimamente ligada al <strong>dr\u00e1stico aumento de los precios de los combustibles<\/strong> por la suba del barril de crudo derivada de la crisis energ\u00e9tica global, la escalada de la <strong>inflaci\u00f3n<\/strong> general -salt\u00f3 este mes a de<strong> 2,4% a 3,3% interanual-<\/strong> y en que <strong>un n\u00famero creciente de norteamericanos expresa inquietudes<\/strong> sobre la marcha de la econom\u00eda.<\/p>\n<p class=\"com-paragraph   --s\">De hecho, un 77% de los votantes registrados encuestados recientemente por <em>Reuters<\/em>\/Ipsos afirm\u00f3 que Trump carga con<strong> una parte considerable de la responsabilidad por el reciente aumento en los precios del combustible<\/strong>, desencadenado por su decisi\u00f3n de iniciar la guerra junto a su aliado Israel. Adem\u00e1s, <strong>siete de cada diez<\/strong> advierten ahora que <strong>su situaci\u00f3n econ\u00f3mica empeor\u00f3<\/strong>, una cifra muy superior al 55% registrado hace apenas un a\u00f1o, seg\u00fan un sondeo de <em>Fox News<\/em>.<\/p>\n<p class=\"com-paragraph   --s\">\u201cEl pacto original de Trump con los estadounidenses consist\u00eda en decir \u2018soy un grosero, <strong>pero s\u00e9 c\u00f3mo gestionar la econom\u00eda<\/strong>\u2019. Y la gente se lo crey\u00f3, ya que recordaba que la econom\u00eda gozaba de buena salud en su primer mandato\u2033, coment\u00f3 <strong>Mike Murphy<\/strong>, exestratega republicano y copresentador del podcast \u201cHacks on tap\u201d junto al consultor pol\u00edtico <strong>David Axelrod<\/strong>, exasesor de <strong>Barack Obama<\/strong>.<\/p>\n<div class=\"content-media\">\n<section role=\"button\" class=\"mod-media   \">\n<figure role=\"button\" tabindex=\"0\" class=\"mod-figure \"><figcaption class=\"mod-figcaption\"><span class=\"com-text --caption --twoxs\">El presidente Donald Trump, en la Casa Blanca, el jueves 23 de abril de 2026.<\/span><span class=\"com-text --credit --twoxs\">Mark Schiefelbein &#8211; AP<\/span><\/figcaption><\/figure>\n<\/section>\n<\/div>\n<p class=\"com-paragraph   --s\">En ese r\u00edo revuelto <strong>los dem\u00f3cratas vislumbran una oportunidad<\/strong> para captar votantes descontentos y retomar en las elecciones el control del Congreso, usando el<strong> discurso econ\u00f3mico a su favor<\/strong>.<\/p>\n<p class=\"com-paragraph   --s\">\u201cEl zapato cambi\u00f3 de pie. Ahora es Trump quien carga con la responsabilidad de la situaci\u00f3n actual. Y <strong>lo que sol\u00eda ser su mejor arma de ataque contra la administraci\u00f3n de Joe Biden se ha convertido ahora en su mayor vulnerabilidad<\/strong>\u201c, se\u00f1al\u00f3 Casey Burgat, experto en gesti\u00f3n pol\u00edtica de la Universidad George Washington. <\/p>\n<p class=\"com-paragraph   --s\">El <strong>58% de los votantes<\/strong> consultados por <em>Reuters<\/em>\/Ipsos \u2014incluyendo <strong>uno de cada cinco republicanos<\/strong> y dos tercios de los independientes\u2014 se\u00f1al\u00f3 que ser\u00eda<strong> menos probable <\/strong>que apoyaran en las elecciones del 3 de noviembre a los candidatos que respalden el enfoque de Trump respecto al conflicto con Ir\u00e1n. <strong>Otra luz de alerta para los legisladores republicanos<\/strong>, que enfrentan<strong> divisiones en el Senado <\/strong>sobre sobre c\u00f3mo abordar la<strong> marca de 60 d\u00edas<\/strong> desde que <strong>Trump notific\u00f3 formalmente<\/strong> el operativo militar, el pr\u00f3ximo viernes.<\/p>\n<p class=\"com-paragraph   --s\">Algunos -como <strong>Thom Tillis<\/strong> (Carolina del Norte), <strong>Susan Collins <\/strong>(Maine), <strong>Lisa Murkowski <\/strong>(Alaska) y <strong>John Curtis<\/strong> (Utah)\u2014 sostienen que el Congreso tendr\u00eda que votar para continuar la acci\u00f3n militar m\u00e1s all\u00e1 del plazo establecido por la <strong>Ley de Poderes de Guerra <\/strong>de 1973. <\/p>\n<div class=\"content-media\">\n<section role=\"button\" class=\"mod-media   \">\n<figure role=\"button\" tabindex=\"0\" class=\"mod-figure \"><figcaption class=\"mod-figcaption\"><span class=\"com-text --caption --twoxs\">El l\u00edder de la mayor\u00eda en el Senado, el republicano John Thune (Dakota del Sur).<\/span><span class=\"com-text --credit --twoxs\">J. Scott Applewhite &#8211; AP<\/span><\/figcaption><\/figure>\n<\/section>\n<\/div>\n<p class=\"com-paragraph   --s\">Sin embargo, el l\u00edder de la mayor\u00eda en el Senado, el republicano <strong>John Thune <\/strong>(Dakota del Sur), y el presidente del Comit\u00e9 de Relaciones Exteriores del Senado, <strong>James Risch<\/strong> (Idaho), no tienen planes de someter a votaci\u00f3n en el pleno una resoluci\u00f3n que autorice el uso de la fuerza militar contra Ir\u00e1n.<\/p>\n<p class=\"com-paragraph   --s\">La Casa Blanca podr\u00eda intentar invocar una <strong>pr\u00f3rroga de 30 d\u00edas<\/strong> por razones de seguridad nacional. \u201cCreo que nuestros senadores estar\u00e1n muy interesados \u200b\u200ben saber cu\u00e1les ser\u00e1n los pr\u00f3ximos pasos\u00bb, matiz\u00f3 Thune.<\/p>\n<p class=\"com-paragraph   --s\"><strong>En las cinco votaciones que hubo <\/strong>para limitar los poderes de guerra del presidente, <strong>los intentos de la minor\u00eda dem\u00f3crata fueron bloqueados<\/strong>.<strong> <\/strong><\/p>\n<p class=\"com-paragraph   --s\">Mientras, las voces de advertencia se multiplican entre los republicanos. En un art\u00edculo de opini\u00f3n, Curtis se\u00f1al\u00f3 que no apoyar\u00eda una \u201cacci\u00f3n militar en curso m\u00e1s all\u00e1 de un plazo de 60 d\u00edas sin la aprobaci\u00f3n del Congreso\u201d. El congresista <strong>Brian Mast<\/strong> (Florida) dijo que Trump <strong>podr\u00eda perder un apoyo significativo<\/strong> si el conflicto que sacudi\u00f3 el tablero geopol\u00edtico global se prolongara m\u00e1s all\u00e1 de mayo. Y Tillis advirti\u00f3 que la inflaci\u00f3n podr\u00eda convertirse en un lastre en un momento en que los republicanos ya se enfrentan a <strong>\u201cvientos en contra\u201d<\/strong>.<\/p>\n<p class=\"com-paragraph   --s\">\u201cExisten indicios de que <strong>la base de apoyo de Trump se est\u00e1 erosionando<\/strong>, especialmente entre los j\u00f3venes hispanos, molestos por las detenciones del ICE, y tambi\u00e9n entre los conservadores blancos, liderados por <strong>Tucker Carlson<\/strong>, quienes sostienen que <strong>Estados Unidos no deber\u00eda estar involucrado en Ir\u00e1n<\/strong> y que el presidente deber\u00eda retomar su agenda de <strong>\u2018Estados Unidos primero\u2019<\/strong>\u201c, dijo Paleologos.<\/p>\n<div class=\"content-media\">\n<section role=\"button\" class=\"mod-media   \">\n<figure role=\"button\" tabindex=\"0\" class=\"mod-figure \"><figcaption class=\"mod-figcaption\"><span class=\"com-text --caption --twoxs\">El presentador de ultraderecha norteamericano Tucker Carlson.<\/span><span class=\"com-text --credit --twoxs\">Gavriil Grigorov &#8211; Pool Sputnik Kremlin<\/span><\/figcaption><\/figure>\n<\/section>\n<\/div>\n<p class=\"com-paragraph   --s\">Carlson, un influyente presentador de ultraderecha cr\u00edtico de las operaciones militares estadounidenses en el extranjero, fue blanco en los \u00faltimos d\u00edas de ataques de Trump, que lo calific\u00f3 de \u201cest\u00fapido\u201d y de tener \u201cbajo coeficiente intelectual\u201d.<\/p>\n<p class=\"com-paragraph   --s\"><strong>Nate Silver<\/strong>, reconocido como un gur\u00fa electoral en Estados Unidos, escribi\u00f3 esta semana que <strong>Trump es el segundo presidente m\u00e1s impopular de los \u00faltimos nueve ciclos de elecciones de mitad de mandato<\/strong>.<\/p>\n<p class=\"com-paragraph   --s\">\u201cDe hecho, <strong>es incluso m\u00e1s impopular ahora de lo que lo era en 2018<\/strong>, cuando los dem\u00f3cratas obtuvieron 40 esca\u00f1os en la C\u00e1mara de Representantes. Pero, en este mismo punto de aquel a\u00f1o, los dem\u00f3cratas aventajaban a sus oponentes por 7,6 puntos, y no por 5,7: <strong>una diferencia que, si bien no es abismal, es precisamente la que podr\u00eda inclinar la balanza en el Senado<\/strong>\u201d, analiz\u00f3.<\/p>\n<p class=\"com-paragraph   --s\">En las \u00faltimas semanas, adem\u00e1s, se col\u00f3 en las consideraciones de los norteamericanos<strong> cierta preocupaci\u00f3n sobre el temperamento y la agudeza mental del presidente<\/strong>, de 79 a\u00f1os, tras una serie de exabruptos que incluy\u00f3 su fuerte cr\u00edtica al <strong>papa Le\u00f3n XIV<\/strong> por sus posturas sobre la guerra. Solo<strong> el 26% <\/strong>-seg\u00fan <em>Reuters<\/em>\/Ipsos- <strong>consider\u00f3 a Trump \u201cde temperamento equilibrado\u201d<\/strong>, y entre los republicanos la opini\u00f3n estuvo dividida (46% afirm\u00f3 que no).<\/p>\n<div class=\"content-media\">\n<section role=\"button\" class=\"mod-media   \">\n<figure role=\"button\" tabindex=\"0\" class=\"mod-figure \"><figcaption class=\"mod-figcaption\"><span class=\"com-text --caption --twoxs\">Donald Trump, presidente norteamericano.<\/span><span class=\"com-text --credit --twoxs\">Instagram @realdonaldtrump<\/span><\/figcaption><\/figure>\n<\/section>\n<\/div>\n<p class=\"com-paragraph   --s\">Incluso, seg\u00fan revel\u00f3<em> The Wall Street Journal<\/em>, una <strong>fuerte reacci\u00f3n de Trump ante sus asesores<\/strong> cuando le informaron a principios de mes que dos pilotos estadounidenses hab\u00edan desaparecido en Ir\u00e1n tras el derribo de su jet llev\u00f3 a que fuera excluido de la <strong>Sala de Situaci\u00f3n<\/strong> durante el operativo de b\u00fasqueda. El mandatario, de acuerdo al art\u00edculo, fue informado por tel\u00e9fono de los avances, hasta que ambos fueron rescatados.<\/p>\n<p class=\"com-paragraph   --s\">Desde el inicio de la guerra contra Ir\u00e1n, adem\u00e1s, la Casa Blanca y el Pent\u00e1gono se vieron sacudidos por la salida de varios funcionarios, como el jefe del Estado Mayor del Ej\u00e9rcito, general <strong>Randy George<\/strong>, despedido por el secretario de Guerra, <strong>Pete Hegseth<\/strong>, que expuso los enfrentamientos con altos mandos.<\/p>\n<div class=\"content-media\">\n<section role=\"button\" class=\"mod-media   \">\n<figure role=\"button\" tabindex=\"0\" class=\"mod-figure \"><figcaption class=\"mod-figcaption\"><span class=\"com-text --caption --twoxs\">El secretario de Guerra, Pete Hegseth, en una conferencia de prensa en el Pent\u00e1gono.<\/span><span class=\"com-text --credit --twoxs\">ANNABELLE GORDON &#8211; AFP<\/span><\/figcaption><\/figure>\n<\/section>\n<\/div>\n<p class=\"com-paragraph   --s\">La \u00faltima salida -repentina- fue la del <strong>secretario de la Marina, John Phelan, <\/strong>destituido el mi\u00e9rcoles, en momentos en que sea fuerza desempe\u00f1a un rol crucial en el bloqueo norteamericano en la zona del <strong>estrecho de Ormuz<\/strong> para impedir que buques iran\u00edes lo atraviesen.<\/p>\n<p class=\"com-paragraph   --s\">A principios de mes Trump hab\u00eda despedido a la fiscal general <strong>Pam Bondi<\/strong>, una fiel aliada de la \u00e9poca en que era candidato, poniendo fin a un <strong>turbulento mandato de 14 meses marcado por su gesti\u00f3n de los archivos del \u201ccaso Epstein\u201d<\/strong>, una piedra en el zapato para el presidente.<\/p>\n<div class=\"content-media\">\n<section role=\"button\" class=\"mod-media   \">\n<figure role=\"button\" tabindex=\"0\" class=\"mod-figure \"><figcaption class=\"mod-figcaption\"><span class=\"com-text --caption --twoxs\">Pam Bondi, la ex fiscal general norteamericana.<\/span><span class=\"com-text --credit --twoxs\">Allison Robbert &#8211; FR172296 AP<\/span><\/figcaption><\/figure>\n<\/section>\n<\/div>\n<p class=\"com-paragraph   --s\">Antes, sobre el inicio de la guerra, la que hab\u00eda ca\u00eddo en desgracia hab\u00eda sido la secretaria de Seguridad Nacional <strong>Kristi Noem<\/strong>, en el ojo del hurac\u00e1n por los controvertidos operativos de control migratorio. Su destituci\u00f3n -la primera salida del gabinete de Trump- se produjo en marzo tras la muerte de dos ciudadanos estadounidenses en Minneapolis a manos de agentes federales.<\/p>\n<section class=\"container-center-100 mb-40 border border-bottom border-thin border-neutral-light-700\">\n<hr\/>\n<\/section>\n<\/div>\n<p><script id=\"facebookpixel\" defer=\"\" type=\"text\/javascript\">\n        !function(f,b,e,v,n,t,s)\n        {if(f.fbq)return;n=f.fbq=function(){n.callMethod?\n        n.callMethod.apply(n,arguments):n.queue.push(arguments)};\n        if(!f._fbq)f._fbq=n;n.push=n;n.loaded=!0;n.version='2.0';\n        n.queue=[];t=b.createElement(e);t.async=!0;\n        t.src=v;s=b.getElementsByTagName(e)[0];\n        s.parentNode.insertBefore(t,s)}(window, document,'script',\n        'https:\/\/connect.facebook.net\/en_US\/fbevents.js');\n        fbq('init', '492459597522335');\n        fbq('track', 'PageView');\n    <\/script><br \/>\n<br \/><\/p>\n","protected":false},"excerpt":{"rendered":"<p>WASHINGTON.- En pocas semanas, Donald Trump pas\u00f3 de describir como una \u201cpeque\u00f1a excursi\u00f3n\u201d la intervenci\u00f3n militar en Medio Oriente a pedir que no lo apuren. \u201cEstuvimos en Vietnam 18 a\u00f1os\u201d, justific\u00f3 el presidente, que en su habitual raid diario en redes sociales defenestr\u00f3 a quienes piensan que est\u00e1 \u201cansioso\u201d por poner fin a la guerra. [&hellip;]<\/p>\n","protected":false},"author":2,"featured_media":234082,"comment_status":"closed","ping_status":"closed","sticky":false,"template":"","format":"standard","meta":{"footnotes":""},"categories":[1],"tags":[],"class_list":["post-234081","post","type-post","status-publish","format-standard","has-post-thumbnail","hentry","category-uncategorized"],"_links":{"self":[{"href":"https:\/\/radioacuariofm.com.ar\/index.php?rest_route=\/wp\/v2\/posts\/234081","targetHints":{"allow":["GET"]}}],"collection":[{"href":"https:\/\/radioacuariofm.com.ar\/index.php?rest_route=\/wp\/v2\/posts"}],"about":[{"href":"https:\/\/radioacuariofm.com.ar\/index.php?rest_route=\/wp\/v2\/types\/post"}],"author":[{"embeddable":true,"href":"https:\/\/radioacuariofm.com.ar\/index.php?rest_route=\/wp\/v2\/users\/2"}],"replies":[{"embeddable":true,"href":"https:\/\/radioacuariofm.com.ar\/index.php?rest_route=%2Fwp%2Fv2%2Fcomments&post=234081"}],"version-history":[{"count":1,"href":"https:\/\/radioacuariofm.com.ar\/index.php?rest_route=\/wp\/v2\/posts\/234081\/revisions"}],"predecessor-version":[{"id":234083,"href":"https:\/\/radioacuariofm.com.ar\/index.php?rest_route=\/wp\/v2\/posts\/234081\/revisions\/234083"}],"wp:featuredmedia":[{"embeddable":true,"href":"https:\/\/radioacuariofm.com.ar\/index.php?rest_route=\/wp\/v2\/media\/234082"}],"wp:attachment":[{"href":"https:\/\/radioacuariofm.com.ar\/index.php?rest_route=%2Fwp%2Fv2%2Fmedia&parent=234081"}],"wp:term":[{"taxonomy":"category","embeddable":true,"href":"https:\/\/radioacuariofm.com.ar\/index.php?rest_route=%2Fwp%2Fv2%2Fcategories&post=234081"},{"taxonomy":"post_tag","embeddable":true,"href":"https:\/\/radioacuariofm.com.ar\/index.php?rest_route=%2Fwp%2Fv2%2Ftags&post=234081"}],"curies":[{"name":"wp","href":"https:\/\/api.w.org\/{rel}","templated":true}]}}