{"id":234075,"date":"2026-04-26T03:47:50","date_gmt":"2026-04-26T06:47:50","guid":{"rendered":"https:\/\/radioacuariofm.com.ar\/?p=234075"},"modified":"2026-04-26T03:47:51","modified_gmt":"2026-04-26T06:47:51","slug":"que-se-sabe-del-hombre-detenido-por-abrir-fuego-en-la-cena-encabezada-por-donald-trump","status":"publish","type":"post","link":"https:\/\/radioacuariofm.com.ar\/?p=234075","title":{"rendered":"Qu\u00e9 se sabe del hombre detenido por abrir fuego en la cena encabezada por Donald Trump"},"content":{"rendered":"<p> <br \/>\n<\/p>\n<div>\n<p class=\"com-paragraph  --capital --s\">El hombre sospechado de ser responsable del intento de ataque contra el presidente <strong>Donald Trump<\/strong> fue identificado como <strong>Cole Tomas Allen<\/strong>, de <strong>31 a\u00f1os<\/strong>, residente de Torrance, California. El episodio que culmin\u00f3 con su detenci\u00f3n ocurri\u00f3 durante la <a href=\"https:\/\/www.lanacion.com.ar\/estados-unidos\/evacuaron-a-trump-de-la-casa-blanca-por-una-amenaza-durante-una-cena-con-periodistas-nid25042026\/\" target=\"_self\" title=\"https:\/\/www.lanacion.com.ar\/estados-unidos\/evacuaron-a-trump-de-la-casa-blanca-por-una-amenaza-durante-una-cena-con-periodistas-nid25042026\/\" class=\"com-link break-word\" data-mrf-recirculation=\"n_link_parrafo\">cena anual de corresponsales de la Casa Blanca<\/a>, donde se registraron estallidos que activaron el protocolo de seguridad del Servicio Secreto y obligaron a evacuar al mandatario y a otros altos funcionarios. El mandatario republicano confirm\u00f3 la captura del sospechoso y difundi\u00f3 una imagen del acusado en redes sociales.<\/p>\n<p class=\"com-paragraph   --s\">Allen fue reducido cerca del sal\u00f3n en el que se desarrollaba el evento, en el que participaban Trump, su esposa <strong>Melania<\/strong> y el vicepresidente <strong>JD Vance<\/strong>. Ninguno de los funcionarios del Gobierno de Estados Unidos result\u00f3 herido.<\/p>\n<p class=\"com-paragraph   --s\">Seg\u00fan consign\u00f3 <a href=\"https:\/\/cnnespanol.cnn.com\/2026\/04\/26\/eeuu\/sospechoso-tiroteo-cena-corresponsales-casa-blanca-profesor-california-trax\" target=\"_blank\" title=\"https:\/\/cnnespanol.cnn.com\/2026\/04\/26\/eeuu\/sospechoso-tiroteo-cena-corresponsales-casa-blanca-profesor-california-trax\" class=\"com-link break-word\" data-mrf-recirculation=\"n_link_parrafo\" rel=\"nofollow\"><em>CNN<\/em><\/a>, Allen trabajaba como <strong>profesor <\/strong>a tiempo parcial en C2 Education. La compa\u00f1\u00eda lo hab\u00eda distinguido meses atr\u00e1s como \u201cprofesor del mes\u201d, de acuerdo publicaciones de la empresa en redes sociales. Tambi\u00e9n se presentaba como<strong> desarrollador de videojuegos.<\/strong><\/p>\n<p class=\"com-paragraph   --s\">En un perfil de Linkedin que se le adjudica figura que es <strong>autor de un videojuego <\/strong>independiente titulado \u201cBohrdom\u201d, disponible en la plataforma Steam, cuyo nombre fue registrado como marca en 2018.<\/p>\n<p class=\"com-paragraph   --s\">En el plano acad\u00e9mico, el sospechoso cuenta con estudios en<strong> ingenier\u00eda mec\u00e1nica <\/strong>en el <strong>Instituto Tecnol\u00f3gico de California<\/strong>, de donde egres\u00f3 en 2017. Posteriormente obtuvo una maestr\u00eda en inform\u00e1tica en la Universidad Estatal de California en Dominguez Hills. Durante su etapa universitaria particip\u00f3 en el desarrollo de un prototipo de freno de emergencia para sillas de ruedas, proyecto que fue difundido en un medio local.<\/p>\n<p class=\"com-paragraph   --s\">Por otra parte, registros de la Comisi\u00f3n Federal Electoral indican que Allen realiz\u00f3 una<strong> donaci\u00f3n de US$25 <\/strong>a la <strong>campa\u00f1a presidencial de Kamala Harris <\/strong>en octubre de 2024. <\/p>\n<div class=\"content-media cursor-pointer container-center-100\">\n<section class=\"media-container relative ratio-16-9 mod-media pb-32\">\n<figure class=\"mod-video\">\n<div class=\"video-player bg-black ratio-16-9\" data-has-jwplayer=\"true\" data-video-id-jw=\"uVLNgQEK\" data-config=\"{&quot;title&quot;:&quot;El sospechoso super\u00f3 un puesto de seguridad corriendo&quot;,&quot;mediaId&quot;:&quot;uVLNgQEK&quot;,&quot;playerId&quot;:&quot;ih0086X3&quot;,&quot;playlist&quot;:[{&quot;mediaid&quot;:&quot;uVLNgQEK&quot;,&quot;sources&quot;:[{&quot;file&quot;:&quot;https:\/\/cdn.jwplayer.com\/manifests\/uVLNgQEK.m3u8&quot;,&quot;type&quot;:&quot;application\/vnd.apple.mpegurl&quot;},{&quot;bitrate&quot;:255457,&quot;file&quot;:&quot;https:\/\/cdn.jwplayer.com\/videos\/uVLNgQEK-kTExGaWf.mp4&quot;,&quot;filesize&quot;:766371,&quot;framerate&quot;:10,&quot;height&quot;:262,&quot;label&quot;:&quot;180p&quot;,&quot;type&quot;:&quot;video\/mp4&quot;,&quot;width&quot;:320},{&quot;bitrate&quot;:383564,&quot;file&quot;:&quot;https:\/\/cdn.jwplayer.com\/videos\/uVLNgQEK-K8B0kybS.mp4&quot;,&quot;filesize&quot;:1150692,&quot;framerate&quot;:10,&quot;height&quot;:392,&quot;label&quot;:&quot;270p&quot;,&quot;type&quot;:&quot;video\/mp4&quot;,&quot;width&quot;:480},{&quot;bitrate&quot;:114025,&quot;file&quot;:&quot;https:\/\/cdn.jwplayer.com\/videos\/uVLNgQEK-hz5z2Tv4.m4a&quot;,&quot;filesize&quot;:342075,&quot;label&quot;:&quot;AAC Audio&quot;,&quot;type&quot;:&quot;audio\/mp4&quot;}]}],&quot;hasAutoplay&quot;:false,&quot;autostart&quot;:true,&quot;tagsUrl&quot;:&quot;https:\/\/pubads.g.doubleclick.net\/gampad\/ads?slotname=\/133919216\/la_nacion_video\/nota\/preroll&amp;sz=640x480|400x300&amp;ciu_szs=300x250&amp;unviewed_position_start=1&amp;output=vast&amp;impl=s&amp;env=vp&amp;gdfp_req=1&amp;ad_rule=0&amp;vad_type=linear&amp;vpos=preroll&amp;cust_params=tags_nuevos%3Dte_estados_unidos%2Cte_donald_trump%2Cca_el_mundo%2C%2CJZ2X5PDRC5GA7DC6TXRSRZCIZU&amp;pod=3&amp;ppos=1&amp;lip=true&amp;min_ad_duration=0&amp;max_ad_duration=30000&amp;vrid=6256&amp;url=https%3A%2F%2Fwww.lanacion.com.ar%2Fel-mundo%2Fque-se-sabe-del-hombre-detenido-por-abrir-fuego-en-la-cena-encabezada-por-donald-trump-nid26042026%2F%3Fvariant%3DA&amp;description_url=https%3A%2F%2Fwww.lanacion.com.ar%2Fel-mundo%2Fque-se-sabe-del-hombre-detenido-por-abrir-fuego-en-la-cena-encabezada-por-donald-trump-nid26042026%2F%3Fvariant%3DA&amp;video_doc_id=short_onecue&amp;cmsid=496&amp;kfa=0&amp;tfcd=0&amp;correlator=1777185698022&quot;,&quot;arcSite&quot;:&quot;la-nacion-ar&quot;,&quot;duration&quot;:&quot;24000&quot;}\">\n<div id=\"facade-uVLNgQEK\" class=\"content-facade-jw relative bg-black ratio-16-9\"><picture><source media=\"(max-width: 767px)\" srcset=\"https:\/\/resizer.glanacion.com\/resizer\/v2\/https%3A%2F%2Fcdn.jwplayer.com%2Fv2%2Fmedia%2FuVLNgQEK%2Fposter.jpg%3Fwidth%3D720?auth=04fbd22597c46e7cbaa495d16395a1e9444e225e3d55905719123244d24bc13b&amp;width=480&amp;quality=70&amp;smart=false\"\/><\/picture><\/div>\n<\/div><figcaption class=\"border border-1 border-bottom border-light-300 relative px-16 py-8 min-h-36 w-100_md px-0_l mb-8 bg-white\"><span class=\"text ln-text text-16 block\">El sospechoso super\u00f3 un puesto de seguridad corriendo<\/span><\/figcaption><\/figure>\n<\/section>\n<\/div>\n<p class=\"com-paragraph   --s\">Tras el episodio, en una <a href=\"https:\/\/www.lanacion.com.ar\/el-mundo\/amenaza-en-estados-unidos-trump-confirmo-que-el-tirador-fue-detenido-y-hablo-del-ataque-nid25042026\/\" target=\"_self\" title=\"https:\/\/www.lanacion.com.ar\/el-mundo\/amenaza-en-estados-unidos-trump-confirmo-que-el-tirador-fue-detenido-y-hablo-del-ataque-nid25042026\/\" class=\"com-link break-word\" data-mrf-recirculation=\"n_link_parrafo\">conferencia de prensa<\/a>, Trump dijo que Allen es una persona \u201cenferma\u201d y a\u00f1adi\u00f3: \u201cCreen que era un <strong>lobo solitario<\/strong>\u201d.<\/p>\n<p class=\"com-paragraph   --s\">El presidente de EE.UU. tambi\u00e9n indic\u00f3 que<strong> un agente \u201crecibi\u00f3 un disparo, pero se salv\u00f3\u201d <\/strong>y a agreg\u00f3 que se pudo salvar porque llevaba puesto su chaleco antibalas. \u201cLe dispararon desde muy cerca, con un arma muy potente y el chaleco hizo su trabajo. Acabo de hablar con \u00e9l y est\u00e1 muy bien\u201d.<\/p>\n<p class=\"com-paragraph   --s\">Respecto a c\u00f3mo se dieron parte de los hechos, relat\u00f3: \u201cUn hombre embisti\u00f3 un puesto de control de seguridad armado con m\u00faltiples armas, y fue reducido por algunos miembros muy valientes del Servicio Secreto\u201d. Y agreg\u00f3: <strong>\u201cNo es la primera vez en los \u00faltimos a\u00f1os que nuestra rep\u00fablica ha sido atacada por un aspirante a asesino que buscaba matar\u201d<\/strong>.<\/p>\n<div class=\"content-media\">\n<section role=\"button\" class=\"mod-media   \">\n<figure role=\"button\" tabindex=\"0\" class=\"mod-figure \"><figcaption class=\"mod-figcaption\"><span class=\"com-text --caption --twoxs\">President Donald Trump speaks in the James Brady Press Briefing Room at the White House after an unspecified threat at the annual White House Correspondents&#8217; Association Dinner in Washington, Saturday, April 25, 2026, as Vice President JD Vance, FBI director Kash Patel, Homeland Security Secretary Markwayne Mullin and acting Attorney General Todd Blanche listen. (AP Photo\/Jose Luis Magana)<\/span><span class=\"com-text --credit --twoxs\">Jose Luis Magana &#8211; FR159526 AP<\/span><\/figcaption><\/figure>\n<\/section>\n<\/div>\n<p class=\"com-paragraph   --s\">En el marco de la misma conferencia de prensa, el <strong>director del FBI, Kash Patel<\/strong>, dijo que se examinar\u00e1 de manera exhaustiva el historial de Allen. \u201cEse proceso ya ha comenzado. <strong>Analizaremos todas las pruebas de inmediato para asegurarnos de proteger este pa\u00eds\u201d<\/strong>, asegur\u00f3.<\/p>\n<p class=\"com-paragraph   --s\">En tanto, <strong>Todd Blanche<\/strong>, fiscal general adjunto interino de Estados Unidos fue consultado sobre los cargos por los que ser\u00e1 juzgado el sospechoso. <strong>\u201cHabr\u00e1 m\u00faltiples cargos relacionados con el tiroteo <\/strong>en torno a la posesi\u00f3n de armas de fuego y cualquier otra cosa que podamos imputar a este tipo\u201d, adelant\u00f3.<\/p>\n<section class=\"container-center-100 mb-40 border border-bottom border-thin border-neutral-light-700\">\n<hr\/>\n<\/section>\n<\/div>\n<p><script id=\"facebookpixel\" defer=\"\" type=\"text\/javascript\">\n        !function(f,b,e,v,n,t,s)\n        {if(f.fbq)return;n=f.fbq=function(){n.callMethod?\n        n.callMethod.apply(n,arguments):n.queue.push(arguments)};\n        if(!f._fbq)f._fbq=n;n.push=n;n.loaded=!0;n.version='2.0';\n        n.queue=[];t=b.createElement(e);t.async=!0;\n        t.src=v;s=b.getElementsByTagName(e)[0];\n        s.parentNode.insertBefore(t,s)}(window, document,'script',\n        'https:\/\/connect.facebook.net\/en_US\/fbevents.js');\n        fbq('init', '492459597522335');\n        fbq('track', 'PageView');\n    <\/script><br \/>\n<br \/><\/p>\n","protected":false},"excerpt":{"rendered":"<p>El hombre sospechado de ser responsable del intento de ataque contra el presidente Donald Trump fue identificado como Cole Tomas Allen, de 31 a\u00f1os, residente de Torrance, California. El episodio que culmin\u00f3 con su detenci\u00f3n ocurri\u00f3 durante la cena anual de corresponsales de la Casa Blanca, donde se registraron estallidos que activaron el protocolo de [&hellip;]<\/p>\n","protected":false},"author":2,"featured_media":234076,"comment_status":"closed","ping_status":"closed","sticky":false,"template":"","format":"standard","meta":{"footnotes":""},"categories":[1],"tags":[],"class_list":["post-234075","post","type-post","status-publish","format-standard","has-post-thumbnail","hentry","category-uncategorized"],"_links":{"self":[{"href":"https:\/\/radioacuariofm.com.ar\/index.php?rest_route=\/wp\/v2\/posts\/234075","targetHints":{"allow":["GET"]}}],"collection":[{"href":"https:\/\/radioacuariofm.com.ar\/index.php?rest_route=\/wp\/v2\/posts"}],"about":[{"href":"https:\/\/radioacuariofm.com.ar\/index.php?rest_route=\/wp\/v2\/types\/post"}],"author":[{"embeddable":true,"href":"https:\/\/radioacuariofm.com.ar\/index.php?rest_route=\/wp\/v2\/users\/2"}],"replies":[{"embeddable":true,"href":"https:\/\/radioacuariofm.com.ar\/index.php?rest_route=%2Fwp%2Fv2%2Fcomments&post=234075"}],"version-history":[{"count":1,"href":"https:\/\/radioacuariofm.com.ar\/index.php?rest_route=\/wp\/v2\/posts\/234075\/revisions"}],"predecessor-version":[{"id":234077,"href":"https:\/\/radioacuariofm.com.ar\/index.php?rest_route=\/wp\/v2\/posts\/234075\/revisions\/234077"}],"wp:featuredmedia":[{"embeddable":true,"href":"https:\/\/radioacuariofm.com.ar\/index.php?rest_route=\/wp\/v2\/media\/234076"}],"wp:attachment":[{"href":"https:\/\/radioacuariofm.com.ar\/index.php?rest_route=%2Fwp%2Fv2%2Fmedia&parent=234075"}],"wp:term":[{"taxonomy":"category","embeddable":true,"href":"https:\/\/radioacuariofm.com.ar\/index.php?rest_route=%2Fwp%2Fv2%2Fcategories&post=234075"},{"taxonomy":"post_tag","embeddable":true,"href":"https:\/\/radioacuariofm.com.ar\/index.php?rest_route=%2Fwp%2Fv2%2Ftags&post=234075"}],"curies":[{"name":"wp","href":"https:\/\/api.w.org\/{rel}","templated":true}]}}