{"id":234072,"date":"2026-04-26T02:46:54","date_gmt":"2026-04-26T05:46:54","guid":{"rendered":"https:\/\/radioacuariofm.com.ar\/?p=234072"},"modified":"2026-04-26T02:46:55","modified_gmt":"2026-04-26T05:46:55","slug":"trump-cancela-a-ultimo-momento-el-viaje-a-pakistan-tras-el-desplante-de-iran-no-vamos-a-hablar-de-la-nada","status":"publish","type":"post","link":"https:\/\/radioacuariofm.com.ar\/?p=234072","title":{"rendered":"Trump cancela a \u00faltimo momento el viaje a Pakist\u00e1n tras el desplante de Ir\u00e1n: \u201cNo vamos a hablar de la nada\u201d"},"content":{"rendered":"<p> <br \/>\n<\/p>\n<div>\n<p class=\"com-paragraph  --capital --s\">ISLAMABAD.- El presidente<strong> Donald Trump<\/strong> confirm\u00f3 este s\u00e1bado que<strong> suspendi\u00f3 a \u00faltimo momento el viaje que sus enviados ten\u00edan previsto a Pakist\u00e1n<\/strong> para retomar<strong> las negociaciones con Ir\u00e1n,<\/strong> mientras los iran\u00edes tambi\u00e9n se desentend\u00edan de la cumbre. <strong> <\/strong><\/p>\n<p class=\"com-paragraph   --s\">Las negociaciones deb\u00edan dar seguimiento a las<strong> hist\u00f3ricas conversaciones<\/strong> cara a cara a principios de este mes entre Estados Unidos, encabezadas por el vicepresidente<strong> JD Vance<\/strong>, e Ir\u00e1n, encabezadas por el presidente del Parlamento Mohammad <strong>Bagher Qalibaf. <\/strong><\/p>\n<p class=\"com-paragraph   --s\">Las declaraciones de Trump se dieron al parecer despu\u00e9s de que el canciller iran\u00ed,<strong> Abbas Araghchi, <\/strong>decidiera <strong>abandonar la capital paquistan\u00ed sin esperar a la comitiva estadounidense, <\/strong>evitando as\u00ed las conversaciones directas con Washington.<strong> <\/strong><\/p>\n<p class=\"com-paragraph   --s\"><strong>\u201cNo van a seguir haciendo vuelos de 18 horas para sentarse a hablar de nada\u201c, <\/strong>sentenci\u00f3 el mandatario republicano en un intento por justificar su marcha atr\u00e1s y la cancelaci\u00f3n del viaje de sus negociadores, <strong>Steve Witkoff y Jared Kushner.<\/strong> <\/p>\n<p class=\"com-paragraph   --s\"><strong>\u201cHace un rato les dije a los m\u00edos que se estaban preparando para salir: \u2018No, no van a hacer un vuelo de 18 horas para ir all\u00ed. Nosotros tenemos todas las cartas\u201d,<\/strong> insisti\u00f3 en una entrevista con Fox News. En un posteo en su red Truth Social a\u00f1adi\u00f3 que en Ir\u00e1n <strong>\u201chay una tremenda lucha interna y confusi\u00f3n dentro de su liderazgo\u2019\u201d. <\/strong><\/p>\n<p class=\"com-paragraph   --s\">Trump dijo m\u00e1s tarde a periodistas que, unos diez minutos de que cancel\u00f3 el viaje de los emisarios a Pakist\u00e1n, <strong>Ir\u00e1n envi\u00f3 una propuesta \u201cmucho mejor\u201d,<\/strong> sin dar detalles. Subray\u00f3 que una de sus condiciones es que Ir\u00e1n \u201cno tendr\u00e1 un arma nuclear\u201d.<\/p>\n<p class=\"com-paragraph   --s\">Entre los puntos pol\u00e9micos figuran<strong> el uranio enriquecido de Ir\u00e1n y el enfrentamiento en torno al estrecho de Ormuz, <\/strong>as\u00ed como las preocupaciones sobre el programa de misiles de Ir\u00e1n y su apoyo a grupos armados en la regi\u00f3n.<\/p>\n<p class=\"com-paragraph   --s\">Durante semanas, Trump ha oscilado entre amenazas de desatar ataques importantes contra la infraestructura de Ir\u00e1n<strong> -en un momento dado, lleg\u00f3 a amenazar con acabar con \u201ctoda una civilizaci\u00f3n\u201d- <\/strong>e intentos de negociar un acuerdo sobre su programa nuclear y otras disputas que se remontan a d\u00e9cadas.<\/p>\n<p class=\"com-paragraph   --s\">El \u00faltimo esfuerzo por negociar un acuerdo en Islamabad<strong> se produce mientras el alto el fuego indefinido ha pausado la mayor parte de los combates, <\/strong>pero las repercusiones econ\u00f3micas siguen aumentando con los env\u00edos globales de energ\u00eda interrumpidos por el cierre pr\u00e1cticamente total del estrecho de Ormuz.<\/p>\n<div class=\"content-media\">\n<section role=\"button\" class=\"mod-media   \">\n<figure role=\"button\" tabindex=\"0\" class=\"mod-figure \"><figcaption class=\"mod-figcaption\"><span class=\"com-text --caption --twoxs\">El canciller iran\u00ed, Abbas Araghchi (quinto desde la izquierda), durante su reuni\u00f3n con el premier paquistan\u00ed, Shehbaz Sharif (centro) <\/span><span class=\"com-text --credit --twoxs\">Oficina del Primer Ministro de Pakist\u00e1n &#8211; AP<\/span><\/figcaption><\/figure>\n<\/section>\n<\/div>\n<p class=\"com-paragraph   --s\">Los dichos de Trump se dieron luego que <strong>Araghchi<\/strong> abandonara Islamabad tras dejar un mensaje para Estados Unidos. Dijo que durante las reuniones con los paquistan\u00edes hab\u00eda <strong>\u201ccompartido la postura de Ir\u00e1n respecto a un marco viable para poner fin de forma permanente a la guerra\u201d.<\/strong> Y dijo que<strong> <\/strong>\u201cest\u00e1 por verse si Estados Unidos es realmente serio\u201d con la diplomacia.<\/p>\n<p class=\"com-paragraph   --s\">Araghchi hab\u00eda llegado el viernes a Islamabad y esa misma noche<strong> <\/strong>se reuni\u00f3 con el canciller, Ishaq Dar, y con el jefe del Ej\u00e9rcito, Asim Munir. Este s\u00e1bado fue recibido por el el primer ministro, <strong>Shehbaz Sharif,<\/strong> en un encuentro del que tambi\u00e9n participaron Dar y Munir.<\/p>\n<p class=\"com-paragraph   --s\">Frente a ellos expuso <strong>las demandas de Teher\u00e1n y sus reservas frente a la postura de Estados Unidos<\/strong>, como expres\u00f3 en distintos posteos en redes sociales. <\/p>\n<p class=\"com-paragraph   --s\">En esa l\u00ednea, explic\u00f3 <strong>\u201clas posiciones de principios\u201d<\/strong> de Ir\u00e1n frente a los \u00faltimos acontecimientos sobre el alto el fuego y al fin completo de la guerra contra el pa\u00eds. <\/p>\n<div class=\"content-media\">\n<section role=\"button\" class=\"mod-media   \">\n<figure role=\"button\" tabindex=\"0\" class=\"mod-figure \"><figcaption class=\"mod-figcaption\"><span class=\"com-text --caption --twoxs\">La delegaci\u00f3n iran\u00ed encabezada por el canciller  Abbas Araghchi llega a Islamabad<\/span><span class=\"com-text --credit --twoxs\">Str &#8211; XinHua<\/span><\/figcaption><\/figure>\n<\/section>\n<\/div>\n<p class=\"com-paragraph   --s\">Araghchi no brind\u00f3 m\u00e1s detalles, aunque<strong> <\/strong>asegur\u00f3 que Teher\u00e1n seguir\u00e1 participando en los esfuerzos de mediaci\u00f3n encabezados por Pakist\u00e1n<strong> \u201chasta que se logre un resultado\u201d.<\/strong> <\/p>\n<p class=\"com-paragraph   --s\">Seg\u00fan inform\u00f3 m\u00e1s tarde la prensa estatal iran\u00ed, Araghchi viaj\u00f3 a <strong>Om\u00e1n,<\/strong> un mediador en las conversaciones antes de la guerra y el pa\u00eds al otro lado del estrecho de Ormuz, <strong>pero estar\u00eda viajando de nuevo este domingo a Pakist\u00e1n. <\/strong>Luego viajar\u00eda a Rusia. <\/p>\n<p class=\"com-paragraph   --s\"><strong>Araghchi volver\u00eda a Pakist\u00e1n para retomar las conversaciones<\/strong>, seg\u00fan la informaci\u00f3n,<strong> <\/strong>aunque no estaba clara la intenci\u00f3n dada la cancelaci\u00f3n de la delegaci\u00f3n de Washington. Seg\u00fan las mismas fuentes, parte de su comitiva hab\u00eda vuelto a Teher\u00e1n para <strong>\u201cobtener las instrucciones necesarias sobre las cuestiones relacionadas con el fin de la guerra\u201d.<\/strong><\/p>\n<p class=\"com-paragraph   --s\">Consultada sobre las reservas de Teher\u00e1n respecto de la actitud de Washington, una fuente diplom\u00e1tica iran\u00ed se\u00f1al\u00f3 que en principio Teher\u00e1n <strong>\u201cno aceptar\u00e1 exigencias maximalistas\u201d.<\/strong><\/p>\n<p class=\"com-paragraph   --s\">Frente a ese escenario, <strong>la Canciller\u00eda iran\u00ed indic\u00f3 que cualquier conversaci\u00f3n ser\u00eda indirecta y que los funcionarios paquistan\u00edes transmitir\u00edan los mensajes.<\/strong><\/p>\n<p class=\"com-paragraph   --s\"><strong>El Ej\u00e9rcito iran\u00ed lanz\u00f3 al mismo tiempo una dura advertencia a Estados Unidos<\/strong> al asegurar que responder\u00e1 si este mantiene el <strong>bloqueo de los puertos iran\u00edes, <\/strong>porque<strong> lo considera \u201cbandolerismo\u201d y \u201cpirater\u00eda\u201d.<\/strong><\/p>\n<p class=\"com-paragraph   --s\">\u201cSi el Ej\u00e9rcito invasor estadounidense contin\u00faa con el bloqueo, el bandolerismo y la pirater\u00eda en la regi\u00f3n, deben saber que <strong>se expone a una respuesta <\/strong>de las poderosas Fuerzas Armadas de Ir\u00e1n\u201d, afirm\u00f3 el mando central militar, Jatam Al Anbiya, citado por la televisi\u00f3n estatal.<\/p>\n<p class=\"com-paragraph   --s\">\u201cEstamos <strong>preparados y determinados, <\/strong>mientras vigilamos el comportamiento y los movimientos de los enemigos\u201d,<strong> <\/strong>sentenci\u00f3. <\/p>\n<div class=\"content-media\">\n<section role=\"button\" class=\"mod-media   \">\n<figure role=\"button\" tabindex=\"0\" class=\"mod-figure \"><figcaption class=\"mod-figcaption\"><span class=\"com-text --caption --twoxs\">El canciller iran\u00ed, Abbas Araghchi, dialoga con el jefe de las Fuerzas Armadas de Pakist\u00e1n, Asim Munir, en Islamabad.<\/span><span class=\"com-text --credit --twoxs\">Gobierno de la Rep\u00fablica Isl\u00e1mica  de Ir\u00e1n &#8211; EFE<\/span><\/figcaption><\/figure>\n<\/section>\n<\/div>\n<p class=\"com-paragraph   --s\">Washington y Teher\u00e1n se encuentran en un punto muerto,<strong> ya que Ir\u00e1n ha cerrado en gran medida el estrecho de Ormuz,<\/strong> por donde transita una quinta parte de los env\u00edos mundiales de petr\u00f3leo, mientras que Estados Unidos bloquea las exportaciones de petr\u00f3leo iran\u00ed.<\/p>\n<p class=\"com-paragraph   --s\">Las ocho semanas que van de la guerra <strong>han<\/strong> <strong>disparado los precios de la energ\u00eda <\/strong>a m\u00e1ximos de varios a\u00f1os, avivando la inflaci\u00f3n y ensombreciendo las perspectivas de crecimiento mundial.<\/p>\n<p class=\"com-paragraph   --s\"><strong>\u201cLos altos el fuego no arreglan nada; solo evitan que las cosas empeoren\u201d,<\/strong> afirm\u00f3 Michael Ratney, exembajador de Estados Unidos en Arabia Saudita. \u201cSon parte de una respuesta a un problema pol\u00edtico inmediato, que es que (Trump) <strong>necesita salir de la guerra <\/strong>y no logra encontrar c\u00f3mo hacerlo\u201d, a\u00f1adi\u00f3.<\/p>\n<p class=\"com-paragraph   --s\"><strong>Jon Alterman,<\/strong> presidente del \u00e1rea de Seguridad Global y Geoestrategia del Centro de Estudios Estrat\u00e9gicos e Internacionales, <strong>sostuvo que los antecedentes de Trump muestran que sus instintos se inclinan por acaparar titulares y anunciar resultados r\u00e1pidos.<\/strong><\/p>\n<p class=\"com-paragraph   --s\">Los dirigentes iran\u00edes parecen haber concluido que <strong>pueden resistir el bloqueo durante m\u00e1s tiempo del que Trump puede soportar el alza de los precios de la gasolina y una guerra impopular, <\/strong>especialmente con las elecciones legislativas de mitad de mandato en Estados Unidos, que se realizar\u00e1n a finales de este a\u00f1o.<\/p>\n<p class=\"com-paragraph   --s\"><em><strong>Agencias AFP, Reuters y AP <\/strong><\/em><\/p>\n<section class=\"container-center-100 mb-40 border border-bottom border-thin border-neutral-light-700\">\n<hr\/>\n<\/section>\n<\/div>\n<p><script id=\"facebookpixel\" defer=\"\" type=\"text\/javascript\">\n        !function(f,b,e,v,n,t,s)\n        {if(f.fbq)return;n=f.fbq=function(){n.callMethod?\n        n.callMethod.apply(n,arguments):n.queue.push(arguments)};\n        if(!f._fbq)f._fbq=n;n.push=n;n.loaded=!0;n.version='2.0';\n        n.queue=[];t=b.createElement(e);t.async=!0;\n        t.src=v;s=b.getElementsByTagName(e)[0];\n        s.parentNode.insertBefore(t,s)}(window, document,'script',\n        'https:\/\/connect.facebook.net\/en_US\/fbevents.js');\n        fbq('init', '492459597522335');\n        fbq('track', 'PageView');\n    <\/script><br \/>\n<br \/><\/p>\n","protected":false},"excerpt":{"rendered":"<p>ISLAMABAD.- El presidente Donald Trump confirm\u00f3 este s\u00e1bado que suspendi\u00f3 a \u00faltimo momento el viaje que sus enviados ten\u00edan previsto a Pakist\u00e1n para retomar las negociaciones con Ir\u00e1n, mientras los iran\u00edes tambi\u00e9n se desentend\u00edan de la cumbre. Las negociaciones deb\u00edan dar seguimiento a las hist\u00f3ricas conversaciones cara a cara a principios de este mes entre [&hellip;]<\/p>\n","protected":false},"author":2,"featured_media":234073,"comment_status":"closed","ping_status":"closed","sticky":false,"template":"","format":"standard","meta":{"footnotes":""},"categories":[1],"tags":[],"class_list":["post-234072","post","type-post","status-publish","format-standard","has-post-thumbnail","hentry","category-uncategorized"],"_links":{"self":[{"href":"https:\/\/radioacuariofm.com.ar\/index.php?rest_route=\/wp\/v2\/posts\/234072","targetHints":{"allow":["GET"]}}],"collection":[{"href":"https:\/\/radioacuariofm.com.ar\/index.php?rest_route=\/wp\/v2\/posts"}],"about":[{"href":"https:\/\/radioacuariofm.com.ar\/index.php?rest_route=\/wp\/v2\/types\/post"}],"author":[{"embeddable":true,"href":"https:\/\/radioacuariofm.com.ar\/index.php?rest_route=\/wp\/v2\/users\/2"}],"replies":[{"embeddable":true,"href":"https:\/\/radioacuariofm.com.ar\/index.php?rest_route=%2Fwp%2Fv2%2Fcomments&post=234072"}],"version-history":[{"count":1,"href":"https:\/\/radioacuariofm.com.ar\/index.php?rest_route=\/wp\/v2\/posts\/234072\/revisions"}],"predecessor-version":[{"id":234074,"href":"https:\/\/radioacuariofm.com.ar\/index.php?rest_route=\/wp\/v2\/posts\/234072\/revisions\/234074"}],"wp:featuredmedia":[{"embeddable":true,"href":"https:\/\/radioacuariofm.com.ar\/index.php?rest_route=\/wp\/v2\/media\/234073"}],"wp:attachment":[{"href":"https:\/\/radioacuariofm.com.ar\/index.php?rest_route=%2Fwp%2Fv2%2Fmedia&parent=234072"}],"wp:term":[{"taxonomy":"category","embeddable":true,"href":"https:\/\/radioacuariofm.com.ar\/index.php?rest_route=%2Fwp%2Fv2%2Fcategories&post=234072"},{"taxonomy":"post_tag","embeddable":true,"href":"https:\/\/radioacuariofm.com.ar\/index.php?rest_route=%2Fwp%2Fv2%2Ftags&post=234072"}],"curies":[{"name":"wp","href":"https:\/\/api.w.org\/{rel}","templated":true}]}}