{"id":234069,"date":"2026-04-26T01:45:36","date_gmt":"2026-04-26T04:45:36","guid":{"rendered":"https:\/\/radioacuariofm.com.ar\/?p=234069"},"modified":"2026-04-26T01:45:37","modified_gmt":"2026-04-26T04:45:37","slug":"israel-ataca-el-libano-a-pesar-del-alto-el-fuego-al-menos-seis-muertos","status":"publish","type":"post","link":"https:\/\/radioacuariofm.com.ar\/?p=234069","title":{"rendered":"Israel ataca el L\u00edbano a pesar del alto el fuego: al menos seis muertos"},"content":{"rendered":"<p> <br \/>\n<\/p>\n<div>\n<p class=\"com-paragraph  --capital --s\">El ej\u00e9rcito israel\u00ed inform\u00f3 que este s\u00e1bado lanz\u00f3<strong> una serie de ataques en el sur del L\u00edbano,<\/strong> que dejaron <strong>al menos seis muertos<\/strong>, pese al <strong>alto el fuego <\/strong>entre ambos pa\u00edses, prorrogado el d\u00eda anterior<strong> <\/strong><a href=\"https:\/\/www.lanacion.com.ar\/el-mundo\/trump-se-reune-con-representantes-del-libano-e-israel-en-la-casa-blanca-nid23042026\/\" target=\"_self\" title=\"https:\/\/www.lanacion.com.ar\/el-mundo\/trump-se-reune-con-representantes-del-libano-e-israel-en-la-casa-blanca-nid23042026\/\" class=\"com-link break-word\" data-mrf-recirculation=\"n_link_parrafo\"><strong>por otras tres semanas<\/strong><\/a> para dar margen a las <strong>negociaciones de paz.<\/strong> La ofensiva se produce en medio de los <strong>enfrentamientos<\/strong> que Tel Aviv mantiene en la<strong> frontera con Hezbollah. <\/strong><\/p>\n<p class=\"com-paragraph   --s\">Si bien el alto el fuego acordado ha sido violado repetidamente por ambas partes, ha supuesto una reducci\u00f3n significativa de las hostilidades entre los dos pa\u00edses, pero Israel y la milicia Hezbollah, respaldada por Ir\u00e1n, han seguido enfrent\u00e1ndose en la frontera sur, donde el ej\u00e9rcito israel\u00ed mantiene soldados en la zona de amortiguaci\u00f3n autoproclamada.<\/p>\n<p class=\"com-paragraph   --s\">Ante este escenario, Israel inform\u00f3 que durante la noche atac\u00f3 lanzacohetes de Hezbollah en tres localidades del sur del L\u00edbano y, en acciones separadas, alcanz\u00f3 a varios combatientes del grupo.<\/p>\n<p class=\"com-paragraph   --s\">En un comunicado, las Fuerzas de Defensa de Israel (FDI) indicaron que tres miembros de Hezbollah que viajaban en una camioneta armada murieron en el sur del pa\u00eds, sin precisar la ubicaci\u00f3n.<\/p>\n<p class=\"com-paragraph   --s\">Tambi\u00e9n se\u00f1alaron que otro integrante muri\u00f3 cuando circulaba en motocicleta al sur de la denominada \u201cl\u00ednea de defensa avanzada\u201d (o \u201cl\u00ednea amarilla\u201d), una zona en territorio liban\u00e9s alejada de la frontera y bajo control israel\u00ed. M\u00e1s tarde, las mismas fuentes informaron que otros dos miembros de Hezbollah fueron abatidos en un ataque a\u00e9reo en la zona del Litani, al considerar que \u201crepresentaban una amenaza para las fuerzas que operan en el sur del L\u00edbano\u201d.<\/p>\n<p class=\"com-paragraph   --s\">\u201cDos ataques israel\u00edes, dirigidos contra un cami\u00f3n y una motocicleta en la localidad de Yohmor al-Shaqeef, en el distrito de Nabatieh, causaron la muerte de cuatro personas\u201d, se precis\u00f3 en un comunicado.<\/p>\n<p class=\"com-paragraph   --s\">Posteriormente, se inform\u00f3 que \u201cun ataque a\u00e9reo israel\u00ed contra la localidad de Safad al-Battikh, en el distrito de Bint Jbeil, provoc\u00f3 dos muertos y 17 heridos\u201d.<\/p>\n<div class=\"content-media\">\n<section role=\"button\" class=\"mod-media   \">\n<figure role=\"button\" tabindex=\"0\" class=\"mod-figure \"><figcaption class=\"mod-figcaption\"><span class=\"com-text --caption --twoxs\">Una densa columna de humo proveniente de explosiones en la ciudad de Khiam, al sur del L\u00edbano, donde el ej\u00e9rcito israel\u00ed deton\u00f3 viviendas (AFP)<\/span><span class=\"com-text --credit --twoxs\">&#8211; &#8211; AFP<\/span><\/figcaption><\/figure>\n<\/section>\n<\/div>\n<p class=\"com-paragraph   --s\">Los ataques se producen mientras rige una pr\u00f3rroga de la tregua en el L\u00edbano anunciada ayer por Donald Trump, que coincidi\u00f3 con una segunda ronda de conversaciones en Washington entre representantes israel\u00edes y libaneses, en un intento por afianzar un entendimiento m\u00e1s duradero y abrir la puerta a negociaciones pol\u00edticas m\u00e1s amplias.<\/p>\n<p class=\"com-paragraph   --s\">Todo ello se enmarca en un escenario de alta incertidumbre en Medio Oriente, marcado por el estancamiento de las negociaciones con Ir\u00e1n, que este s\u00e1bado se empantanaron a\u00fan m\u00e1s luego de que la diplomacia iran\u00ed abandonara Pakist\u00e1n -donde estaba previsto retomar el di\u00e1logo directo con Estados Unidos- antes de la llegada de los enviados de Trump a Islamabad.<\/p>\n<p class=\"com-paragraph   --s\">En ese contexto, el presidente estadounidense suspendi\u00f3 a \u00faltimo momento el viaje de sus emisarios, Steve Witkoff y Jared Kushner. \u201cPueden llamarnos cuando quieran, pero no vamos a seguir haciendo vuelos de 18 horas para sentarnos a hablar de nada\u201d, declar\u00f3.<\/p>\n<p class=\"com-paragraph   --s\">Las hostilidades entre Hezbollah e Israel se reactivaron el 2 de marzo, cuando el grupo chiita abri\u00f3 fuego en apoyo a Ir\u00e1n en el marco de la guerra regional. Desde entonces, m\u00e1s de 240 personas murieron en el L\u00edbano, seg\u00fan cifras oficiales, en su mayor\u00eda en el sur del pa\u00eds.<\/p>\n<p class=\"com-paragraph   --s\">El Ministerio de Salud inform\u00f3 adem\u00e1s que m\u00e1s de 120.000 personas permanecen desplazadas en centros de evacuaci\u00f3n, donde ya se registran unas 31.000 familias.<\/p>\n<p class=\"com-paragraph   --s\"><em><strong>Agencias AP, Reuters y AFP<\/strong><\/em><\/p>\n<section class=\"container-center-100 mb-40 border border-bottom border-thin border-neutral-light-700\">\n<hr\/>\n<\/section>\n<\/div>\n<p><script id=\"facebookpixel\" defer=\"\" type=\"text\/javascript\">\n        !function(f,b,e,v,n,t,s)\n        {if(f.fbq)return;n=f.fbq=function(){n.callMethod?\n        n.callMethod.apply(n,arguments):n.queue.push(arguments)};\n        if(!f._fbq)f._fbq=n;n.push=n;n.loaded=!0;n.version='2.0';\n        n.queue=[];t=b.createElement(e);t.async=!0;\n        t.src=v;s=b.getElementsByTagName(e)[0];\n        s.parentNode.insertBefore(t,s)}(window, document,'script',\n        'https:\/\/connect.facebook.net\/en_US\/fbevents.js');\n        fbq('init', '492459597522335');\n        fbq('track', 'PageView');\n    <\/script><br \/>\n<br \/><\/p>\n","protected":false},"excerpt":{"rendered":"<p>El ej\u00e9rcito israel\u00ed inform\u00f3 que este s\u00e1bado lanz\u00f3 una serie de ataques en el sur del L\u00edbano, que dejaron al menos seis muertos, pese al alto el fuego entre ambos pa\u00edses, prorrogado el d\u00eda anterior por otras tres semanas para dar margen a las negociaciones de paz. La ofensiva se produce en medio de los [&hellip;]<\/p>\n","protected":false},"author":2,"featured_media":234070,"comment_status":"closed","ping_status":"closed","sticky":false,"template":"","format":"standard","meta":{"footnotes":""},"categories":[1],"tags":[],"class_list":["post-234069","post","type-post","status-publish","format-standard","has-post-thumbnail","hentry","category-uncategorized"],"_links":{"self":[{"href":"https:\/\/radioacuariofm.com.ar\/index.php?rest_route=\/wp\/v2\/posts\/234069","targetHints":{"allow":["GET"]}}],"collection":[{"href":"https:\/\/radioacuariofm.com.ar\/index.php?rest_route=\/wp\/v2\/posts"}],"about":[{"href":"https:\/\/radioacuariofm.com.ar\/index.php?rest_route=\/wp\/v2\/types\/post"}],"author":[{"embeddable":true,"href":"https:\/\/radioacuariofm.com.ar\/index.php?rest_route=\/wp\/v2\/users\/2"}],"replies":[{"embeddable":true,"href":"https:\/\/radioacuariofm.com.ar\/index.php?rest_route=%2Fwp%2Fv2%2Fcomments&post=234069"}],"version-history":[{"count":1,"href":"https:\/\/radioacuariofm.com.ar\/index.php?rest_route=\/wp\/v2\/posts\/234069\/revisions"}],"predecessor-version":[{"id":234071,"href":"https:\/\/radioacuariofm.com.ar\/index.php?rest_route=\/wp\/v2\/posts\/234069\/revisions\/234071"}],"wp:featuredmedia":[{"embeddable":true,"href":"https:\/\/radioacuariofm.com.ar\/index.php?rest_route=\/wp\/v2\/media\/234070"}],"wp:attachment":[{"href":"https:\/\/radioacuariofm.com.ar\/index.php?rest_route=%2Fwp%2Fv2%2Fmedia&parent=234069"}],"wp:term":[{"taxonomy":"category","embeddable":true,"href":"https:\/\/radioacuariofm.com.ar\/index.php?rest_route=%2Fwp%2Fv2%2Fcategories&post=234069"},{"taxonomy":"post_tag","embeddable":true,"href":"https:\/\/radioacuariofm.com.ar\/index.php?rest_route=%2Fwp%2Fv2%2Ftags&post=234069"}],"curies":[{"name":"wp","href":"https:\/\/api.w.org\/{rel}","templated":true}]}}