{"id":234060,"date":"2026-04-25T23:42:59","date_gmt":"2026-04-26T02:42:59","guid":{"rendered":"https:\/\/radioacuariofm.com.ar\/?p=234060"},"modified":"2026-04-25T23:43:02","modified_gmt":"2026-04-26T02:43:02","slug":"amenaza-en-estados-unidos-trump-confirmo-que-el-tirador-fue-detenido-y-hablo-del-ataque","status":"publish","type":"post","link":"https:\/\/radioacuariofm.com.ar\/?p=234060","title":{"rendered":"Amenaza en Estados Unidos: Trump confirm\u00f3 que el tirador fue detenido y habl\u00f3 del ataque"},"content":{"rendered":"<p> <br \/>\n<\/p>\n<div>\n<p class=\"com-paragraph  --capital --s\">El presidente de <a href=\"https:\/\/www.lanacion.com.ar\/estados-unidos\/evacuaron-a-trump-de-la-casa-blanca-por-una-amenaza-durante-una-cena-con-periodistas-nid25042026\/\" target=\"_self\" title=\"https:\/\/www.lanacion.com.ar\/estados-unidos\/evacuaron-a-trump-de-la-casa-blanca-por-una-amenaza-durante-una-cena-con-periodistas-nid25042026\/\" class=\"com-link break-word\" data-mrf-recirculation=\"n_link_parrafo\">Estados Unidos<\/a>, <a href=\"https:\/\/www.lanacion.com.ar\/el-mundo\/los-videos-del-momento-de-la-evacuacion-a-donald-trump-nid25042026\/\" target=\"_self\" title=\"https:\/\/www.lanacion.com.ar\/el-mundo\/los-videos-del-momento-de-la-evacuacion-a-donald-trump-nid25042026\/\" class=\"com-link break-word\" data-mrf-recirculation=\"n_link_parrafo\"><strong>Donald Trump<\/strong><\/a>, encabez\u00f3 este s\u00e1bado por la noche una conferencia de prensa. Habl\u00f3 luego de haber tenido que ser evacuado de la cena anual de corresponsales de la Casa Blanca. <strong>El mandatario valor\u00f3 la actuaci\u00f3n de las fuerzas de seguridad<\/strong>.<\/p>\n<p class=\"com-paragraph   --s\">Por otra parte, el mandatario comparti\u00f3 un mensaje despu\u00e9s de ser evacuado.-Trump inform\u00f3 que el agresor fue detenido y pidi\u00f3 que el evento continuara con normalidad.<\/p>\n<p class=\"com-paragraph   --s\">\u201cUna noche memorable en Washington. El Servicio Secreto y las fuerzas del orden hicieron un trabajo fant\u00e1stico. Actuaron con rapidez y valent\u00eda. <strong>El tirador fue detenido y he recomendado que \u2018el espect\u00e1culo contin\u00fae\u2019<\/strong>, pero seguiremos las indicaciones de las fuerzas del orden. Tomar\u00e1 una decisi\u00f3n breve\u201d, expres\u00f3 el jefe de la Casa Blanca en Truth Social.<\/p>\n<p class=\"com-paragraph   --s\">Adem\u00e1s sigui\u00f3: \u201cIndependientemente de la decisi\u00f3n, la noche ser\u00e1 muy diferente a lo planeado y, sencillamente, tendremos que repetirla\u201d.<\/p>\n<div class=\"content-media\">\n<section role=\"button\" class=\"mod-media   \">\n<figure role=\"button\" tabindex=\"0\" class=\"mod-figure \">\n<div class=\"placeholder \">\n<div class=\"com-image\"><picture><source media=\"(min-width: 768px)\" srcset=\"https:\/\/resizer.glanacion.com\/resizer\/v2\/trump-confirmo-que-el-tirador-fue-detenido-y-MEFMRZTWBZE43FXO7VRSHTF6YM.PNG?auth=ccbf43023c718ae2f489f78b64ed3f6a7bafc8fa3c6f5942c5fdc94369edcfc8&amp;width=780&amp;height=398&amp;quality=70&amp;smart=true\"\/><\/picture><\/div>\n<\/div><figcaption class=\"mod-figcaption\"><span class=\"com-text --caption --twoxs\">Trump confirm\u00f3 que el tirador fue detenido y habl\u00f3 del ataque<\/span><\/figcaption><\/figure>\n<\/section>\n<\/div>\n<p class=\"com-paragraph   --s\">Minutos m\u00e1s tarde, Trump public\u00f3 otro mensaje en la red social, donde confirm\u00f3 que los agentes le solicitaron que abandone la cena para seguir el protocolo y anticip\u00f3 que dar\u00e1 una conferencia de prensa desde la Casa Blanca. \u201cLa primera dama, el vicepresidente y todos los miembros del Gabinete se encuentran en perfecto estado de salud. He hablado con todos los representantes encargados del evento y lo reprogramaremos en un plazo de 30 d\u00edas\u201d, se\u00f1al\u00f3.<\/p>\n<p class=\"com-paragraph   --s\">Noticia en desarrollo.<\/p>\n<section class=\"container-center-100 mb-40 border border-bottom border-thin border-neutral-light-700\">\n<hr\/>\n<\/section>\n<\/div>\n<p><script id=\"facebookpixel\" defer=\"\" type=\"text\/javascript\">\n        !function(f,b,e,v,n,t,s)\n        {if(f.fbq)return;n=f.fbq=function(){n.callMethod?\n        n.callMethod.apply(n,arguments):n.queue.push(arguments)};\n        if(!f._fbq)f._fbq=n;n.push=n;n.loaded=!0;n.version='2.0';\n        n.queue=[];t=b.createElement(e);t.async=!0;\n        t.src=v;s=b.getElementsByTagName(e)[0];\n        s.parentNode.insertBefore(t,s)}(window, document,'script',\n        'https:\/\/connect.facebook.net\/en_US\/fbevents.js');\n        fbq('init', '492459597522335');\n        fbq('track', 'PageView');\n    <\/script><br \/>\n<br \/><\/p>\n","protected":false},"excerpt":{"rendered":"<p>El presidente de Estados Unidos, Donald Trump, encabez\u00f3 este s\u00e1bado por la noche una conferencia de prensa. Habl\u00f3 luego de haber tenido que ser evacuado de la cena anual de corresponsales de la Casa Blanca. El mandatario valor\u00f3 la actuaci\u00f3n de las fuerzas de seguridad. Por otra parte, el mandatario comparti\u00f3 un mensaje despu\u00e9s de [&hellip;]<\/p>\n","protected":false},"author":2,"featured_media":234061,"comment_status":"closed","ping_status":"closed","sticky":false,"template":"","format":"standard","meta":{"footnotes":""},"categories":[1],"tags":[],"class_list":["post-234060","post","type-post","status-publish","format-standard","has-post-thumbnail","hentry","category-uncategorized"],"_links":{"self":[{"href":"https:\/\/radioacuariofm.com.ar\/index.php?rest_route=\/wp\/v2\/posts\/234060","targetHints":{"allow":["GET"]}}],"collection":[{"href":"https:\/\/radioacuariofm.com.ar\/index.php?rest_route=\/wp\/v2\/posts"}],"about":[{"href":"https:\/\/radioacuariofm.com.ar\/index.php?rest_route=\/wp\/v2\/types\/post"}],"author":[{"embeddable":true,"href":"https:\/\/radioacuariofm.com.ar\/index.php?rest_route=\/wp\/v2\/users\/2"}],"replies":[{"embeddable":true,"href":"https:\/\/radioacuariofm.com.ar\/index.php?rest_route=%2Fwp%2Fv2%2Fcomments&post=234060"}],"version-history":[{"count":1,"href":"https:\/\/radioacuariofm.com.ar\/index.php?rest_route=\/wp\/v2\/posts\/234060\/revisions"}],"predecessor-version":[{"id":234062,"href":"https:\/\/radioacuariofm.com.ar\/index.php?rest_route=\/wp\/v2\/posts\/234060\/revisions\/234062"}],"wp:featuredmedia":[{"embeddable":true,"href":"https:\/\/radioacuariofm.com.ar\/index.php?rest_route=\/wp\/v2\/media\/234061"}],"wp:attachment":[{"href":"https:\/\/radioacuariofm.com.ar\/index.php?rest_route=%2Fwp%2Fv2%2Fmedia&parent=234060"}],"wp:term":[{"taxonomy":"category","embeddable":true,"href":"https:\/\/radioacuariofm.com.ar\/index.php?rest_route=%2Fwp%2Fv2%2Fcategories&post=234060"},{"taxonomy":"post_tag","embeddable":true,"href":"https:\/\/radioacuariofm.com.ar\/index.php?rest_route=%2Fwp%2Fv2%2Ftags&post=234060"}],"curies":[{"name":"wp","href":"https:\/\/api.w.org\/{rel}","templated":true}]}}