{"id":233986,"date":"2026-04-25T02:21:51","date_gmt":"2026-04-25T05:21:51","guid":{"rendered":"https:\/\/radioacuariofm.com.ar\/?p=233986"},"modified":"2026-04-25T02:21:52","modified_gmt":"2026-04-25T05:21:52","slug":"tiene-estados-unidos-el-poder-para-expulsar-a-espana-de-la-otan","status":"publish","type":"post","link":"https:\/\/radioacuariofm.com.ar\/?p=233986","title":{"rendered":"\u00bfTiene Estados Unidos el poder para expulsar a Espa\u00f1a de la OTAN?"},"content":{"rendered":"<p> <br \/>\n<\/p>\n<div>\n<p class=\"com-paragraph  --capital --s\">NICOSIA, Chipre.\u2013 El presidente del gobierno de Espa\u00f1a, <strong>Pedro S\u00e1nchez<\/strong>, se mostr\u00f3 tranquilo el viernes ante los reportes de que <a href=\"https:\/\/www.lanacion.com.ar\/el-mundo\/aseguran-que-trump-analiza-quitar-el-apoyo-al-reino-unido-en-su-disputa-por-malvinas-nid24042026\/\" target=\"_self\" title=\"https:\/\/www.lanacion.com.ar\/el-mundo\/aseguran-que-trump-analiza-quitar-el-apoyo-al-reino-unido-en-su-disputa-por-malvinas-nid24042026\/\" class=\"com-link break-word\" data-mrf-recirculation=\"n_link_parrafo\"><strong>Estados Unidos sopesa expulsar a Madrid de la OTAN<\/strong><\/a><strong> <\/strong>como sanci\u00f3n por no respaldar sus operaciones en la guerra con Ir\u00e1n.<\/p>\n<p class=\"com-paragraph   --s\"><a href=\"https:\/\/www.reuters.com\/world\/pentagon-email-floats-suspending-spain-nato-other-steps-over-iran-rift-source-2026-04-24\/\" target=\"_blank\" title=\"https:\/\/www.reuters.com\/world\/pentagon-email-floats-suspending-spain-nato-other-steps-over-iran-rift-source-2026-04-24\/\" class=\"com-link break-word\" data-mrf-recirculation=\"n_link_parrafo\" rel=\"nofollow\">Seg\u00fan public\u00f3 Reuters<\/a>, el Pent\u00e1gono estar\u00eda considerando <strong>suspender al pa\u00eds europeo de la Alianza Atl\u00e1ntica <\/strong>\u2013as\u00ed c\u00f3mo retirar el apoyo al <strong>Reino Unido <\/strong>en su disputa con <strong>la Argentina <\/strong>sobre las <a href=\"https:\/\/www.lanacion.com.ar\/el-mundo\/aseguran-que-trump-analiza-quitar-el-apoyo-al-reino-unido-en-su-disputa-por-malvinas-nid24042026\/\" target=\"_self\" title=\"https:\/\/www.lanacion.com.ar\/el-mundo\/aseguran-que-trump-analiza-quitar-el-apoyo-al-reino-unido-en-su-disputa-por-malvinas-nid24042026\/\" class=\"com-link break-word\" data-mrf-recirculation=\"n_link_parrafo\"><strong>Islas Malvinas<\/strong><\/a>\u2013 de acuerdo con un funcionario estadounidense no identificado que se refiri\u00f3 a <a href=\"https:\/\/www.lanacion.com.ar\/el-mundo\/el-informe-del-pentagono-que-filtro-reuters-sobre-como-eeuu-evalua-revisar-su-apoyo-a-reino-unido-en-nid24042026\/\" target=\"_self\" title=\"https:\/\/www.lanacion.com.ar\/el-mundo\/el-informe-del-pentagono-que-filtro-reuters-sobre-como-eeuu-evalua-revisar-su-apoyo-a-reino-unido-en-nid24042026\/\" class=\"com-link break-word\" data-mrf-recirculation=\"n_link_parrafo\"><strong>un correo electr\u00f3nico<\/strong><\/a><strong> del Departamento de Defensa de Estados Unidos<\/strong>.<\/p>\n<div class=\"content-media\">\n<section role=\"button\" class=\"mod-media   \">\n<figure role=\"button\" tabindex=\"0\" class=\"mod-figure \"><figcaption class=\"mod-figcaption\"><span class=\"com-text --caption --twoxs\">El primer ministro de Espa\u00f1a, Pedro S\u00e1nchez, llega a la cumbre de la UE en Nicosia, Chipre, el 24 de abril de 2026<\/span><span class=\"com-text --credit --twoxs\">Petros Karadjias &#8211; AP<\/span><\/figcaption><\/figure>\n<\/section>\n<\/div>\n<p class=\"com-paragraph   --s\">No obstante, el tratado fundacional de la alianza transatl\u00e1ntica <strong>no contempla ning\u00fan mecanismo para suspender o expulsar a ninguno de los 32 pa\u00edses miembros<\/strong>, aunque las naciones pueden retirarse por voluntad propia un a\u00f1o despu\u00e9s de notificarlo a los aliados. <\/p>\n<p class=\"com-paragraph   --s\">El art\u00edculo 13 del documento fundacional de la Alianza Atl\u00e1ntica se\u00f1ala que, \u201cpasados 20 a\u00f1os de vigencia del tratado, <strong>cualquiera de las partes podr\u00e1 dejar de serlo<\/strong>, un a\u00f1o <strong>despu\u00e9s de haber notificado su denuncia ante el Gobierno de Estados Unidos de Am\u00e9rica<\/strong>, el cual informar\u00e1 a los gobiernos de las otras partes del dep\u00f3sito de cada notificaci\u00f3n de denuncia\u201d.<\/p>\n<p class=\"com-paragraph   --s\">En toda la historia de la OTAN, <strong>ning\u00fan miembro ha abandonado voluntariamente<\/strong> la alianza.<\/p>\n<p class=\"com-paragraph   --s\">El presidente de Estados Unidos, <a href=\"https:\/\/www.lanacion.com.ar\/el-mundo\/los-costos-del-desprecio-de-donald-trump-empiezan-a-hacerse-visibles-nid24042026\/\" target=\"_self\" title=\"https:\/\/www.lanacion.com.ar\/el-mundo\/los-costos-del-desprecio-de-donald-trump-empiezan-a-hacerse-visibles-nid24042026\/\" class=\"com-link break-word\" data-mrf-recirculation=\"n_link_parrafo\"><strong>Donald Trump<\/strong><\/a>, se ha enojado por lo que considera el fracaso de algunos miembros de la alianza militar <strong>a la hora de respaldar las acciones estadounidenses en la guerra con Ir\u00e1n <\/strong>y <strong>de ayudar a vigilar el estrecho de Ormuz<\/strong>, una de las principales rutas comerciales del mundo. Adem\u00e1s, <strong>ha cuestionado el prop\u00f3sito de la pertenencia de Washington a la organizaci\u00f3n transatl\u00e1ntica<\/strong>.<\/p>\n<p class=\"com-paragraph   --s\">Una fuente norteamericana dijo a Reuters que las opciones de \u201ccastigo\u201d que maneja Washington, entre ellas la expulsi\u00f3n de Espa\u00f1a, se detallan en una nota en la que se expresa <strong>la frustraci\u00f3n ante la aparente reticencia o negativa de algunos aliados <\/strong>a conceder a Estados Unidos <strong>derechos de acceso, base y sobrevuelo <\/strong>(ABO, por sus siglas en ingl\u00e9s) para la actual guerra en Medio Oriente, que empez\u00f3 el 28 de febrero.<\/p>\n<div class=\"content-media\">\n<section role=\"button\" class=\"mod-media   \">\n<figure role=\"button\" tabindex=\"0\" class=\"mod-figure \"><figcaption class=\"mod-figcaption\"><span class=\"com-text --caption --twoxs\">Trump asiste a una conferencia de prensa conjunta con el primer ministro del Reino Unido, Keir Starmer, cerca de Aylesbury, Inglaterra, el 18 de septiembre de 2025<\/span><span class=\"com-text --credit --twoxs\">Leon Neal &#8211; POOL Getty Images<\/span><\/figcaption><\/figure>\n<\/section>\n<\/div>\n<p class=\"com-paragraph   --s\"><a href=\"https:\/\/www.lanacion.com.ar\/el-mundo\/espana-reabrira-su-embajada-en-teheran-tras-sus-criticas-a-eeuu-e-israel-por-los-ataques-en-el-nid09042026\/\" target=\"_self\" title=\"https:\/\/www.lanacion.com.ar\/el-mundo\/espana-reabrira-su-embajada-en-teheran-tras-sus-criticas-a-eeuu-e-israel-por-los-ataques-en-el-nid09042026\/\" class=\"com-link break-word\" data-mrf-recirculation=\"n_link_parrafo\">Espa\u00f1a<\/a> se ha negado a permitir que fuerzas estadounidenses involucradas en la guerra <strong>utilicen bases en su territorio o su espacio a\u00e9reo<\/strong> y sostiene que las acciones de Washington e Israel en en Medio Oriente <strong>contravienen el derecho internacional<\/strong>.<\/p>\n<p class=\"com-paragraph   --s\">El presidente estadounidense reproch\u00f3 a Madrid <strong>que no permitiera el uso de bases militares situadas en la regi\u00f3n de Andaluc\u00eda<\/strong>, e incluso <strong>amenaz\u00f3 con cesar <\/strong><a href=\"https:\/\/www.lanacion.com.ar\/el-mundo\/la-respuesta-de-sanchez-a-trump-luego-de-que-anunciara-que-cortara-todo-el-comercio-con-espana-nid04032026\/\" target=\"_self\" title=\"https:\/\/www.lanacion.com.ar\/el-mundo\/la-respuesta-de-sanchez-a-trump-luego-de-que-anunciara-que-cortara-todo-el-comercio-con-espana-nid04032026\/\" class=\"com-link break-word\" data-mrf-recirculation=\"n_link_parrafo\"><strong>el comercio bilateral<\/strong><\/a><strong> con el pa\u00eds europeo<\/strong>. Washington cuenta con dos importantes bases militares en Espa\u00f1a: <strong>la Base Naval de Rota y la Base A\u00e9rea de Mor\u00f3n<\/strong>.<\/p>\n<div class=\"content-media\">\n<section role=\"button\" class=\"mod-media   \">\n<figure role=\"button\" tabindex=\"0\" class=\"mod-figure \"><figcaption class=\"mod-figcaption\"><span class=\"com-text --caption --twoxs\">El primer ministro de Espa\u00f1a, Pedro S\u00e1nchez, llega a una reuni\u00f3n informal del Consejo Europeo en Nicosia, Chipre, el 24 de abril de 2026<\/span><span class=\"com-text --credit --twoxs\">NICOLAS TUCAT &#8211; AFP<\/span><\/figcaption><\/figure>\n<\/section>\n<\/div>\n<p class=\"com-paragraph   --s\">Las opciones pol\u00edticas esbozadas en el correo electr\u00f3nico citado por Reuters tendr\u00edan por objeto enviar una se\u00f1al contundente a los aliados de la OTAN <strong>con el objetivo de \u201cdisminuir la sensaci\u00f3n de privilegio entre los europeos\u201d<\/strong>, dijo el funcionario que habl\u00f3 con la agencia.<\/p>\n<p class=\"com-paragraph   --s\">La opci\u00f3n de suspender a Espa\u00f1a de la Alianza \u200ctendr\u00eda un efecto limitado en las operaciones militares estadounidenses, <strong>pero un impacto simb\u00f3lico significativo<\/strong>, argumenta el correo electr\u00f3nico. Sin embargo, <strong>el funcionario no dijo c\u00f3mo Estados Unidos podr\u00eda llevar a cabo la suspensi\u00f3n<\/strong>.<\/p>\n<p class=\"com-paragraph   --s\">Trump critica desde hace meses a Espa\u00f1a <strong>por negarse a aumentar su gasto militar al 5% del PIB<\/strong>, tal y como establece el nuevo objetivo de la OTAN impulsado por Washington.<\/p>\n<div class=\"content-media\">\n<section role=\"button\" class=\"mod-media   \">\n<figure role=\"button\" tabindex=\"0\" class=\"mod-figure \"><figcaption class=\"mod-figcaption\"><span class=\"com-text --caption --twoxs\">Trump habla durante un evento sobre la asequibilidad del sistema de salud en el Sal\u00f3n Oval de la Casa Blanca, Washington, Estados Unidos, el 23 de abril de 2026<\/span><span class=\"com-text --credit --twoxs\">Mark Schiefelbein &#8211; AP<\/span><\/figcaption><\/figure>\n<\/section>\n<\/div>\n<p class=\"com-paragraph   --s\">El gobierno espa\u00f1ol estima que con <strong>el 2% de su PIB <\/strong>que consagra a estos gastos cumple con sus compromisos.<\/p>\n<p class=\"com-paragraph   --s\">Por otro lado, una de las opciones del correo electr\u00f3nico revisado por Reuters <strong>prev\u00e9 suspender a los pa\u00edses \u201cdif\u00edciles\u201d de puestos importantes o prestigiosos <\/strong>en la OTAN.<\/p>\n<p class=\"com-paragraph   --s\"><strong>Francia y Reino Unido tambi\u00e9n se han negado a dar carta blanca a las fuerzas norteamericanas <\/strong>para utilizar su territorio en la campa\u00f1a de bombardeos a Teher\u00e1n.<\/p>\n<p class=\"com-paragraph   --s\">La jefa de la pol\u00edtica exterior de la <strong>Uni\u00f3n Europea <\/strong>(UE), <strong>Kaja Kallas<\/strong>, <strong>se mostr\u00f3 desconcertada por las cr\u00edticas estadounidenses<\/strong>, dado que Reino Unido y Francia encabezan un esfuerzo para ayudar a garantizar el comercio en el estrecho <strong>una vez que termine la guerra<\/strong>.<\/p>\n<p class=\"com-paragraph   --s\">\u201cCuando hemos mantenido contactos con los hom\u00f3logos estadounidenses, <strong>lo que nos han pedido ha sido exactamente lo que podemos ofrecer <\/strong>tras el cese de las hostilidades\u201d, afirm\u00f3 Kallas. \u201cDesminado, escolta de buques, todo eso es lo que hemos estado discutiendo\u201d, agreg\u00f3.<\/p>\n<div class=\"content-media\">\n<section role=\"button\" class=\"mod-media   \">\n<figure role=\"button\" tabindex=\"0\" class=\"mod-figure \"><figcaption class=\"mod-figcaption\"><span class=\"com-text --caption --twoxs\">L\u00edderes internacionales posan para una foto de familia durante una reuni\u00f3n informal del Consejo Europeo en Nicosia, Chipre, el 24 de abril de 2026<\/span><span class=\"com-text --credit --twoxs\">JEWEL SAMAD &#8211; AFP<\/span><\/figcaption><\/figure>\n<\/section>\n<\/div>\n<p class=\"com-paragraph   --s\">No obstante, Estados Unidos tiene <strong>\u201cacuerdos y arreglos de larga data con aliados europeos sobre sobrevuelos y bases\u201d que deber\u00edan respetarse<\/strong>, manifest\u00f3 por su parte el secretario general de la OTAN, <strong>Mark Rutte<\/strong>, en una cr\u00edtica impl\u00edcita a algunos aliados europeos.<\/p>\n<p class=\"com-paragraph   --s\">No todos los miembros de la alianza transatl\u00e1ntica tomaron la postura de Espa\u00f1a. <strong>Aviones de guerra de Estados Unidos han sobrevolado el espacio a\u00e9reo de otros aliados de la OTAN <\/strong>y han utilizado bases estadounidenses en otros pa\u00edses de la alianza para operaciones vinculadas al conflicto.<\/p>\n<p class=\"com-paragraph   --s\"><strong>Agencias AP, AFP y Reuters y diario <\/strong><em><strong>El Pa\u00eds<\/strong><\/em><\/p>\n<section class=\"container-center-100 mb-40 border border-bottom border-thin border-neutral-light-700\">\n<hr\/>\n<\/section>\n<\/div>\n<p><script id=\"facebookpixel\" defer=\"\" type=\"text\/javascript\">\n        !function(f,b,e,v,n,t,s)\n        {if(f.fbq)return;n=f.fbq=function(){n.callMethod?\n        n.callMethod.apply(n,arguments):n.queue.push(arguments)};\n        if(!f._fbq)f._fbq=n;n.push=n;n.loaded=!0;n.version='2.0';\n        n.queue=[];t=b.createElement(e);t.async=!0;\n        t.src=v;s=b.getElementsByTagName(e)[0];\n        s.parentNode.insertBefore(t,s)}(window, document,'script',\n        'https:\/\/connect.facebook.net\/en_US\/fbevents.js');\n        fbq('init', '492459597522335');\n        fbq('track', 'PageView');\n    <\/script><br \/>\n<br \/><\/p>\n","protected":false},"excerpt":{"rendered":"<p>NICOSIA, Chipre.\u2013 El presidente del gobierno de Espa\u00f1a, Pedro S\u00e1nchez, se mostr\u00f3 tranquilo el viernes ante los reportes de que Estados Unidos sopesa expulsar a Madrid de la OTAN como sanci\u00f3n por no respaldar sus operaciones en la guerra con Ir\u00e1n. Seg\u00fan public\u00f3 Reuters, el Pent\u00e1gono estar\u00eda considerando suspender al pa\u00eds europeo de la Alianza [&hellip;]<\/p>\n","protected":false},"author":2,"featured_media":233987,"comment_status":"closed","ping_status":"closed","sticky":false,"template":"","format":"standard","meta":{"footnotes":""},"categories":[1],"tags":[],"class_list":["post-233986","post","type-post","status-publish","format-standard","has-post-thumbnail","hentry","category-uncategorized"],"_links":{"self":[{"href":"https:\/\/radioacuariofm.com.ar\/index.php?rest_route=\/wp\/v2\/posts\/233986","targetHints":{"allow":["GET"]}}],"collection":[{"href":"https:\/\/radioacuariofm.com.ar\/index.php?rest_route=\/wp\/v2\/posts"}],"about":[{"href":"https:\/\/radioacuariofm.com.ar\/index.php?rest_route=\/wp\/v2\/types\/post"}],"author":[{"embeddable":true,"href":"https:\/\/radioacuariofm.com.ar\/index.php?rest_route=\/wp\/v2\/users\/2"}],"replies":[{"embeddable":true,"href":"https:\/\/radioacuariofm.com.ar\/index.php?rest_route=%2Fwp%2Fv2%2Fcomments&post=233986"}],"version-history":[{"count":1,"href":"https:\/\/radioacuariofm.com.ar\/index.php?rest_route=\/wp\/v2\/posts\/233986\/revisions"}],"predecessor-version":[{"id":233988,"href":"https:\/\/radioacuariofm.com.ar\/index.php?rest_route=\/wp\/v2\/posts\/233986\/revisions\/233988"}],"wp:featuredmedia":[{"embeddable":true,"href":"https:\/\/radioacuariofm.com.ar\/index.php?rest_route=\/wp\/v2\/media\/233987"}],"wp:attachment":[{"href":"https:\/\/radioacuariofm.com.ar\/index.php?rest_route=%2Fwp%2Fv2%2Fmedia&parent=233986"}],"wp:term":[{"taxonomy":"category","embeddable":true,"href":"https:\/\/radioacuariofm.com.ar\/index.php?rest_route=%2Fwp%2Fv2%2Fcategories&post=233986"},{"taxonomy":"post_tag","embeddable":true,"href":"https:\/\/radioacuariofm.com.ar\/index.php?rest_route=%2Fwp%2Fv2%2Ftags&post=233986"}],"curies":[{"name":"wp","href":"https:\/\/api.w.org\/{rel}","templated":true}]}}