{"id":233983,"date":"2026-04-25T01:20:43","date_gmt":"2026-04-25T04:20:43","guid":{"rendered":"https:\/\/radioacuariofm.com.ar\/?p=233983"},"modified":"2026-04-25T01:20:44","modified_gmt":"2026-04-25T04:20:44","slug":"los-costos-del-desprecio-de-donald-trump-empiezan-a-hacerse-visibles","status":"publish","type":"post","link":"https:\/\/radioacuariofm.com.ar\/?p=233983","title":{"rendered":"Los costos del desprecio de Donald Trump empiezan a hacerse visibles"},"content":{"rendered":"<p> <br \/>\n<\/p>\n<div>\n<p class=\"com-paragraph  --capital --s\">WASHINGTON.- Estuve recientemente en Shenzhen, el coraz\u00f3n de la maquinaria industrial china, conversando con uno de los empresarios m\u00e1s emblem\u00e1ticos del pa\u00eds. Le pregunt\u00e9 por la guerra en Ir\u00e1n y su respuesta me sorprendi\u00f3. <strong>\u201cPara nosotros, el ataque de Donald Trump contra Ir\u00e1n es menos relevante que su amenaza de atacar Groenlandia\u201d<\/strong>, me dijo. <strong>\u201cCuando hizo eso, contra los aliados m\u00e1s antiguos de Estados Unidos, supe que Europa no seguir\u00eda el enfoque estadounidense hacia China\u201d<\/strong>.<\/p>\n<p class=\"com-paragraph   --s\">En Estados Unidos, los insultos peri\u00f3dicos de Trump hacia Europa suelen tratarse como <a href=\"https:\/\/www.lanacion.com.ar\/el-mundo\/aseguran-que-trump-analiza-quitar-el-apoyo-al-reino-unido-en-su-disputa-por-malvinas-nid24042026\/\" target=\"_self\" title=\"https:\/\/www.lanacion.com.ar\/el-mundo\/aseguran-que-trump-analiza-quitar-el-apoyo-al-reino-unido-en-su-disputa-por-malvinas-nid24042026\/\" class=\"com-link break-word\" data-mrf-recirculation=\"n_link_parrafo\"><strong>berrinches habituales<\/strong><\/a>, parte del reality show en que se ha convertido la Casa Blanca. Pero en Europa, la acumulaci\u00f3n de agravios ha llegado a un punto de inflexi\u00f3n. <strong>\u201cLa guerra en Ir\u00e1n\u2026 ha obligado a Europa a sacar car\u00e1cter\u201d<\/strong>, escribi\u00f3 recientemente Daniel DePetris en la edici\u00f3n brit\u00e1nica de <em>The Spectator<\/em>, una revista conservadora y, por lo general, firmemente proestadounidense. <strong>\u201cLos l\u00edderes europeos ya no est\u00e1n interesados en arrodillarse y suplicar para mantenerse del lado de Trump\u201d<\/strong>.<\/p>\n<p class=\"com-paragraph   --s\">Europa est\u00e1 pasando de las palabras a los hechos. El plan <strong>ReArm Europe\/Readiness 2030<\/strong> de la Uni\u00f3n Europea prev\u00e9 <strong>invertir unos 800.000 millones de euros<\/strong> (alrededor de 935.000 millones de d\u00f3lares) en defensa en los pr\u00f3ximos a\u00f1os. El viejo modelo era que Estados Unidos se ocupaba de la seguridad europea y los europeos gastaban generosamente en armamento estadounidense. Ahora, <strong>Europa quiere que m\u00e1s de ese dinero permanezca en casa<\/strong>, para fortalecer sus propias empresas y cadenas de suministro y as\u00ed ganar autonom\u00eda estrat\u00e9gica frente a Washington.<\/p>\n<div class=\"content-media\">\n<section role=\"button\" class=\"mod-media   \">\n<figure role=\"button\" tabindex=\"0\" class=\"mod-figure \"><figcaption class=\"mod-figcaption\"><span class=\"com-text --caption --twoxs\">El presidente de Francia, Emmanuel Macron, llega a una reuni\u00f3n informal del Consejo Europeo en Nicosia<\/span><span class=\"com-text --credit --twoxs\">YVES HERMAN &#8211; POOL<\/span><\/figcaption><\/figure>\n<\/section>\n<\/div>\n<p class=\"com-paragraph   --s\">La misma l\u00f3gica se extiende m\u00e1s all\u00e1 de la defensa. La Iniciativa Europea de Pagos est\u00e1 desarrollando <strong>una alternativa continental a Visa y Mastercard<\/strong>. Instituciones europeas buscan <strong>opciones frente a Swift, PayPal y otras plataformas financieras dominadas por Estados Unidos<\/strong>. Francia traslad\u00f3 reservas de oro desde Nueva York a Par\u00eds; pol\u00edticos en Alemania e Italia han debatido hacer lo mismo. Los gobiernos europeos tambi\u00e9n exploran <strong>alternativas al software estadounidense<\/strong>, ante el temor de que empresas de ese pa\u00eds puedan verse obligadas alg\u00fan d\u00eda a cortar servicios cr\u00edticos. Todo esto puede parecer gestual, pero Europa es la segunda econom\u00eda del mundo y posee la segunda moneda de reserva m\u00e1s utilizada. Sus decisiones importan.<\/p>\n<p class=\"com-paragraph   --s\">Quiz\u00e1s <strong>el cambio m\u00e1s revelador se da en la derecha europea<\/strong>. El antiamericanismo sol\u00eda ser una doctrina de la izquierda \u2014intelectuales parisinos, movimientos estudiantiles, partidos pacifistas\u2014. La derecha era instintivamente atl\u00e1ntica. Y el populismo europeo ve\u00eda en Trump a una especie de figura tutelar. <strong>Pero Groenlandia, Ir\u00e1n y el desprecio general de Trump hacia Europa lo han vuelto pol\u00edticamente t\u00f3xico en todo el espectro<\/strong>. <em>The Washington Post<\/em> inform\u00f3 que figuras como Nigel Farage en el Reino Unido, Marine Le Pen en Francia, <a href=\"https:\/\/www.lanacion.com.ar\/el-mundo\/la-guerra-le-pasa-factura-a-italia-y-se-convierte-en-una-pesadilla-para-meloni-en-el-peor-momento-nid21032026\/\" target=\"_self\" title=\"https:\/\/www.lanacion.com.ar\/el-mundo\/la-guerra-le-pasa-factura-a-italia-y-se-convierte-en-una-pesadilla-para-meloni-en-el-peor-momento-nid21032026\/\" class=\"com-link break-word\" data-mrf-recirculation=\"n_link_parrafo\">Giorgia Meloni en Italia<\/a> y muchos dentro de AfD en Alemania han comenzado a distanciarse de Trump y de la pol\u00edtica estadounidense. Incluso en Hungr\u00eda, los discursos del vicepresidente <strong>JD Vance<\/strong> en apoyo al entonces primer ministro Viktor Orb\u00e1n <a href=\"https:\/\/www.lanacion.com.ar\/el-mundo\/derrota-historica-de-viktor-orban-que-cambia-en-europa-y-y-las-senales-de-alarma-para-la-nid12042026\/\" target=\"_self\" title=\"https:\/\/www.lanacion.com.ar\/el-mundo\/derrota-historica-de-viktor-orban-que-cambia-en-europa-y-y-las-senales-de-alarma-para-la-nid12042026\/\" class=\"com-link break-word\" data-mrf-recirculation=\"n_link_parrafo\">podr\u00edan haber perjudicado sus perspectivas electorales<\/a>.<\/p>\n<p class=\"com-paragraph   --s\">El fen\u00f3meno va m\u00e1s all\u00e1 de Europa. En Canad\u00e1, el primer ministro <strong>Mark Carney<\/strong> ha planteado expl\u00edcitamente reducir la dependencia del mercado estadounidense. Ya firm\u00f3 m\u00e1s de <strong>20 acuerdos econ\u00f3micos y de seguridad, incluidos pactos con China<\/strong>, para diversificar sus exportaciones. Los canadienses, por su parte, compran menos productos estadounidenses y viajan menos a ese pa\u00eds.<\/p>\n<div class=\"content-media\">\n<section role=\"button\" class=\"mod-media   \">\n<figure role=\"button\" tabindex=\"0\" class=\"mod-figure \"><figcaption class=\"mod-figcaption\"><span class=\"com-text --caption --twoxs\">El primer ministro de Canad\u00e1, Mark Carney, en el Parlamento en Ottawa<\/span><span class=\"com-text --credit --twoxs\">Sean Kilpatrick &#8211; The Canadian Press<\/span><\/figcaption><\/figure>\n<\/section>\n<\/div>\n<p class=\"com-paragraph   --s\">Europa y Canad\u00e1 no est\u00e1n por abrazar a China. Tienen tensiones importantes con Pek\u00edn por Ucrania, subsidios, veh\u00edculos el\u00e9ctricos, minerales cr\u00edticos y acceso a mercados. <strong>Pero cooperar\u00e1n cuando les convenga<\/strong>. Buscar\u00e1n equilibrio. Tratar\u00e1n con Washington cuando sea necesario, con Pek\u00edn cuando resulte \u00fatil y con otros actores siempre que puedan. Un ensayo reciente en <em>Foreign Affairs<\/em> del acad\u00e9mico chino Da Wei sostiene que el nuevo dato geopol\u00edtico central es la profunda brecha entre Europa y Estados Unidos, lista para ser explotada.<\/p>\n<p class=\"com-paragraph   --s\"><strong>En Asia, los aliados de Washington han sido los m\u00e1s golpeados<\/strong>. M\u00e1s del 80% del petr\u00f3leo y gas que transitaba por el estrecho de Ormuz se dirig\u00eda a ese continente. Ahora, muchos pa\u00edses enfrentan su peor crisis energ\u00e9tica en medio siglo, quiz\u00e1s en su historia. Como resultado, <strong>aliados como Jap\u00f3n y Corea del Sur han tenido que acudir a adversarios como Rusia e Ir\u00e1n<\/strong> para garantizar suministro energ\u00e9tico. Y, como agravante, han recibido cr\u00edticas de Trump por no haberse sumado con entusiasmo a la guerra en Ir\u00e1n, pese a no haber sido consultados previamente. Varios ya negocian con China en materia de seguridad energ\u00e9tica y tecnolog\u00eda verde.<\/p>\n<p class=\"com-paragraph   --s\">Una de las preguntas recurrentes sobre la pol\u00edtica exterior de Trump es <strong>cu\u00e1n permanentes ser\u00e1n sus efectos<\/strong>. <strong>\u00bfPuede Estados Unidos recuperar la confianza de sus aliados?<\/strong> Lo que se observa es que muchos pa\u00edses ya est\u00e1n adoptando cambios estructurales de largo plazo. Comprendieron que hab\u00edan depositado su seguridad y bienestar en Washington, y que esa dependencia pod\u00eda volverse en su contra. Por eso buscan \u201cseguros\u201d para protegerse de una potencia que perciben como imprevisible. Y, en ese contexto, es dif\u00edcil reproch\u00e1rselos.<\/p>\n<section class=\"container-center-100 mb-40 border border-bottom border-thin border-neutral-light-700\">\n<hr\/>\n<\/section>\n<\/div>\n<p><script id=\"facebookpixel\" defer=\"\" type=\"text\/javascript\">\n        !function(f,b,e,v,n,t,s)\n        {if(f.fbq)return;n=f.fbq=function(){n.callMethod?\n        n.callMethod.apply(n,arguments):n.queue.push(arguments)};\n        if(!f._fbq)f._fbq=n;n.push=n;n.loaded=!0;n.version='2.0';\n        n.queue=[];t=b.createElement(e);t.async=!0;\n        t.src=v;s=b.getElementsByTagName(e)[0];\n        s.parentNode.insertBefore(t,s)}(window, document,'script',\n        'https:\/\/connect.facebook.net\/en_US\/fbevents.js');\n        fbq('init', '492459597522335');\n        fbq('track', 'PageView');\n    <\/script><br \/>\n<br \/><\/p>\n","protected":false},"excerpt":{"rendered":"<p>WASHINGTON.- Estuve recientemente en Shenzhen, el coraz\u00f3n de la maquinaria industrial china, conversando con uno de los empresarios m\u00e1s emblem\u00e1ticos del pa\u00eds. Le pregunt\u00e9 por la guerra en Ir\u00e1n y su respuesta me sorprendi\u00f3. \u201cPara nosotros, el ataque de Donald Trump contra Ir\u00e1n es menos relevante que su amenaza de atacar Groenlandia\u201d, me dijo. \u201cCuando [&hellip;]<\/p>\n","protected":false},"author":2,"featured_media":233984,"comment_status":"closed","ping_status":"closed","sticky":false,"template":"","format":"standard","meta":{"footnotes":""},"categories":[1],"tags":[],"class_list":["post-233983","post","type-post","status-publish","format-standard","has-post-thumbnail","hentry","category-uncategorized"],"_links":{"self":[{"href":"https:\/\/radioacuariofm.com.ar\/index.php?rest_route=\/wp\/v2\/posts\/233983","targetHints":{"allow":["GET"]}}],"collection":[{"href":"https:\/\/radioacuariofm.com.ar\/index.php?rest_route=\/wp\/v2\/posts"}],"about":[{"href":"https:\/\/radioacuariofm.com.ar\/index.php?rest_route=\/wp\/v2\/types\/post"}],"author":[{"embeddable":true,"href":"https:\/\/radioacuariofm.com.ar\/index.php?rest_route=\/wp\/v2\/users\/2"}],"replies":[{"embeddable":true,"href":"https:\/\/radioacuariofm.com.ar\/index.php?rest_route=%2Fwp%2Fv2%2Fcomments&post=233983"}],"version-history":[{"count":1,"href":"https:\/\/radioacuariofm.com.ar\/index.php?rest_route=\/wp\/v2\/posts\/233983\/revisions"}],"predecessor-version":[{"id":233985,"href":"https:\/\/radioacuariofm.com.ar\/index.php?rest_route=\/wp\/v2\/posts\/233983\/revisions\/233985"}],"wp:featuredmedia":[{"embeddable":true,"href":"https:\/\/radioacuariofm.com.ar\/index.php?rest_route=\/wp\/v2\/media\/233984"}],"wp:attachment":[{"href":"https:\/\/radioacuariofm.com.ar\/index.php?rest_route=%2Fwp%2Fv2%2Fmedia&parent=233983"}],"wp:term":[{"taxonomy":"category","embeddable":true,"href":"https:\/\/radioacuariofm.com.ar\/index.php?rest_route=%2Fwp%2Fv2%2Fcategories&post=233983"},{"taxonomy":"post_tag","embeddable":true,"href":"https:\/\/radioacuariofm.com.ar\/index.php?rest_route=%2Fwp%2Fv2%2Ftags&post=233983"}],"curies":[{"name":"wp","href":"https:\/\/api.w.org\/{rel}","templated":true}]}}