{"id":233723,"date":"2026-04-23T10:34:02","date_gmt":"2026-04-23T13:34:02","guid":{"rendered":"https:\/\/radioacuariofm.com.ar\/?p=233723"},"modified":"2026-04-23T10:34:04","modified_gmt":"2026-04-23T13:34:04","slug":"chocaron-un-avion-de-aerolineas-argentinas-y-uno-de-latam-en-la-pista-del-aeropuerto-de-santiago","status":"publish","type":"post","link":"https:\/\/radioacuariofm.com.ar\/?p=233723","title":{"rendered":"Chocaron un avi\u00f3n de Aerol\u00edneas Argentinas y uno de Latam en la pista del aeropuerto de Santiago"},"content":{"rendered":"<p> <br \/>\n<\/p>\n<div>\n<p class=\"com-paragraph  --capital --s\">SANTIAGO, Chile.- <strong>Dos aviones, entre ellos uno de Aerol\u00edneas Argentinas, chocaron este mi\u00e9rcoles en plena pista del aeropuerto internacional de Santiago<\/strong>, un incidente que alter\u00f3 durante algunas horas el normal funcionamiento de la principal terminal a\u00e9reo de Chile.<\/p>\n<p class=\"com-paragraph   --s\">Seg\u00fan informaci\u00f3n preliminar, <strong>el hecho ocurri\u00f3 durante maniobras en tierra<\/strong>, cuando una aeronave que se preparaba para despegar en el aeropuerto Arturo Merino Ben\u00edtez con destino a Brasil colision\u00f3 con las alas de otro avi\u00f3n que se encontraba en la pista.<\/p>\n<p class=\"com-paragraph   --s\">La Direcci\u00f3n General de Aeron\u00e1utica Civil (DGAC) precis\u00f3 que el incidente involucr\u00f3 a <strong>un Boeing 737 de Aerol\u00edneas Argentinas y a un Airbus A321 de Latam Airlines<\/strong>, y confirm\u00f3 que no se registraron personas lesionadas.<\/p>\n<p class=\"com-paragraph   --s\">\u201cLos pasajeros fueron desembarcados y ser\u00e1n reagendados\u201d, indicaron, luego de que los vuelos fueran cancelados.<\/p>\n<p class=\"com-paragraph   --s\"><strong>\u201cLa DGAC realizar\u00e1 la investigaci\u00f3n respectiva\u201d<\/strong>, agreg\u00f3 el organismo.<\/p>\n<p class=\"com-paragraph   --s\">Tras el incidente, <strong>Aerol\u00edneas Argentinas inform\u00f3 que el avi\u00f3n qued\u00f3 fuera de servicio<\/strong> y que los pasajeros fueron reubicados en otro vuelo.<\/p>\n<p class=\"com-paragraph   --s\">\u201cEn relaci\u00f3n al vuelo AR1267 que cubr\u00eda la ruta Santiago de Chile-Aeroparque J. Newbery, la aeronave Boeing 737, posterior al movimiento de espera para su despegue, recibi\u00f3 un golpe por detr\u00e1s por parte de otro avi\u00f3n, produciendole un da\u00f1o en la barra estabilizadora, quedando equipo fuera de servicio\u201d, se\u00f1al\u00f3. <\/p>\n<p class=\"com-paragraph   --s\">\u201cLa mayor\u00eda de los pasajeros fueron reubicados anoche en el vuelo de Sky 5008 con salida a Aeroparque a las 00.40 Hs, mientras que el resto de los pasajeros fueron reubicados en el vuelo AR1281 que partir\u00e1 de Chile hoy por la ma\u00f1ana. Cabe aclarar que en ning\u00fan momento estuvo en juego la seguridad de los pasajeros y tripulaci\u00f3n, y que se est\u00e1n comenzando los tramites de reclamo correspondientes al incidente por el da\u00f1o producido\u201d, agreg\u00f3 Aerol\u00edneas Argentinas.<\/p>\n<p class=\"com-paragraph   --s\">De acuerdo con un testimonio recogido por Radio ADN, uno de los pasajeros del vuelo de Latam relat\u00f3 que la aeronave se encontraba en pleno carreteo previo al despegue cuando se sinti\u00f3<strong> \u201cun golpe muy fuerte\u201d<\/strong> en la parte trasera.<\/p>\n<p class=\"com-paragraph   --s\">El mismo testigo se\u00f1al\u00f3 que, minutos antes del impacto, algunos ocupantes ya hab\u00edan advertido la cercan\u00eda inusual con otra aeronave.<\/p>\n<p class=\"com-paragraph   --s\">Tras la colisi\u00f3n, el piloto inform\u00f3 de inmediato la suspensi\u00f3n del despegue. Al tratarse de una maniobra a baja velocidad, el episodio fue catalogado como menor y no dej\u00f3 heridos, aunque gener\u00f3 momentos de tensi\u00f3n entre los pasajeros.<\/p>\n<div class=\"content-media\">\n<section role=\"button\" class=\"mod-media   \">\n<figure role=\"button\" tabindex=\"0\" class=\"mod-figure \"><figcaption class=\"mod-figcaption\"><span class=\"com-text --caption --twoxs\">El logotipo de Latam cubre la pared en el \u00e1rea de facturaci\u00f3n de la aerol\u00ednea en el aeropuerto Arturo Merino Ben\u00edtez de Santiago de Chile, el mi\u00e9rcoles 12 de noviembre de 2025<\/span><span class=\"com-text --credit --twoxs\">Esteban Felix &#8211; AP<\/span><\/figcaption><\/figure>\n<\/section>\n<\/div>\n<p class=\"com-paragraph   --s\">El pasajero entrevistado por Radio ADN advirti\u00f3 adem\u00e1s sobre el riesgo potencial de la situaci\u00f3n: \u201c<strong>Pudo haber sido m\u00e1s grave<\/strong>, porque si esto ocurr\u00eda cuando el avi\u00f3n tomaba mayor velocidad, podr\u00eda haber sido mucho peor\u201d.<\/p>\n<p class=\"com-paragraph   --s\">Seg\u00fan consign\u00f3 ADN, los pasajeros, en su mayor\u00eda de nacionalidad brasile\u00f1a, expresaron su sorpresa y cuestionaron c\u00f3mo dos aviones modernos pudieron chocar de esa manera en la pista.<\/p>\n<p class=\"com-paragraph   --s\">El vuelo de Latam, que ten\u00eda como destino San Pablo, fue finalmente reprogramado para cerca de las 00.30 de este jueves.<\/p>\n<p class=\"com-paragraph   --s\"><strong>Diario El Mercurio\/GDA y agencia AFP<\/strong><\/p>\n<section class=\"container-center-100 mb-40 border border-bottom border-thin border-neutral-light-700\">\n<hr\/>\n<\/section>\n<\/div>\n<p><script id=\"facebookpixel\" defer=\"\" type=\"text\/javascript\">\n        !function(f,b,e,v,n,t,s)\n        {if(f.fbq)return;n=f.fbq=function(){n.callMethod?\n        n.callMethod.apply(n,arguments):n.queue.push(arguments)};\n        if(!f._fbq)f._fbq=n;n.push=n;n.loaded=!0;n.version='2.0';\n        n.queue=[];t=b.createElement(e);t.async=!0;\n        t.src=v;s=b.getElementsByTagName(e)[0];\n        s.parentNode.insertBefore(t,s)}(window, document,'script',\n        'https:\/\/connect.facebook.net\/en_US\/fbevents.js');\n        fbq('init', '492459597522335');\n        fbq('track', 'PageView');\n    <\/script><br \/>\n<br \/><\/p>\n","protected":false},"excerpt":{"rendered":"<p>SANTIAGO, Chile.- Dos aviones, entre ellos uno de Aerol\u00edneas Argentinas, chocaron este mi\u00e9rcoles en plena pista del aeropuerto internacional de Santiago, un incidente que alter\u00f3 durante algunas horas el normal funcionamiento de la principal terminal a\u00e9reo de Chile. Seg\u00fan informaci\u00f3n preliminar, el hecho ocurri\u00f3 durante maniobras en tierra, cuando una aeronave que se preparaba para [&hellip;]<\/p>\n","protected":false},"author":2,"featured_media":233724,"comment_status":"closed","ping_status":"closed","sticky":false,"template":"","format":"standard","meta":{"footnotes":""},"categories":[1],"tags":[],"class_list":["post-233723","post","type-post","status-publish","format-standard","has-post-thumbnail","hentry","category-uncategorized"],"_links":{"self":[{"href":"https:\/\/radioacuariofm.com.ar\/index.php?rest_route=\/wp\/v2\/posts\/233723","targetHints":{"allow":["GET"]}}],"collection":[{"href":"https:\/\/radioacuariofm.com.ar\/index.php?rest_route=\/wp\/v2\/posts"}],"about":[{"href":"https:\/\/radioacuariofm.com.ar\/index.php?rest_route=\/wp\/v2\/types\/post"}],"author":[{"embeddable":true,"href":"https:\/\/radioacuariofm.com.ar\/index.php?rest_route=\/wp\/v2\/users\/2"}],"replies":[{"embeddable":true,"href":"https:\/\/radioacuariofm.com.ar\/index.php?rest_route=%2Fwp%2Fv2%2Fcomments&post=233723"}],"version-history":[{"count":1,"href":"https:\/\/radioacuariofm.com.ar\/index.php?rest_route=\/wp\/v2\/posts\/233723\/revisions"}],"predecessor-version":[{"id":233725,"href":"https:\/\/radioacuariofm.com.ar\/index.php?rest_route=\/wp\/v2\/posts\/233723\/revisions\/233725"}],"wp:featuredmedia":[{"embeddable":true,"href":"https:\/\/radioacuariofm.com.ar\/index.php?rest_route=\/wp\/v2\/media\/233724"}],"wp:attachment":[{"href":"https:\/\/radioacuariofm.com.ar\/index.php?rest_route=%2Fwp%2Fv2%2Fmedia&parent=233723"}],"wp:term":[{"taxonomy":"category","embeddable":true,"href":"https:\/\/radioacuariofm.com.ar\/index.php?rest_route=%2Fwp%2Fv2%2Fcategories&post=233723"},{"taxonomy":"post_tag","embeddable":true,"href":"https:\/\/radioacuariofm.com.ar\/index.php?rest_route=%2Fwp%2Fv2%2Ftags&post=233723"}],"curies":[{"name":"wp","href":"https:\/\/api.w.org\/{rel}","templated":true}]}}