{"id":229502,"date":"2026-03-17T17:25:53","date_gmt":"2026-03-17T20:25:53","guid":{"rendered":"https:\/\/radioacuariofm.com.ar\/?p=229502"},"modified":"2026-03-17T17:25:55","modified_gmt":"2026-03-17T20:25:55","slug":"festibach-otono-reunira-conciertos-y-masterclasses-en-el-tb","status":"publish","type":"post","link":"https:\/\/radioacuariofm.com.ar\/?p=229502","title":{"rendered":"FestiBACH Oto\u00f1o reunir\u00e1 conciertos y masterclasses en el TB"},"content":{"rendered":"<p><\/p>\n<div>\n<p>El Teatro del Bicentenario, dependiente del Ministerio de Turismo, Cultura y Deporte, recibir\u00e1 al <strong>FestiBach<\/strong> esta destacada propuesta que reunir\u00e1 a int\u00e9rpretes nacionales e internacionales en una programaci\u00f3n de alto valor art\u00edstico y musical. Entre los invitados <strong>se destacan la soprano alemana Sibylla Rubens y el clavecinista Nikolai Ott<\/strong>, quienes participar\u00e1n del concierto principal junto a docentes de la Orquesta Escuela, bajo la direcci\u00f3n y comentarios de Guillermo L\u00f3pez.  <\/p>\n<p>El repertorio propone un recorrido por algunas de las p\u00e1ginas m\u00e1s profundas y conmovedoras de la producci\u00f3n de Johann Sebastian Bach. El programa incluye dos de sus cantatas para soprano solista, en las que la intensidad expresiva y la espiritualidad barroca se despliegan en un di\u00e1logo \u00edntimo entre voz e instrumentos. A estas obras se suman arias de la monumental Misa en si menor y el c\u00e9lebre \u201cErbarme dich\u201d de la Pasi\u00f3n seg\u00fan San Mateo, una de las piezas m\u00e1s emotivas del repertorio sacro. El concierto se completa con un preludio en re menor y una obra del compositor barroco Georg B\u00f6hm para clave, aportando contraste, virtuosismo y profundidad al programa.<\/p>\n<p>Participar\u00e1n del concierto la soprano Sibylla Rubens, el clavecinista Nikolai Ott, la flautista Tamara Carrera y un ensamble de cuerdas integrado por Pablo Grosman, Catalina Benegas, Ger\u00f3nimo Luna, Karina Barrionuevo, Julieta Romera, Renata Ferrer, Bautista Luna, Germ\u00e1n Y\u00e1nez y Daniel Fern\u00e1ndez. La direcci\u00f3n musical y los comentarios estar\u00e1n a cargo de Guillermo L\u00f3pez.<\/p>\n<p>Adem\u00e1s de los conciertos, FestiBACH incluir\u00e1 instancias de formaci\u00f3n abiertas a la comunidad art\u00edstica local. Los m\u00fasicos invitados provenientes de Alemania ofrecer\u00e1n tres jornadas de masterclasses en el Teatro del Bicentenario, destinadas a cantantes de todos los registros y a m\u00fasicos interesados en la pr\u00e1ctica del bajo cifrado y la ejecuci\u00f3n del bajo continuo en el repertorio barroco. Estas actividades buscan generar espacios de intercambio, aprendizaje y crecimiento musical de alto nivel, y otorgar\u00e1n certificados a quienes participen.<\/p>\n<p>El cronograma del festival comenzar\u00e1 el viernes 20 de marzo con un concierto de m\u00fasica de c\u00e1mara en la Iglesia Metodista.<\/p>\n<p>El s\u00e1bado 21 de marzo se realizar\u00e1 el concierto de cantatas y arias para soprano solista en la Sala Audit\u00f3rium del Teatro del Bicentenario a las 21.<\/p>\n<p><strong>Las masterclasses tendr\u00e1n lugar el domingo 22, lunes 23 y martes 24 de marzo en el mismo teatro<\/strong>.<\/p>\n<p>Finalmente, el festival culminar\u00e1 el martes 24 de marzo con un concierto de cierre en la Iglesia Metodista a las 21.<\/p>\n<p>El concierto FestiBACH que se realizar\u00e1 el s\u00e1bado 21 de marzo a las 21 en la Sala Audit\u00f3rium del Teatro del Bicentenario tendr\u00e1 una entrada general de $10.000. Los tickets pueden adquirirse en la boleter\u00eda del teatro de lunes a viernes de 9:30 a 14 y los s\u00e1bados de 9:30 a 14, con descuentos exclusivos disponibles \u00fanicamente en boleter\u00eda, o a trav\u00e9s de la plataforma TuEntrada.<\/p>\n<p>Entre los beneficios disponibles se encuentran Ticket Ya, con un 20% de descuento en todas las funciones hasta 72 horas antes del evento; Ticket Joven, con 50% de descuento para personas de 13 a 24 a\u00f1os presentando DNI; y Ticket Jubilados, con 20% de descuento para jubilados que presenten DNI y recibo de haberes o carnet de PAMI.<\/p>\n<p>Para m\u00e1s informaci\u00f3n e inscripciones a las masterclasses, los interesados pueden comunicarse con Guillermo L\u00f3pez a trav\u00e9s de WhatsApp al +49 163 5066 904 o por correo electr\u00f3nico a <span id=\"cloakf93127ad8f4b98752ba6a907bb5d5320\">Esta direcci\u00f3n de correo electr\u00f3nico est\u00e1 siendo protegida contra los robots de spam. Necesita tener JavaScript habilitado para poder verlo.<\/span><\/p>\n<\/p><\/div>\n<p><script async defer crossorigin=\"anonymous\" src=\"https:\/\/connect.facebook.net\/es_ES\/sdk.js#xfbml=1&#038;version=v3.3\"><\/script><\/p>\n","protected":false},"excerpt":{"rendered":"<p>El Teatro del Bicentenario, dependiente del Ministerio de Turismo, Cultura y Deporte, recibir\u00e1 al FestiBach esta destacada propuesta que reunir\u00e1 a int\u00e9rpretes nacionales e internacionales en una programaci\u00f3n de alto valor art\u00edstico y musical. Entre los invitados se destacan la soprano alemana Sibylla Rubens y el clavecinista Nikolai Ott, quienes participar\u00e1n del concierto principal junto [&hellip;]<\/p>\n","protected":false},"author":2,"featured_media":229503,"comment_status":"closed","ping_status":"closed","sticky":false,"template":"","format":"standard","meta":{"footnotes":""},"categories":[27],"tags":[],"class_list":["post-229502","post","type-post","status-publish","format-standard","has-post-thumbnail","hentry","category-san-juan"],"_links":{"self":[{"href":"https:\/\/radioacuariofm.com.ar\/index.php?rest_route=\/wp\/v2\/posts\/229502","targetHints":{"allow":["GET"]}}],"collection":[{"href":"https:\/\/radioacuariofm.com.ar\/index.php?rest_route=\/wp\/v2\/posts"}],"about":[{"href":"https:\/\/radioacuariofm.com.ar\/index.php?rest_route=\/wp\/v2\/types\/post"}],"author":[{"embeddable":true,"href":"https:\/\/radioacuariofm.com.ar\/index.php?rest_route=\/wp\/v2\/users\/2"}],"replies":[{"embeddable":true,"href":"https:\/\/radioacuariofm.com.ar\/index.php?rest_route=%2Fwp%2Fv2%2Fcomments&post=229502"}],"version-history":[{"count":1,"href":"https:\/\/radioacuariofm.com.ar\/index.php?rest_route=\/wp\/v2\/posts\/229502\/revisions"}],"predecessor-version":[{"id":229504,"href":"https:\/\/radioacuariofm.com.ar\/index.php?rest_route=\/wp\/v2\/posts\/229502\/revisions\/229504"}],"wp:featuredmedia":[{"embeddable":true,"href":"https:\/\/radioacuariofm.com.ar\/index.php?rest_route=\/wp\/v2\/media\/229503"}],"wp:attachment":[{"href":"https:\/\/radioacuariofm.com.ar\/index.php?rest_route=%2Fwp%2Fv2%2Fmedia&parent=229502"}],"wp:term":[{"taxonomy":"category","embeddable":true,"href":"https:\/\/radioacuariofm.com.ar\/index.php?rest_route=%2Fwp%2Fv2%2Fcategories&post=229502"},{"taxonomy":"post_tag","embeddable":true,"href":"https:\/\/radioacuariofm.com.ar\/index.php?rest_route=%2Fwp%2Fv2%2Ftags&post=229502"}],"curies":[{"name":"wp","href":"https:\/\/api.w.org\/{rel}","templated":true}]}}