{"id":229499,"date":"2026-03-17T16:43:15","date_gmt":"2026-03-17T19:43:15","guid":{"rendered":"https:\/\/radioacuariofm.com.ar\/?p=229499"},"modified":"2026-03-17T16:43:16","modified_gmt":"2026-03-17T19:43:16","slug":"trump-arremete-contra-la-otan-por-no-enviar-barcos-a-ormuz-y-ahora-dice-que-no-necesita-ayuda","status":"publish","type":"post","link":"https:\/\/radioacuariofm.com.ar\/?p=229499","title":{"rendered":"Trump arremete contra la OTAN por no enviar barcos a Ormuz y ahora dice que no necesita ayuda"},"content":{"rendered":"<p> <br \/>\n<\/p>\n<div>\n<p class=\"com-paragraph  --capital --s\">WASHINGTON.\u2013<strong> <\/strong>El presidente norteamericano,<a href=\"https:\/\/www.lanacion.com.ar\/estados-unidos\/trump-choca-con-la-resistencia-de-aliados-para-forzar-su-ayuda-en-el-estrecho-de-ormuz-nid16032026\/\" target=\"_self\" title=\"https:\/\/www.lanacion.com.ar\/estados-unidos\/trump-choca-con-la-resistencia-de-aliados-para-forzar-su-ayuda-en-el-estrecho-de-ormuz-nid16032026\/\" class=\"com-link break-word\" data-mrf-recirculation=\"n_link_parrafo\"> <strong>Donald Trump<\/strong><\/a>, dijo el martes que Estados Unidos hab\u00eda sido informado por la mayor\u00eda de sus aliados de la <strong>OTAN <\/strong>que <strong>no quer\u00edan involucrarse en la operaci\u00f3n militar de Washington en Ir\u00e1n<\/strong>, una decisi\u00f3n que describi\u00f3 como <strong>un \u201cerror muy tonto\u201d<\/strong>.<\/p>\n<p class=\"com-paragraph   --s\">Sin embargo, <strong>Trump no dio indicios de que planee castigar a <\/strong><a href=\"https:\/\/www.lanacion.com.ar\/el-mundo\/esta-no-es-nuestra-guerra-por-que-reino-unido-alemania-y-otros-paises-rechazan-involucrarse-en-el-nid17032026\/\" target=\"_self\" title=\"https:\/\/www.lanacion.com.ar\/el-mundo\/esta-no-es-nuestra-guerra-por-que-reino-unido-alemania-y-otros-paises-rechazan-involucrarse-en-el-nid17032026\/\" class=\"com-link break-word\" data-mrf-recirculation=\"n_link_parrafo\"><strong>los miembros de la alianza<\/strong><\/a><strong> por sus posturas<\/strong>, al responder preguntas de los periodistas en el Despacho Oval durante la visita por el D\u00eda de San Patricio del primer ministro irland\u00e9s, <strong>Miche\u00e1l Martin<\/strong>.<\/p>\n<div class=\"content-media\">\n<section role=\"button\" class=\"mod-media   \">\n<figure role=\"button\" tabindex=\"0\" class=\"mod-figure \"><figcaption class=\"mod-figcaption\"><span class=\"com-text --caption --twoxs\">Trump escucha la pregunta de un periodista durante una reuni\u00f3n con el primer ministro de Irlanda, en la Oficina Oval de la Casa Blanca, el 17 de marzo de 2026, en Washington<\/span><span class=\"com-text --credit --twoxs\">Alex Brandon  &#8211; AP <\/span><\/figcaption><\/figure>\n<\/section>\n<\/div>\n<p class=\"com-paragraph   --s\">Trump dijo que los pa\u00edses de la OTAN <strong>respaldaban la guerra conjunta de Estados Unidos e Israel contra <\/strong><a href=\"https:\/\/www.lanacion.com.ar\/el-mundo\/israel-afirma-haber-matado-al-jefe-de-seguridad-irani-ali-larijani-nid17032026\/\" target=\"_self\" title=\"https:\/\/www.lanacion.com.ar\/el-mundo\/israel-afirma-haber-matado-al-jefe-de-seguridad-irani-ali-larijani-nid17032026\/\" class=\"com-link break-word\" data-mrf-recirculation=\"n_link_parrafo\"><strong>el r\u00e9gimen isl\u00e1mico<\/strong><\/a>, que ya ha entrado en su tercera semana, <strong>aunque no quisieran involucrarse<\/strong>.<\/p>\n<p class=\"com-paragraph   --s\"><strong>\u201cCreo que la OTAN est\u00e1 cometiendo un error muy tonto\u201d<\/strong>, dijo <a href=\"https:\/\/www.lanacion.com.ar\/estados-unidos\/con-una-explosiva-carta-de-renuncia-en-contra-de-la-guerra-de-iran-dejo-su-cargo-el-jefe-de-nid17032026\/\" target=\"_self\" title=\"https:\/\/www.lanacion.com.ar\/estados-unidos\/con-una-explosiva-carta-de-renuncia-en-contra-de-la-guerra-de-iran-dejo-su-cargo-el-jefe-de-nid17032026\/\" class=\"com-link break-word\" data-mrf-recirculation=\"n_link_parrafo\">Trump<\/a>. \u201c<strong>Todos est\u00e1n de acuerdo con nosotros, pero no quieren ayudar<\/strong>. Y nosotros, como Estados Unidos, tenemos que recordarlo, porque nos parece bastante impactante\u201d, agreg\u00f3 el mandatario.<\/p>\n<p class=\"com-paragraph   --s\"><strong>Trump hab\u00eda pedido ayuda a varios pa\u00edses para vigilar el estrecho de Ormuz<\/strong>, por donde se transporta <strong>el 20% del petr\u00f3leo mundial<\/strong>, despu\u00e9s de que Ir\u00e1n respondiera a los ataques de Washington y Tel Aviv utilizando drones, misiles y minas <strong>para cerrar la v\u00eda a los petroleros<\/strong>.<\/p>\n<div class=\"content-media\">\n<section role=\"button\" class=\"mod-media   \">\n<figure role=\"button\" tabindex=\"0\" class=\"mod-figure \"><figcaption class=\"mod-figcaption\"><span class=\"com-text --caption --twoxs\">Trump conversa con el primer ministro de Irlanda durante una reuni\u00f3n en la Oficina Oval de la Casa Blanca, el 17 de marzo de 2026, en Washington<\/span><span class=\"com-text --credit --twoxs\">Alex Brandon  &#8211; AP <\/span><\/figcaption><\/figure>\n<\/section>\n<\/div>\n<p class=\"com-paragraph   --s\">Pero varios aliados de Estados Unidos dijeron el lunes que no ten\u00edan planes inmediatos de enviar buques para ayudar a desbloquear el estrecho, <strong>rechazando en la pr\u00e1ctica el pedido de apoyo militar de <\/strong><a href=\"https:\/\/www.lanacion.com.ar\/el-mundo\/trump-dijo-que-un-expresidente-le-confeso-que-hubiera-deseado-atacar-a-iran-nid17032026\/\" target=\"_self\" title=\"https:\/\/www.lanacion.com.ar\/el-mundo\/trump-dijo-que-un-expresidente-le-confeso-que-hubiera-deseado-atacar-a-iran-nid17032026\/\" class=\"com-link break-word\" data-mrf-recirculation=\"n_link_parrafo\"><strong>Trump<\/strong><\/a>.<\/p>\n<p class=\"com-paragraph   --s\">\u201c<strong>No me sorprende su actitud, sin embargo<\/strong>, porque siempre consider\u00e9 que la OTAN \u2013donde gastamos cientos de miles de millones de d\u00f3lares al a\u00f1o protegiendo a estos mismos pa\u00edses\u2013 es una relaci\u00f3n de una sola v\u00eda\u201d, a\u00f1adi\u00f3 Trump en una publicaci\u00f3n en redes sociales el martes. \u201c<strong>Nosotros los protegeremos, pero ellos no har\u00e1n nada por nosotros<\/strong>, especialmente en un momento de necesidad\u201d, escribi\u00f3 el presidente norteamericano.<\/p>\n<p><iframe src=\"https:\/\/truthsocial.com\/@realDonaldTrump\/116245182325726375\/embed\" class=\"truthsocial-embed\" style=\"max-width: 100%; border: 0\" width=\"600\" allowfullscreen=\"allowfullscreen\"><\/iframe><\/p>\n<p class=\"com-paragraph   --s\">La principal diplom\u00e1tica de la <strong>Uni\u00f3n Europea <\/strong>(UE) reafirm\u00f3 el martes la negativa del bloque de 27 pa\u00edses a las exigencias de Trump <strong>de enviar buques de guerra al estrecho<\/strong>.<\/p>\n<p class=\"com-paragraph   --s\"><strong>\u201cEsta no es la guerra de Europa. Nosotros no la iniciamos. No fuimos consultados\u201d<\/strong>, dijo la jefa de la pol\u00edtica exterior de la UE, <strong>Kaja Kallas<\/strong>, a los legisladores, un d\u00eda despu\u00e9s de presidir conversaciones entre los pa\u00edses miembros sobre la solicitud de Trump.<\/p>\n<p class=\"com-paragraph   --s\"><strong>\u201cNo sabemos cu\u00e1les son los objetivos de esta guerra\u201d<\/strong>, se\u00f1al\u00f3 la funcionaria europea. \u201cLos Estados miembros no desean verse arrastrados a esto\u201d, enfatiz\u00f3.<\/p>\n<p class=\"com-paragraph   --s\">\u201cDebido a que hemos tenido tanto \u00e9xito militar, <strong>ya no \u2018necesitamos\u2019 ni deseamos la ayuda de los pa\u00edses de la OTAN \u2013 \u00a1NUNCA LA NECESITAMOS!<\/strong>\u201d, escribi\u00f3 Trump en Truth Social antes de sus comentarios en el Despacho Oval. Tambi\u00e9n mencion\u00f3 espec\u00edficamente a <strong>Jap\u00f3n<\/strong>, <strong>Australia <\/strong>y <strong>Corea del Sur<\/strong>.<\/p>\n<p class=\"com-paragraph   --s\">M\u00e1s tarde, mientras Trump expresaba su decepci\u00f3n con los aliados de la OTAN, un periodista le pregunt\u00f3 <strong>si est\u00e1 reconsiderando la relaci\u00f3n de Estados Unidos con la alianza militar<\/strong> o si eval\u00faa abandonarla, algo con lo que ha amenazado el magnate en el pasado.<\/p>\n<div class=\"content-media\">\n<section role=\"button\" class=\"mod-media   \">\n<figure role=\"button\" tabindex=\"0\" class=\"mod-figure \"><figcaption class=\"mod-figcaption\"><span class=\"com-text --caption --twoxs\">El presidente de Estados Unidos, Donald Trump, habla durante un almuerzo de los Amigos de Irlanda en el Capitolio de Estados Unidos, en Washington, el 17 de marzo de 2026<\/span><span class=\"com-text --credit --twoxs\">JIM WATSON  &#8211; AFP <\/span><\/figcaption><\/figure>\n<\/section>\n<\/div>\n<p class=\"com-paragraph   --s\">\u201c<strong>Sin duda es algo que deber\u00edamos considerar<\/strong>. No necesito al Congreso para tomar esa decisi\u00f3n\u201d, dijo el republicano. Pero aclar\u00f3: \u201c<strong>Por el momento no tengo nada en mente<\/strong>, pero no estoy precisamente encantado\u201d.<\/p>\n<p class=\"com-paragraph   --s\">Por otro lado, Trump volvi\u00f3 a mostrar su frustraci\u00f3n por el rechazo del primer ministro brit\u00e1nico, <a href=\"https:\/\/www.lanacion.com.ar\/el-mundo\/la-dura-respuesta-de-alemania-y-reino-unido-a-los-reclamos-de-trump-la-guerra-no-tiene-nada-que-ver-nid16032026\/\" target=\"_self\" title=\"https:\/\/www.lanacion.com.ar\/el-mundo\/la-dura-respuesta-de-alemania-y-reino-unido-a-los-reclamos-de-trump-la-guerra-no-tiene-nada-que-ver-nid16032026\/\" class=\"com-link break-word\" data-mrf-recirculation=\"n_link_parrafo\"><strong>Keir Starmer<\/strong><\/a>: \u00ab<strong>Estoy decepcionado con Keir<\/strong>: me cae bien, creo que es un buen hombre, pero estoy decepcionado\u00bb, agreg\u00f3 el republicano.<\/p>\n<p class=\"com-paragraph   --s\">El premier brit\u00e1nico dijo el lunes que Gran Breta\u00f1a<strong> trabaja con sus aliados en un plan \u201cviable\u201d<\/strong> <strong>para reabrir el paso mar\u00edtimo<\/strong> y se\u00f1al\u00f3 que su gobierno <strong>\u201cno se dejar\u00e1 arrastrar a una guerra m\u00e1s amplia\u201d<\/strong>, en una respuesta directa al pedido del presidente estadounidense.<\/p>\n<p class=\"com-paragraph   --s\">A pesar de los comentarios del mandatario norteamericano, el Departamento de Estado de Estados Unidos <strong>se ha puesto en contacto con numerosos pa\u00edses en busca de su apoyo para aislar a Ir\u00e1n<\/strong>, instando a otros pa\u00edses a designar al <strong>Cuerpo de la Guardia Revolucionaria Isl\u00e1mica <\/strong>y a <strong>Hezbollah <\/strong>como organizaciones terroristas.<\/p>\n<p class=\"com-paragraph   --s\">Un cable enviado el lunes a todas las misiones diplom\u00e1ticas estadounidenses indic\u00f3 a los diplom\u00e1ticos en pa\u00edses que a\u00fan no han realizado esas designaciones <strong>que los insten a actuar r\u00e1pidamente para hacerlo<\/strong>.<\/p>\n<div class=\"content-media\">\n<section role=\"button\" class=\"mod-media   \">\n<figure role=\"button\" tabindex=\"0\" class=\"mod-figure \"><figcaption class=\"mod-figcaption\"><span class=\"com-text --caption --twoxs\">Vista de la plataforma marina de petr\u00f3leo y gas Esther el 17 de marzo de 2026 en Seal Beach, California<\/span><span class=\"com-text --credit --twoxs\">JUSTIN SULLIVAN  &#8211; GETTY IMAGES NORTH AMERICA <\/span><\/figcaption><\/figure>\n<\/section>\n<\/div>\n<p class=\"com-paragraph   --s\">\u201cEsas designaciones <strong>intensificar\u00e1n la presi\u00f3n sobre el r\u00e9gimen iran\u00ed y limitar\u00e1n su capacidad de patrocinar actividades terroristas <\/strong>en todo el mundo que ponen en peligro la seguridad de sus poblaciones\u201d, aconseja el cable a los diplom\u00e1ticos estadounidenses que transmitan a los gobiernos anfitriones.<\/p>\n<p class=\"com-paragraph   --s\">\u201c<strong>Evaluamos que el r\u00e9gimen iran\u00ed es m\u00e1s sensible a acciones colectivas que a acciones unilaterales <\/strong>y que la presi\u00f3n conjunta tiene m\u00e1s probabilidades de forzar un cambio en el r\u00e9gimen que las acciones unilaterales por s\u00ed solas\u201d, se\u00f1ala el cable, cuya copia fue obtenida por AP.<\/p>\n<p class=\"com-paragraph   --s\">El presidente franc\u00e9s, <strong>Emmanuel Macron<\/strong>, dijo que su pa\u00eds est\u00e1 dispuesto a ayudar a asegurar el estrecho de Ormuz, pero solo <strong>como parte de una misi\u00f3n separada de la actual guerra en Medio Oriente<\/strong>.<\/p>\n<div class=\"content-media\">\n<section role=\"button\" class=\"mod-media   \">\n<figure role=\"button\" tabindex=\"0\" class=\"mod-figure \"><figcaption class=\"mod-figcaption\"><span class=\"com-text --caption --twoxs\">Trump asiste a un almuerzo de los Amigos de Irlanda en el Capitolio de Estados Unidos, en el D\u00eda de San Patricio, el 17 de marzo de 2026, en Washington<\/span><span class=\"com-text --credit --twoxs\">Alex Brandon  &#8211; AP <\/span><\/figcaption><\/figure>\n<\/section>\n<\/div>\n<p class=\"com-paragraph   --s\">\u201cNo somos parte del conflicto y, por lo tanto, <strong>Francia nunca participar\u00e1 en operaciones para reabrir o liberar el estrecho de Ormuz<\/strong>\u201d, afirm\u00f3 Macron, en respuesta al llamado de Trump.<\/p>\n<p class=\"com-paragraph   --s\">Macron se\u00f1al\u00f3 que, una vez que la situaci\u00f3n se calme, Francia podr\u00eda unirse a otros pa\u00edses europeos y posiblemente a <strong>India para escoltar buques portacontenedores y petroleros<\/strong>.<\/p>\n<p class=\"com-paragraph   --s\">Al hablar antes de una reuni\u00f3n de seguridad en el Palacio del El\u00edseo, subray\u00f3 que cualquier misi\u00f3n requerir\u00eda <strong>\u201cnegociaciones y una desescalada con Ir\u00e1n\u201d <\/strong>y deber\u00eda estar <strong>\u201ccompletamente separada de las operaciones militares y bombardeos en curso\u201d<\/strong>.<\/p>\n<p class=\"com-paragraph   --s\"><strong>Agencias AP, AFP y Reuters<\/strong><\/p>\n<section class=\"container-center-100 mb-40 border border-bottom border-thin border-neutral-light-700\">\n<hr\/>\n<\/section>\n<\/div>\n\n","protected":false},"excerpt":{"rendered":"<p>WASHINGTON.\u2013 El presidente norteamericano, Donald Trump, dijo el martes que Estados Unidos hab\u00eda sido informado por la mayor\u00eda de sus aliados de la OTAN que no quer\u00edan involucrarse en la operaci\u00f3n militar de Washington en Ir\u00e1n, una decisi\u00f3n que describi\u00f3 como un \u201cerror muy tonto\u201d. Sin embargo, Trump no dio indicios de que planee castigar [&hellip;]<\/p>\n","protected":false},"author":2,"featured_media":229500,"comment_status":"closed","ping_status":"closed","sticky":false,"template":"","format":"standard","meta":{"footnotes":""},"categories":[1],"tags":[],"class_list":["post-229499","post","type-post","status-publish","format-standard","has-post-thumbnail","hentry","category-uncategorized"],"_links":{"self":[{"href":"https:\/\/radioacuariofm.com.ar\/index.php?rest_route=\/wp\/v2\/posts\/229499","targetHints":{"allow":["GET"]}}],"collection":[{"href":"https:\/\/radioacuariofm.com.ar\/index.php?rest_route=\/wp\/v2\/posts"}],"about":[{"href":"https:\/\/radioacuariofm.com.ar\/index.php?rest_route=\/wp\/v2\/types\/post"}],"author":[{"embeddable":true,"href":"https:\/\/radioacuariofm.com.ar\/index.php?rest_route=\/wp\/v2\/users\/2"}],"replies":[{"embeddable":true,"href":"https:\/\/radioacuariofm.com.ar\/index.php?rest_route=%2Fwp%2Fv2%2Fcomments&post=229499"}],"version-history":[{"count":1,"href":"https:\/\/radioacuariofm.com.ar\/index.php?rest_route=\/wp\/v2\/posts\/229499\/revisions"}],"predecessor-version":[{"id":229501,"href":"https:\/\/radioacuariofm.com.ar\/index.php?rest_route=\/wp\/v2\/posts\/229499\/revisions\/229501"}],"wp:featuredmedia":[{"embeddable":true,"href":"https:\/\/radioacuariofm.com.ar\/index.php?rest_route=\/wp\/v2\/media\/229500"}],"wp:attachment":[{"href":"https:\/\/radioacuariofm.com.ar\/index.php?rest_route=%2Fwp%2Fv2%2Fmedia&parent=229499"}],"wp:term":[{"taxonomy":"category","embeddable":true,"href":"https:\/\/radioacuariofm.com.ar\/index.php?rest_route=%2Fwp%2Fv2%2Fcategories&post=229499"},{"taxonomy":"post_tag","embeddable":true,"href":"https:\/\/radioacuariofm.com.ar\/index.php?rest_route=%2Fwp%2Fv2%2Ftags&post=229499"}],"curies":[{"name":"wp","href":"https:\/\/api.w.org\/{rel}","templated":true}]}}