{"id":229496,"date":"2026-03-17T15:41:36","date_gmt":"2026-03-17T18:41:36","guid":{"rendered":"https:\/\/radioacuariofm.com.ar\/?p=229496"},"modified":"2026-03-17T15:41:38","modified_gmt":"2026-03-17T18:41:38","slug":"un-bombardeo-deja-400-muertos-en-una-guerra-opacada-por-el-conflicto-con-iran","status":"publish","type":"post","link":"https:\/\/radioacuariofm.com.ar\/?p=229496","title":{"rendered":"Un bombardeo deja 400 muertos en una guerra opacada por el conflicto con Ir\u00e1n"},"content":{"rendered":"<p> <br \/>\n<\/p>\n<div>\n<p class=\"com-paragraph  --capital --s\">KABUL.\u2013 Al menos <strong>400 personas murieron <\/strong>y otras<strong> 265 resultaron heridas<\/strong> tras un <strong>ataque a\u00e9reo <\/strong>atribuido a <strong>Pakist\u00e1n <\/strong>contra un<strong> centro de rehabilitaci\u00f3n de drogas en Kabul,<\/strong> seg\u00fan inform\u00f3 este martes un portavoz del gobierno talib\u00e1n afgano, lo que supone una dram\u00e1tic<strong>a escalada en<\/strong><a href=\"https:\/\/www.lanacion.com.ar\/el-mundo\/guerra-entre-pakistan-y-afganistan-que-es-la-linea-durand-clave-en-el-conflicto-nid27022026\/\" target=\"_self\" title=\"https:\/\/www.lanacion.com.ar\/el-mundo\/guerra-entre-pakistan-y-afganistan-que-es-la-linea-durand-clave-en-el-conflicto-nid27022026\/\" class=\"com-link break-word\" data-mrf-recirculation=\"n_link_parrafo\"><strong> el conflicto<\/strong> <\/a>entre ambos pa\u00edses, que ya va por su tercera semana.<\/p>\n<p class=\"com-paragraph   --s\"><strong>Pakist\u00e1n rechaz\u00f3 las acusaciones de las autoridades afganas <\/strong>de haber atacado un hospital y asegur\u00f3 que sus bombardeos, incluidos los realizados el lunes en el este del pa\u00eds, <strong>estuvieron dirigidos contra \u201cinstalaciones militares e infraestructura vinculada al terrorismo\u201d. <\/strong>De este modo, Islamabad desestim\u00f3 las denuncias de Kabul sobre cientos de v\u00edctimas y las calific\u00f3 de propaganda.<\/p>\n<div class=\"content-media cursor-pointer container-center-100\">\n<section class=\"media-container relative ratio-16-9 mod-media pb-32\">\n<figure class=\"mod-video\">\n<div class=\"video-player bg-black ratio-16-9\" data-has-jwplayer=\"true\" data-video-id-jw=\"2djaW4zk\" data-config=\"{&quot;title&quot;:&quot;Bombardeos en Afganist\u00e1n&quot;,&quot;mediaId&quot;:&quot;2djaW4zk&quot;,&quot;playerId&quot;:&quot;ih0086X3&quot;,&quot;playlist&quot;:[{&quot;mediaid&quot;:&quot;2djaW4zk&quot;,&quot;sources&quot;:[{&quot;file&quot;:&quot;https:\/\/cdn.jwplayer.com\/manifests\/2djaW4zk.m3u8&quot;,&quot;type&quot;:&quot;application\/vnd.apple.mpegurl&quot;},{&quot;bitrate&quot;:329879,&quot;file&quot;:&quot;https:\/\/cdn.jwplayer.com\/videos\/2djaW4zk-kTExGaWf.mp4&quot;,&quot;filesize&quot;:783463,&quot;framerate&quot;:30,&quot;height&quot;:320,&quot;label&quot;:&quot;180p&quot;,&quot;type&quot;:&quot;video\/mp4&quot;,&quot;width&quot;:182},{&quot;bitrate&quot;:500091,&quot;file&quot;:&quot;https:\/\/cdn.jwplayer.com\/videos\/2djaW4zk-K8B0kybS.mp4&quot;,&quot;filesize&quot;:1187718,&quot;framerate&quot;:30,&quot;height&quot;:480,&quot;label&quot;:&quot;270p&quot;,&quot;type&quot;:&quot;video\/mp4&quot;,&quot;width&quot;:274},{&quot;bitrate&quot;:115242,&quot;file&quot;:&quot;https:\/\/cdn.jwplayer.com\/videos\/2djaW4zk-hz5z2Tv4.m4a&quot;,&quot;filesize&quot;:273700,&quot;label&quot;:&quot;AAC Audio&quot;,&quot;type&quot;:&quot;audio\/mp4&quot;},{&quot;bitrate&quot;:453911,&quot;file&quot;:&quot;https:\/\/cdn.jwplayer.com\/videos\/2djaW4zk-FnZGUVnC.mp4&quot;,&quot;filesize&quot;:1078040,&quot;framerate&quot;:30,&quot;height&quot;:640,&quot;label&quot;:&quot;360p&quot;,&quot;type&quot;:&quot;video\/mp4&quot;,&quot;width&quot;:364}]}],&quot;hasAutoplay&quot;:false,&quot;autostart&quot;:true,&quot;tagsUrl&quot;:&quot;https:\/\/pubads.g.doubleclick.net\/gampad\/ads?slotname=\/133919216\/la_nacion_video\/nota\/preroll&amp;sz=640x480|400x300&amp;ciu_szs=300x250&amp;unviewed_position_start=1&amp;output=vast&amp;impl=s&amp;env=vp&amp;gdfp_req=1&amp;ad_rule=0&amp;vad_type=linear&amp;vpos=preroll&amp;cust_params=tags_nuevos%3Dte_afganistan%2Cte_paquistan%2Cca_el_mundo%2C%2CRLRNKYFMEZA4FMVMARLTXNPTXI&amp;pod=3&amp;ppos=1&amp;lip=true&amp;min_ad_duration=0&amp;max_ad_duration=30000&amp;vrid=6256&amp;url=https%3A%2F%2Fwww.lanacion.com.ar%2Fel-mundo%2Fafganistan-acuso-a-pakistan-de-bombardear-un-centro-de-rehabilitacion-en-kabul-en-medio-de-la-guerra-nid17032026%2F%3Fvariant%3DA&amp;description_url=https%3A%2F%2Fwww.lanacion.com.ar%2Fel-mundo%2Fafganistan-acuso-a-pakistan-de-bombardear-un-centro-de-rehabilitacion-en-kabul-en-medio-de-la-guerra-nid17032026%2F%3Fvariant%3DA&amp;video_doc_id=short_onecue&amp;cmsid=496&amp;kfa=0&amp;tfcd=0&amp;correlator=1773772761946&quot;,&quot;arcSite&quot;:&quot;la-nacion-ar&quot;}\">\n<div id=\"facade-2djaW4zk\" class=\"content-facade-jw relative bg-black ratio-16-9\"><picture><source media=\"(max-width: 767px)\" srcset=\"https:\/\/resizer.glanacion.com\/resizer\/v2\/https%3A%2F%2Fcdn.jwplayer.com%2Fv2%2Fmedia%2F2djaW4zk%2Fposter.jpg%3Fwidth%3D720?auth=c7a538d290146c48162b887a78e8cb2b9acde122f0e5423ab3cb8e66b60c0330&amp;width=480&amp;quality=70&amp;smart=false\"\/><\/picture><\/div>\n<\/div><figcaption class=\"border border-1 border-bottom border-light-300 relative px-16 py-8 min-h-36 w-100_md px-0_l mb-8 bg-white\"><span class=\"text ln-text text-16 block\">Bombardeos en Afganist\u00e1n<\/span><\/figcaption><\/figure>\n<\/section>\n<\/div>\n<p class=\"com-paragraph   --s\"><strong>Seg\u00fan se inform\u00f3, las v\u00edctimas fueron trasladadas a varios hospitales de la zona<\/strong>. En un primer momento no fue posible confirmar de manera independiente el n\u00famero de muertos.<\/p>\n<p class=\"com-paragraph   --s\"><strong>El conflicto con<\/strong><a href=\"https:\/\/www.lanacion.com.ar\/el-mundo\/de-aliados-a-enemigos-la-guerra-abierta-entre-pakistan-y-afganistan-enciende-las-alarmas-en-toda-la-nid27022026\/\" target=\"_self\" title=\"https:\/\/www.lanacion.com.ar\/el-mundo\/de-aliados-a-enemigos-la-guerra-abierta-entre-pakistan-y-afganistan-enciende-las-alarmas-en-toda-la-nid27022026\/\" class=\"com-link break-word\" data-mrf-recirculation=\"n_link_parrafo\"><strong> Pakist\u00e1n<\/strong><\/a><strong> empez\u00f3 a fines de febrero<\/strong>, y ha registrado repetidos enfrentamientos transfronterizos, <strong>as\u00ed como ataques a\u00e9reos dentro de Afganist\u00e1n<\/strong>. Por el momento, los llamados internacionales a un alto el fuego no fueron escuchados.<\/p>\n<div class=\"content-media\">\n<section role=\"button\" class=\"mod-media   \">\n<figure role=\"button\" tabindex=\"0\" class=\"mod-figure \"><figcaption class=\"mod-figcaption\"><span class=\"com-text --caption --twoxs\">Personal de seguridad talib\u00e1n transporta un cuerpo en Kabul, el 16 de marzo de 2026<\/span><span class=\"com-text --credit --twoxs\">WAKIL KOHSAR  &#8211; AFP <\/span><\/figcaption><\/figure>\n<\/section>\n<\/div>\n<p class=\"com-paragraph   --s\">El ataque al centro m\u00e9dico se produjo horas despu\u00e9s de que funcionarios afganos afirmaran que <strong>ambas partes intercambiaron disparos a lo largo de su frontera com\u00fan<\/strong>, lo que dej\u00f3 <strong>cuatro muertos en Afganist\u00e1n<\/strong>. <\/p>\n<p class=\"com-paragraph   --s\">Pakist\u00e1n acusa a Afganist\u00e1n de proporcionar <strong>un refugio seguro a milicianos que con frecuencia perpetran ataques dentro de su territorio<\/strong>, en particular a <strong>los talibanes paquistan\u00edes<\/strong>, un grupo separado pero estrechamente aliado con los talibanes afganos que tomaron el control de Afganist\u00e1n en 2021 tras la ca\u00f3tica retirada de las tropas lideradas por <strong>Estados Unidos<\/strong>. <\/p>\n<p class=\"com-paragraph   --s\">El grupo, <strong>Tehrik-e-Taliban Pakist\u00e1n<\/strong> (TTP),<strong> est\u00e1 designado como organizaci\u00f3n terrorista <\/strong>por Estados Unidos. Sin embargo, <strong>Kabul niega la acusaci\u00f3n<\/strong>.<\/p>\n<p class=\"com-paragraph   --s\">En una publicaci\u00f3n nocturna en <em>X,<\/em> el portavoz adjunto del gobierno afgano, <strong>Hamdullah Fitrat<\/strong>, indic\u00f3 que cerca de las 21.00 hora local (13.30 en la Argentina) un ataque a\u00e9reo alcanz\u00f3 el<strong> Hospital de Tratamiento de Adicciones Omid<\/strong>, <strong>un centro de 2000 camas en Kabul <\/strong>administrado por el Estado. <\/p>\n<p class=\"com-paragraph   --s\">El Ministerio de Informaci\u00f3n de Pakist\u00e1n afirm\u00f3 que <strong>el Hospital Omid se encontraba a kil\u00f3metros de Camp Phoenix<\/strong>, el <strong>\u201csitio militar terrorista de almacenamiento de municiones y equipo\u201d <\/strong>que, seg\u00fan dijo, fue el <strong>objetivo del ataque<\/strong>.<\/p>\n<p class=\"com-paragraph   --s\">\u201cLas detonaciones secundarias visibles tras los ataques<strong> indican claramente la presencia de grandes dep\u00f3sitos de municiones<\/strong>\u201d, dijo el ministro de Informaci\u00f3n de Pakist\u00e1n, <strong>Attaullah Tarar<\/strong>, en la red social. <\/p>\n<div class=\"content-media cursor-pointer container-center-100\">\n<section class=\"media-container relative ratio-16-9 mod-media pb-32\">\n<figure class=\"mod-video\">\n<div class=\"video-player bg-black ratio-16-9\" data-has-jwplayer=\"true\" data-video-id-jw=\"Ag9ryjwG\" data-config=\"{&quot;title&quot;:&quot;Bombardeos en Afganist\u00e1n&quot;,&quot;mediaId&quot;:&quot;Ag9ryjwG&quot;,&quot;playerId&quot;:&quot;ih0086X3&quot;,&quot;playlist&quot;:[{&quot;mediaid&quot;:&quot;Ag9ryjwG&quot;,&quot;sources&quot;:[{&quot;file&quot;:&quot;https:\/\/cdn.jwplayer.com\/manifests\/Ag9ryjwG.m3u8&quot;,&quot;type&quot;:&quot;application\/vnd.apple.mpegurl&quot;},{&quot;bitrate&quot;:645484,&quot;file&quot;:&quot;https:\/\/cdn.jwplayer.com\/videos\/Ag9ryjwG-kTExGaWf.mp4&quot;,&quot;filesize&quot;:484113,&quot;framerate&quot;:60,&quot;height&quot;:180,&quot;label&quot;:&quot;180p&quot;,&quot;type&quot;:&quot;video\/mp4&quot;,&quot;width&quot;:320},{&quot;bitrate&quot;:881184,&quot;file&quot;:&quot;https:\/\/cdn.jwplayer.com\/videos\/Ag9ryjwG-K8B0kybS.mp4&quot;,&quot;filesize&quot;:660888,&quot;framerate&quot;:60,&quot;height&quot;:270,&quot;label&quot;:&quot;270p&quot;,&quot;type&quot;:&quot;video\/mp4&quot;,&quot;width&quot;:480},{&quot;bitrate&quot;:3034170,&quot;file&quot;:&quot;https:\/\/cdn.jwplayer.com\/videos\/Ag9ryjwG-46NIuRKO.mp4&quot;,&quot;filesize&quot;:2275628,&quot;framerate&quot;:60,&quot;height&quot;:720,&quot;label&quot;:&quot;720p&quot;,&quot;type&quot;:&quot;video\/mp4&quot;,&quot;width&quot;:1280},{&quot;bitrate&quot;:132134,&quot;file&quot;:&quot;https:\/\/cdn.jwplayer.com\/videos\/Ag9ryjwG-hz5z2Tv4.m4a&quot;,&quot;filesize&quot;:99101,&quot;label&quot;:&quot;AAC Audio&quot;,&quot;type&quot;:&quot;audio\/mp4&quot;},{&quot;bitrate&quot;:1144069,&quot;file&quot;:&quot;https:\/\/cdn.jwplayer.com\/videos\/Ag9ryjwG-FnZGUVnC.mp4&quot;,&quot;filesize&quot;:858052,&quot;framerate&quot;:60,&quot;height&quot;:360,&quot;label&quot;:&quot;360p&quot;,&quot;type&quot;:&quot;video\/mp4&quot;,&quot;width&quot;:640},{&quot;bitrate&quot;:1950997,&quot;file&quot;:&quot;https:\/\/cdn.jwplayer.com\/videos\/Ag9ryjwG-0G6Pwvlw.mp4&quot;,&quot;filesize&quot;:1463248,&quot;framerate&quot;:60,&quot;height&quot;:540,&quot;label&quot;:&quot;540p&quot;,&quot;type&quot;:&quot;video\/mp4&quot;,&quot;width&quot;:960}]}],&quot;hasAutoplay&quot;:false,&quot;autostart&quot;:true,&quot;tagsUrl&quot;:&quot;https:\/\/pubads.g.doubleclick.net\/gampad\/ads?slotname=\/133919216\/la_nacion_video\/nota\/preroll&amp;sz=640x480|400x300&amp;ciu_szs=300x250&amp;unviewed_position_start=1&amp;output=vast&amp;impl=s&amp;env=vp&amp;gdfp_req=1&amp;ad_rule=0&amp;vad_type=linear&amp;vpos=preroll&amp;cust_params=tags_nuevos%3Dte_afganistan%2Cte_paquistan%2Cca_el_mundo%2C%2CRLRNKYFMEZA4FMVMARLTXNPTXI&amp;pod=3&amp;ppos=1&amp;lip=true&amp;min_ad_duration=0&amp;max_ad_duration=30000&amp;vrid=6256&amp;url=https%3A%2F%2Fwww.lanacion.com.ar%2Fel-mundo%2Fafganistan-acuso-a-pakistan-de-bombardear-un-centro-de-rehabilitacion-en-kabul-en-medio-de-la-guerra-nid17032026%2F%3Fvariant%3DA&amp;description_url=https%3A%2F%2Fwww.lanacion.com.ar%2Fel-mundo%2Fafganistan-acuso-a-pakistan-de-bombardear-un-centro-de-rehabilitacion-en-kabul-en-medio-de-la-guerra-nid17032026%2F%3Fvariant%3DA&amp;video_doc_id=short_onecue&amp;cmsid=496&amp;kfa=0&amp;tfcd=0&amp;correlator=1773772761946&quot;,&quot;arcSite&quot;:&quot;la-nacion-ar&quot;}\">\n<div id=\"facade-Ag9ryjwG\" class=\"content-facade-jw relative bg-black ratio-16-9\"><picture><source media=\"(max-width: 767px)\" srcset=\"https:\/\/resizer.glanacion.com\/resizer\/v2\/https%3A%2F%2Fcdn.jwplayer.com%2Fv2%2Fmedia%2FAg9ryjwG%2Fposter.jpg%3Fwidth%3D720?auth=bbb49b1f24953a8e83d69f6ba5ac9cb1ef637dc8cdd520e5c8481aa5fb00eb1a&amp;width=480&amp;quality=70&amp;smart=false\"\/><img class=\"image com-image flex --cover\" decoding=\"async\" fetchpriority=\"low\" loading=\"lazy\" src=\"https:\/\/radioacuariofm.com.ar\/wp-content\/uploads\/2026\/03\/https:\/\/cdn.jwplayer.com\/v2\/media\/Ag9ryjwG\/poster.jpg\" alt=\"Bombardeos en Afganist\u00e1n\"\/><\/picture><\/div>\n<\/div><figcaption class=\"border border-1 border-bottom border-light-300 relative px-16 py-8 min-h-36 w-100_md px-0_l mb-8 bg-white\"><span class=\"text ln-text text-16 block\">Bombardeos en Afganist\u00e1n<\/span><\/figcaption><\/figure>\n<\/section>\n<\/div>\n<p class=\"com-paragraph   --s\"><strong>Residentes de Kabul, incluido un periodista de Reuters<\/strong>, se\u00f1alaron que Camp Phoenix, una base militar abandonada de la OTAN que fue asumida por las nuevas autoridades de Afganist\u00e1n<strong> y convertida en un centro de tratamiento de drogas hace aproximadamente una d\u00e9cada<\/strong>, era conocida por los habitantes locales como <strong>Campamento Omid<\/strong>, o \u201ccampamento de la esperanza\u201d, aunque su nombre oficial era <strong>\u201cHospital de Tratamiento de Adicci\u00f3n a las Drogas Ibn Sina\u201d<\/strong>.<\/p>\n<p class=\"com-paragraph   --s\">Seg\u00fan dijeron, <strong>fue este centro el que fue alcanzado<\/strong>, y a\u00f1adieron que <strong>el Hospital Omid y el Campamento Omid no estaban relacionados<\/strong>.<\/p>\n<p class=\"com-paragraph   --s\">Por su parte, el vocero del gobierno afgano, <strong>Zabihullah Mujahid<\/strong>, conden\u00f3 por X el ataque y acus\u00f3 a Pakist\u00e1n de <strong>\u201catacar hospitales y sitios civiles para perpetrar horrores\u201d<\/strong>. Asimismo, se\u00f1al\u00f3 que los fallecidos eran <strong>\u201cciviles inocentes y adictos\u201d<\/strong> que se encontraban en el establecimiento sanitario. <\/p>\n<p class=\"com-paragraph   --s\">\u00ab<strong>Condenamos en\u00e9rgicamente este crimen <\/strong>y consideramos que un acto as\u00ed va en contra de todos los principios aceptados y <strong>constituye un crimen contra la humanidad<\/strong>\u201c, apunt\u00f3 el <strong>Mujahid<\/strong>. <\/p>\n<div class=\"content-media\">\n<section role=\"button\" class=\"mod-media   \">\n<figure role=\"button\" tabindex=\"0\" class=\"mod-figure \"><figcaption class=\"mod-figcaption\"><span class=\"com-text --caption --twoxs\">Bomberos afganos y personal de seguridad talib\u00e1n trabajan para extinguir un incendio en el Centro de Servicios de Rehabilitaci\u00f3n Secundaria en Kabul el 16 de marzo de 2026<\/span><span class=\"com-text --credit --twoxs\">WAKIL KOHSAR  &#8211; AFP <\/span><\/figcaption><\/figure>\n<\/section>\n<\/div>\n<p class=\"com-paragraph   --s\">El vocero del Ministerio del Interior afgano, <strong>Abdul Mateen Qanie<\/strong>, inform\u00f3 que tras la embestida un total de <strong>408 personas murieron y 265 resultaron heridas<\/strong>. <\/p>\n<p class=\"com-paragraph   --s\">Las autoridades afganas precisaron que tanto los muertos como los heridos fueron trasladados a hospitales en Kabul, pero <strong>no dieron detalles sobre cu\u00e1ntos cuerpos hab\u00edan sido recuperados <\/strong>ni sobre c\u00f3mo se contabilizaron las v\u00edctimas.<\/p>\n<p class=\"com-paragraph   --s\">Reuters no pudo constatar el n\u00famero de fallecidos. A lo largo del conflicto, <strong>ambas partes han afirmado haber infligido grandes da\u00f1os al adversario<\/strong>, pero no ha sido posible una verificaci\u00f3n independiente.<\/p>\n<p class=\"com-paragraph   --s\">El <strong>Consejo Noruego para los Refugiados<\/strong>, un grupo de ayuda independiente, se\u00f1al\u00f3 que su personal hab\u00eda visto un gran n\u00famero de v\u00edctimas.<\/p>\n<div class=\"content-media\">\n<section role=\"button\" class=\"mod-media   \">\n<figure role=\"button\" tabindex=\"0\" class=\"mod-figure \"><figcaption class=\"mod-figcaption\"><span class=\"com-text --caption --twoxs\">Un hombre se sienta junto al lugar de un ataque a\u00e9reo ocurrido a \u00faltima hora del lunes en un hospital de rehabilitaci\u00f3n de drogas en Kabul, Afganist\u00e1n, el 17 de marzo de 2026<\/span><span class=\"com-text --credit --twoxs\">Siddiqullah Alizai  &#8211; AP <\/span><\/figcaption><\/figure>\n<\/section>\n<\/div>\n<p class=\"com-paragraph   --s\">\u201cVisitamos esta ma\u00f1ana el hospital que atiende a personas con adicciones en Kabul y <strong>encontramos cientos de civiles muertos y heridos<\/strong>\u201d, indic\u00f3 en un comunicado. <strong>\u201cLos civiles y la infraestructura civil nunca deben ser atacados\u201d<\/strong>, agreg\u00f3.<\/p>\n<p class=\"com-paragraph   --s\">Testigos dijeron haber escuchado <strong>tres explosiones <\/strong>justo cuando las personas en el centro estaban terminando las oraciones de la tarde, y que <strong>dos de ellas impactaron en habitaciones y \u00e1reas de pacientes<\/strong>.<\/p>\n<p class=\"com-paragraph   --s\"><strong>\u201cTodo el lugar se incendi\u00f3. Era como el fin del mundo\u201d<\/strong>, relat\u00f3 Ahmad, un hombre de 50 a\u00f1os, que se encontraba bajo tratamiento en la instituci\u00f3n m\u00e9dica al momento del ataque. <strong>\u201cMis amigos se estaban quemando en el fuego, y no pudimos salvarlos a todos\u201d<\/strong>, manifest\u00f3.<\/p>\n<div class=\"content-media\">\n<section role=\"button\" class=\"mod-media   \">\n<figure role=\"button\" tabindex=\"0\" class=\"mod-figure \"><figcaption class=\"mod-figcaption\"><span class=\"com-text --caption --twoxs\">Voluntarios de la Media Luna Roja Afgana transportan los cuerpos de las v\u00edctimas en Kabul, el 17 de marzo de 2026<\/span><span class=\"com-text --credit --twoxs\">WAKIL KOHSAR  &#8211; AFP <\/span><\/figcaption><\/figure>\n<\/section>\n<\/div>\n<p class=\"com-paragraph   --s\">Un miembro del equipo de rescate que trabajaba en el lugar la ma\u00f1ana del martes, <strong>Allah Mohammad Farooq<\/strong>, dijo que <strong>cientos de personas hab\u00edan muerto<\/strong>.<\/p>\n<p class=\"com-paragraph   --s\"><strong>\u201cCuando llegamos, todos estaban enterrados bajo los escombros\u201d<\/strong>, dijo el rescatista. \u201cUsamos una gr\u00faa para sacarlos. La mayor\u00eda de las personas estaban muertas, y <strong>muchas a\u00fan est\u00e1n atrapadas bajo los restos<\/strong>\u201c, agreg\u00f3.<\/p>\n<p class=\"com-paragraph   --s\">Un hombre sentado fuera del lugar llor\u00f3 mientras relataba haber o\u00eddo sobre el bombardeo. <strong>Haji Najibullah <\/strong>dijo que <strong>su hijo y otros familiares estaban siendo tratados en el hospital<\/strong>.<\/p>\n<div class=\"content-media\">\n<section role=\"button\" class=\"mod-media   \">\n<figure role=\"button\" tabindex=\"0\" class=\"mod-figure \"><figcaption class=\"mod-figcaption\"><span class=\"com-text --caption --twoxs\">Trabajadores municipales afganos retiran escombros del Hospital de Tratamiento de Adicciones Omid en Kabul, el 17 de marzo de 2026<\/span><span class=\"com-text --credit --twoxs\">WAKIL KOHSAR  &#8211; AFP <\/span><\/figcaption><\/figure>\n<\/section>\n<\/div>\n<p class=\"com-paragraph   --s\"><strong>\u201cNo tenemos informaci\u00f3n sobre qui\u00e9n est\u00e1 vivo y qui\u00e9n est\u00e1 enterrado bajo los escombros\u201d<\/strong>, dijo Najibullah. \u201cS\u00f3lo Dios sabe qui\u00e9n pudo haber sobrevivido y qui\u00e9n puede estar herido. Hasta ahora, no tenemos ninguna noticia\u201d, explic\u00f3.<\/p>\n<p class=\"com-paragraph   --s\">El experto en derechos humanos de la ONU en Afganist\u00e1n, <strong>Richard Bennett<\/strong>, dijo en una publicaci\u00f3n en X que estaba <strong>\u201cconsternado por nuevos reportes de ataques a\u00e9reos de \u00e1 en Afganist\u00e1n <\/strong>y las consiguientes v\u00edctimas civiles<strong>\u00ab<\/strong>. Ofreci\u00f3 sus condolencias y a\u00f1adi\u00f3: \u00ab<strong>Insto a las partes a desescalar, ejercer la m\u00e1xima moderaci\u00f3n y respetar el derecho internacional<\/strong>, incluida la protecci\u00f3n de los civiles y de los objetos civiles como los hospitales\u201c.<\/p>\n<p class=\"com-paragraph   --s\">En Islamabad, el ministro de Informaci\u00f3n, <strong>Attaullah Tarar<\/strong>, <strong>rechaz\u00f3 las acusaciones de Afganist\u00e1n <\/strong>de que su ataque a\u00e9reo hab\u00eda tenido como objetivo un hospital, calific\u00e1ndolas de <strong>\u201ctotalmente infundadas\u201d<\/strong>.<\/p>\n<p class=\"com-paragraph   --s\">Tarar dijo en un comunicado que <strong>el \u201cr\u00e9gimen talib\u00e1n afgano est\u00e1 difundiendo otra falsedad\u201d<\/strong>, y que Pakist\u00e1n s\u00f3lo abord\u00f3 objetivos militares y de milicianos. Sostuvo que Pakist\u00e1n hab\u00eda atacado instalaciones \u201cque se utilizan directa o indirectamente <strong>para planificar, facilitar, dar refugio, entrenar o ayudar e instigar ataques terroristas\u00bb <\/strong>dentro del territorio.<\/p>\n<div class=\"content-media\">\n<section role=\"button\" class=\"mod-media   \">\n<figure role=\"button\" tabindex=\"0\" class=\"mod-figure \"><figcaption class=\"mod-figcaption\"><span class=\"com-text --caption --twoxs\">Ambulancias y veh\u00edculos m\u00e9dicos estacionados en el lugar de un ataque a\u00e9reo en un hospital de rehabilitaci\u00f3n de drogas en Kabul, Afganist\u00e1n, el 17 de marzo de 2026<\/span><span class=\"com-text --credit --twoxs\">Siddiqullah Alizai  &#8211; AP <\/span><\/figcaption><\/figure>\n<\/section>\n<\/div>\n<p class=\"com-paragraph   --s\">El ministro dijo adem\u00e1s que los ataques nocturnos en Kabul y en la provincia oriental afgana de <strong>Nangarhar <\/strong>fueron <strong>\u201cprecisos, deliberados y profesionales\u201d<\/strong>, y neg\u00f3 cualquier tipo de embate contra una infraestructura m\u00e9dica. \u201cNo se atac\u00f3 <strong>ning\u00fan hospital, ning\u00fan centro de rehabilitaci\u00f3n de drogas ni ninguna instalaci\u00f3n civil<\/strong>\u201c, se jact\u00f3 el funcionario.<\/p>\n<p class=\"com-paragraph   --s\"><strong>Al darse a conocer la noticia, China volvi\u00f3 a pedir calma y moderaci\u00f3n<\/strong>, y reclam\u00f3 que se garantice la seguridad del personal, los proyectos y las instituciones locales en la regi\u00f3n.<\/p>\n<p class=\"com-paragraph   --s\">\u201cChina\u2026 seguir\u00e1 desempe\u00f1ando un papel constructivo a trav\u00e9s de sus propios canales <strong>para desescalar las tensiones y mejorar las relaciones entre los dos pa\u00edses<\/strong>\u201d, remarc\u00f3 <strong>Lin Jian<\/strong>, portavoz del Ministerio de Relaciones Exteriores del gigante asi\u00e1tico.<\/p>\n<div class=\"content-media\">\n<section role=\"button\" class=\"mod-media   \">\n<figure role=\"button\" tabindex=\"0\" class=\"mod-figure \"><figcaption class=\"mod-figcaption\"><span class=\"com-text --caption --twoxs\">Un trabajador m\u00e9dico se inclina hacia un cuerpo atrapado entre los escombros en Kabul, Afganist\u00e1n, el 17 de marzo de 2026<\/span><span class=\"com-text --credit --twoxs\">Siddiqullah Alizai  &#8211; AP <\/span><\/figcaption><\/figure>\n<\/section>\n<\/div>\n<p class=\"com-paragraph   --s\"><strong>India<\/strong>, archirrival de Pakist\u00e1n y que recientemente ha forjado v\u00ednculos estrechos con el Talib\u00e1n afgano, <strong>dijo que condenaba de manera inequ\u00edvoca el ataque<\/strong>.<\/p>\n<p class=\"com-paragraph   --s\">\u201c<strong>Que este ataque se haya llevado a cabo durante el mes sagrado de Ramad\u00e1n<\/strong>, un tiempo de paz, reflexi\u00f3n y misericordia entre las comunidades musulmanas de todo el mundo, <strong>lo hace a\u00fan m\u00e1s reprobable<\/strong>\u201d, conden\u00f3 el portavoz del Ministerio de Relaciones Exteriores de India en un comunicado.<\/p>\n<p class=\"com-paragraph   --s\"><strong>Los combates \u2013los m\u00e1s graves entre los dos vecinos\u2013 empezaron a fines de febrero<\/strong> despu\u00e9s de que Afganist\u00e1n lanzara ataques transfronterizos en respuesta a bombardeos paquistan\u00edes dentro de su territorio que, seg\u00fan Kabul, mataron a civiles. <strong>Los choques interrumpieron un alto el fuego mediado por Qatar en octubre<\/strong>, despu\u00e9s de que enfrentamientos anteriores dejaran <strong>decenas de soldados, civiles y presuntos milicianos muertos<\/strong>.<\/p>\n<div class=\"content-media\">\n<section role=\"button\" class=\"mod-media   \">\n<figure role=\"button\" tabindex=\"0\" class=\"mod-figure \"><figcaption class=\"mod-figcaption\"><span class=\"com-text --caption --twoxs\">Un miembro de seguridad talib\u00e1n inspecciona el lugar despu\u00e9s de que ataques a\u00e9reos paquistan\u00edes impactaran el Centro de Servicios de Rehabilitaci\u00f3n Secundaria en Kabul el 17 de marzo de 2026<\/span><span class=\"com-text --credit --twoxs\">WAKIL KOHSAR  &#8211; AFP <\/span><\/figcaption><\/figure>\n<\/section>\n<\/div>\n<p class=\"com-paragraph   --s\"><strong>Pakist\u00e1n ha declarado que est\u00e1 en \u201cguerra abierta\u201d con Afganist\u00e1n<\/strong>. El conflicto ha alarmado a la comunidad internacional, en particular porque se trata de una zona donde otras organizaciones armadas, incluidas <strong>Al Qaeda <\/strong>y el grupo terrorista <strong>Estado Isl\u00e1mico<\/strong>, <strong>a\u00fan tienen presencia y han intentado resurgir<\/strong>.<\/p>\n<p class=\"com-paragraph   --s\">El presidente paquistan\u00ed <strong>Asif Ali Zardari<\/strong> afirm\u00f3 el s\u00e1bado que el gobierno talib\u00e1n de <strong>Afganist\u00e1n cruz\u00f3 una \u201cl\u00ednea roja\u201d al desplegar drones <\/strong>que hirieron a varios civiles en Pakist\u00e1n la semana pasada.<\/p>\n<p class=\"com-paragraph   --s\"><strong>Agencias AP y Reuters y diario <\/strong><em><strong>The New York Times<\/strong><\/em><\/p>\n<section class=\"container-center-100 mb-40 border border-bottom border-thin border-neutral-light-700\">\n<hr\/>\n<\/section>\n<\/div>\n\n","protected":false},"excerpt":{"rendered":"<p>KABUL.\u2013 Al menos 400 personas murieron y otras 265 resultaron heridas tras un ataque a\u00e9reo atribuido a Pakist\u00e1n contra un centro de rehabilitaci\u00f3n de drogas en Kabul, seg\u00fan inform\u00f3 este martes un portavoz del gobierno talib\u00e1n afgano, lo que supone una dram\u00e1tica escalada en el conflicto entre ambos pa\u00edses, que ya va por su tercera [&hellip;]<\/p>\n","protected":false},"author":2,"featured_media":229497,"comment_status":"closed","ping_status":"closed","sticky":false,"template":"","format":"standard","meta":{"footnotes":""},"categories":[1],"tags":[],"class_list":["post-229496","post","type-post","status-publish","format-standard","has-post-thumbnail","hentry","category-uncategorized"],"_links":{"self":[{"href":"https:\/\/radioacuariofm.com.ar\/index.php?rest_route=\/wp\/v2\/posts\/229496","targetHints":{"allow":["GET"]}}],"collection":[{"href":"https:\/\/radioacuariofm.com.ar\/index.php?rest_route=\/wp\/v2\/posts"}],"about":[{"href":"https:\/\/radioacuariofm.com.ar\/index.php?rest_route=\/wp\/v2\/types\/post"}],"author":[{"embeddable":true,"href":"https:\/\/radioacuariofm.com.ar\/index.php?rest_route=\/wp\/v2\/users\/2"}],"replies":[{"embeddable":true,"href":"https:\/\/radioacuariofm.com.ar\/index.php?rest_route=%2Fwp%2Fv2%2Fcomments&post=229496"}],"version-history":[{"count":1,"href":"https:\/\/radioacuariofm.com.ar\/index.php?rest_route=\/wp\/v2\/posts\/229496\/revisions"}],"predecessor-version":[{"id":229498,"href":"https:\/\/radioacuariofm.com.ar\/index.php?rest_route=\/wp\/v2\/posts\/229496\/revisions\/229498"}],"wp:featuredmedia":[{"embeddable":true,"href":"https:\/\/radioacuariofm.com.ar\/index.php?rest_route=\/wp\/v2\/media\/229497"}],"wp:attachment":[{"href":"https:\/\/radioacuariofm.com.ar\/index.php?rest_route=%2Fwp%2Fv2%2Fmedia&parent=229496"}],"wp:term":[{"taxonomy":"category","embeddable":true,"href":"https:\/\/radioacuariofm.com.ar\/index.php?rest_route=%2Fwp%2Fv2%2Fcategories&post=229496"},{"taxonomy":"post_tag","embeddable":true,"href":"https:\/\/radioacuariofm.com.ar\/index.php?rest_route=%2Fwp%2Fv2%2Ftags&post=229496"}],"curies":[{"name":"wp","href":"https:\/\/api.w.org\/{rel}","templated":true}]}}