{"id":229490,"date":"2026-03-17T13:38:56","date_gmt":"2026-03-17T16:38:56","guid":{"rendered":"https:\/\/radioacuariofm.com.ar\/?p=229490"},"modified":"2026-03-17T13:38:57","modified_gmt":"2026-03-17T16:38:57","slug":"trump-dijo-que-un-expresidente-le-confeso-que-hubiera-deseado-atacar-a-iran","status":"publish","type":"post","link":"https:\/\/radioacuariofm.com.ar\/?p=229490","title":{"rendered":"Trump dijo que un expresidente le confes\u00f3 que hubiera deseado atacar a Ir\u00e1n"},"content":{"rendered":"<p> <br \/>\n<\/p>\n<div>\n<p class=\"com-paragraph  --capital --s\">WASHINGTON.- El presidente<a href=\"https:\/\/www.lanacion.com.ar\/estados-unidos\/con-una-explosiva-carta-de-renuncia-en-contra-de-la-guerra-de-iran-dejo-su-cargo-el-jefe-de-nid17032026\/\" target=\"_self\" title=\"https:\/\/www.lanacion.com.ar\/estados-unidos\/con-una-explosiva-carta-de-renuncia-en-contra-de-la-guerra-de-iran-dejo-su-cargo-el-jefe-de-nid17032026\/\" class=\"com-link break-word\" data-mrf-recirculation=\"n_link_parrafo\"> <strong>Donald Trump<\/strong> <\/a>sorprendi\u00f3 el lunes al asegurar que obtuvo una suerte de <strong>\u201cconfesi\u00f3n\u201d <\/strong>de un exmandatario norteamericano durante un encuentro en el <strong>Despacho Oval. <\/strong>Seg\u00fan relat\u00f3, <strong>su antecesor se mostr\u00f3 arrepentido por no haber atacado a <\/strong><a href=\"https:\/\/www.lanacion.com.ar\/el-mundo\/ataque-de-estados-unidos-e-israel-contra-iran-en-vivo-tension-en-medio-oriente-hoy-martes-17-de-nid17032026\/\" target=\"_self\" title=\"https:\/\/www.lanacion.com.ar\/el-mundo\/ataque-de-estados-unidos-e-israel-contra-iran-en-vivo-tension-en-medio-oriente-hoy-martes-17-de-nid17032026\/\" class=\"com-link break-word\" data-mrf-recirculation=\"n_link_parrafo\"><strong>Ir\u00e1n <\/strong><\/a>del modo en que lo est\u00e1 haciendo Estados Unidos desde hace m\u00e1s de dos semanas. Sin embargo, Trump se neg\u00f3 a revelar su identidad y argument\u00f3 que no quer\u00eda <strong>\u201cavergonzarlo\u201d. <\/strong><\/p>\n<p class=\"com-paragraph   --s\">A pesar de las declaraciones de Trump, representantes de los cuatro expresidentes vivos -tres dem\u00f3cratas y un republicano- se\u00f1alaron que ninguno estuvo en contacto con el mandatario recientemente.<\/p>\n<p class=\"com-paragraph   --s\">Trump cont\u00f3 la historia por primera vez durante unas declaraciones extensas que hizo sobre la <strong>guerra con Ir\u00e1n <\/strong>al abrir un encuentro de la junta directiva del Kennedy Center. El l\u00edder republicano es el director de la junta y celebr\u00f3 la reuni\u00f3n en la Casa Blanca. <\/p>\n<p class=\"com-paragraph   --s\">All\u00ed, repiti\u00f3 que Ir\u00e1n ha sido una amenaza para Estados Unidos durante d\u00e9cadas, pero sostuvo que \u00e9l es el \u00fanico jefe de Estado que tuvo el valor de hacer algo al respecto. \u201cMiren, durante 47 a\u00f1os, ning\u00fan presidente estuvo dispuesto a hacer lo que yo estoy haciendo, y debieron haberlo hecho hace mucho tiempo\u201d, marc\u00f3. <\/p>\n<\/div>\n\n","protected":false},"excerpt":{"rendered":"<p>WASHINGTON.- El presidente Donald Trump sorprendi\u00f3 el lunes al asegurar que obtuvo una suerte de \u201cconfesi\u00f3n\u201d de un exmandatario norteamericano durante un encuentro en el Despacho Oval. Seg\u00fan relat\u00f3, su antecesor se mostr\u00f3 arrepentido por no haber atacado a Ir\u00e1n del modo en que lo est\u00e1 haciendo Estados Unidos desde hace m\u00e1s de dos semanas. [&hellip;]<\/p>\n","protected":false},"author":2,"featured_media":229491,"comment_status":"closed","ping_status":"closed","sticky":false,"template":"","format":"standard","meta":{"footnotes":""},"categories":[1],"tags":[],"class_list":["post-229490","post","type-post","status-publish","format-standard","has-post-thumbnail","hentry","category-uncategorized"],"_links":{"self":[{"href":"https:\/\/radioacuariofm.com.ar\/index.php?rest_route=\/wp\/v2\/posts\/229490","targetHints":{"allow":["GET"]}}],"collection":[{"href":"https:\/\/radioacuariofm.com.ar\/index.php?rest_route=\/wp\/v2\/posts"}],"about":[{"href":"https:\/\/radioacuariofm.com.ar\/index.php?rest_route=\/wp\/v2\/types\/post"}],"author":[{"embeddable":true,"href":"https:\/\/radioacuariofm.com.ar\/index.php?rest_route=\/wp\/v2\/users\/2"}],"replies":[{"embeddable":true,"href":"https:\/\/radioacuariofm.com.ar\/index.php?rest_route=%2Fwp%2Fv2%2Fcomments&post=229490"}],"version-history":[{"count":1,"href":"https:\/\/radioacuariofm.com.ar\/index.php?rest_route=\/wp\/v2\/posts\/229490\/revisions"}],"predecessor-version":[{"id":229492,"href":"https:\/\/radioacuariofm.com.ar\/index.php?rest_route=\/wp\/v2\/posts\/229490\/revisions\/229492"}],"wp:featuredmedia":[{"embeddable":true,"href":"https:\/\/radioacuariofm.com.ar\/index.php?rest_route=\/wp\/v2\/media\/229491"}],"wp:attachment":[{"href":"https:\/\/radioacuariofm.com.ar\/index.php?rest_route=%2Fwp%2Fv2%2Fmedia&parent=229490"}],"wp:term":[{"taxonomy":"category","embeddable":true,"href":"https:\/\/radioacuariofm.com.ar\/index.php?rest_route=%2Fwp%2Fv2%2Fcategories&post=229490"},{"taxonomy":"post_tag","embeddable":true,"href":"https:\/\/radioacuariofm.com.ar\/index.php?rest_route=%2Fwp%2Fv2%2Ftags&post=229490"}],"curies":[{"name":"wp","href":"https:\/\/api.w.org\/{rel}","templated":true}]}}