{"id":229484,"date":"2026-03-17T12:37:59","date_gmt":"2026-03-17T15:37:59","guid":{"rendered":"https:\/\/radioacuariofm.com.ar\/?p=229484"},"modified":"2026-03-17T12:38:00","modified_gmt":"2026-03-17T15:38:00","slug":"una-gran-columna-de-humo-sale-de-un-edificio-en-manhattan","status":"publish","type":"post","link":"https:\/\/radioacuariofm.com.ar\/?p=229484","title":{"rendered":"Una gran columna de humo sale de un edificio en Manhattan"},"content":{"rendered":"<p> <br \/>\n<\/p>\n<div>\n<p class=\"com-paragraph  --capital --s\">Un <strong>fuerte incendio se report\u00f3 en un edificio de la ciudad de Nueva York<\/strong>, por lo que varias unidades del Departamento de Bomberos de Nueva York (FDNY) trabajan en las inmediaciones de la terraza ubicada en la calle 43 Este, entre la <strong>Quinta Avenida y la avenida Madison<\/strong>, en el barrio de <strong>Midtown Manhattan<\/strong>, seg\u00fan inform\u00f3 el medio <a href=\"https:\/\/www.foxnews.com\/us\/nyc-rooftop-fire-casts-shadow-st-patricks-day-parade\" target=\"_blank\" title=\"https:\/\/www.foxnews.com\/us\/nyc-rooftop-fire-casts-shadow-st-patricks-day-parade\" class=\"com-link break-word\" data-mrf-recirculation=\"n_link_parrafo\" rel=\"nofollow\"><em>Fox News<\/em><\/a>.<\/p>\n<p class=\"com-paragraph   --s\">El foco \u00edgneo est\u00e1 a metros de donde la Gran Manzana celebra este martes el <a href=\"https:\/\/www.lanacion.com.ar\/estados-unidos\/nueva-york\/alerta-en-nueva-york-hoy-calles-cerradas-por-agentes-y-desvios-por-operativo-del-desfile-de-san-nid17032026\/\" target=\"_self\" title=\"https:\/\/www.lanacion.com.ar\/estados-unidos\/nueva-york\/alerta-en-nueva-york-hoy-calles-cerradas-por-agentes-y-desvios-por-operativo-del-desfile-de-san-nid17032026\/\" class=\"com-link break-word\" data-mrf-recirculation=\"n_link_parrafo\"><strong>tradicional desfile del D\u00eda de San Patricio<\/strong><\/a>. Estimaciones de <a href=\"https:\/\/www.cbsnews.com\/newyork\/news\/fire-midtown-manhattan-nyc\/\" target=\"_blank\" title=\"https:\/\/www.cbsnews.com\/newyork\/news\/fire-midtown-manhattan-nyc\/\" class=\"com-link break-word\" data-mrf-recirculation=\"n_link_parrafo\" rel=\"nofollow\"><em>CBS<\/em><\/a><em> <\/em>marcan que <strong>dos millones de personas<\/strong> se congregar\u00e1n en la Quinta Avenida para presenciar el desfile, que est\u00e1 programado para comenzar a las <strong>11 desde la calle 44<\/strong>.<\/p>\n<p class=\"com-paragraph   --s\">En tanto, una alerta especial de las autoridades sobre el incendio indicaba que la gente deb\u00eda esperar <strong>retrasos en el tr\u00e1fico<\/strong>, <strong>cierres de calles<\/strong>, <strong>interrupciones <\/strong>en el transporte p\u00fablico y <strong>personal de emergencia<\/strong> en la zona. <\/p>\n<div class=\"content-media cursor-pointer container-center-100\">\n<section class=\"media-container relative ratio-16-9 mod-media pb-32\">\n<figure class=\"mod-video\">\n<div class=\"video-player bg-black ratio-16-9\" data-has-jwplayer=\"true\" data-video-id-jw=\"BCUNOo6S\" data-config=\"{&quot;title&quot;:&quot;Incendio en un edificio cerca de Grand Central Station, en Nueva York&quot;,&quot;mediaId&quot;:&quot;BCUNOo6S&quot;,&quot;playerId&quot;:&quot;ih0086X3&quot;,&quot;playlist&quot;:[{&quot;mediaid&quot;:&quot;BCUNOo6S&quot;,&quot;sources&quot;:[{&quot;file&quot;:&quot;https:\/\/cdn.jwplayer.com\/manifests\/BCUNOo6S.m3u8&quot;,&quot;type&quot;:&quot;application\/vnd.apple.mpegurl&quot;},{&quot;bitrate&quot;:459546,&quot;file&quot;:&quot;https:\/\/cdn.jwplayer.com\/videos\/BCUNOo6S-kTExGaWf.mp4&quot;,&quot;filesize&quot;:861649,&quot;framerate&quot;:30,&quot;height&quot;:320,&quot;label&quot;:&quot;180p&quot;,&quot;type&quot;:&quot;video\/mp4&quot;,&quot;width&quot;:180},{&quot;bitrate&quot;:704880,&quot;file&quot;:&quot;https:\/\/cdn.jwplayer.com\/videos\/BCUNOo6S-K8B0kybS.mp4&quot;,&quot;filesize&quot;:1321650,&quot;framerate&quot;:30,&quot;height&quot;:480,&quot;label&quot;:&quot;270p&quot;,&quot;type&quot;:&quot;video\/mp4&quot;,&quot;width&quot;:270},{&quot;bitrate&quot;:1748283,&quot;file&quot;:&quot;https:\/\/cdn.jwplayer.com\/videos\/BCUNOo6S-46NIuRKO.mp4&quot;,&quot;filesize&quot;:3278031,&quot;framerate&quot;:30,&quot;height&quot;:1280,&quot;label&quot;:&quot;720p&quot;,&quot;type&quot;:&quot;video\/mp4&quot;,&quot;width&quot;:720},{&quot;bitrate&quot;:116491,&quot;file&quot;:&quot;https:\/\/cdn.jwplayer.com\/videos\/BCUNOo6S-hz5z2Tv4.m4a&quot;,&quot;filesize&quot;:218421,&quot;label&quot;:&quot;AAC Audio&quot;,&quot;type&quot;:&quot;audio\/mp4&quot;},{&quot;bitrate&quot;:769115,&quot;file&quot;:&quot;https:\/\/cdn.jwplayer.com\/videos\/BCUNOo6S-FnZGUVnC.mp4&quot;,&quot;filesize&quot;:1442091,&quot;framerate&quot;:30,&quot;height&quot;:640,&quot;label&quot;:&quot;360p&quot;,&quot;type&quot;:&quot;video\/mp4&quot;,&quot;width&quot;:360},{&quot;bitrate&quot;:1244361,&quot;file&quot;:&quot;https:\/\/cdn.jwplayer.com\/videos\/BCUNOo6S-0G6Pwvlw.mp4&quot;,&quot;filesize&quot;:2333177,&quot;framerate&quot;:30,&quot;height&quot;:960,&quot;label&quot;:&quot;540p&quot;,&quot;type&quot;:&quot;video\/mp4&quot;,&quot;width&quot;:540}]}],&quot;hasAutoplay&quot;:false,&quot;autostart&quot;:true,&quot;tagsUrl&quot;:&quot;https:\/\/pubads.g.doubleclick.net\/gampad\/ads?slotname=\/133919216\/la_nacion_video\/nota\/preroll&amp;sz=640x480|400x300&amp;ciu_szs=300x250&amp;unviewed_position_start=1&amp;output=vast&amp;impl=s&amp;env=vp&amp;gdfp_req=1&amp;ad_rule=0&amp;vad_type=linear&amp;vpos=preroll&amp;cust_params=tags_nuevos%3Dte_nueva_york%2Cte_incendio%2Cca_el_mundo%2C%2CFCMAAJQWLFH6XFY6ZP2QAYOKTI&amp;pod=3&amp;ppos=1&amp;lip=true&amp;min_ad_duration=0&amp;max_ad_duration=30000&amp;vrid=6256&amp;url=https%3A%2F%2Fwww.lanacion.com.ar%2Fel-mundo%2Fincendio-en-nueva-york-una-gran-columna-de-humo-sale-de-un-edificio-en-manhattan-nid17032026%2F%3Fvariant%3DA%26utm_term%3DAutofeed%26utm_source%3DFacebook%26utm_medium%3DEchobox&amp;description_url=https%3A%2F%2Fwww.lanacion.com.ar%2Fel-mundo%2Fincendio-en-nueva-york-una-gran-columna-de-humo-sale-de-un-edificio-en-manhattan-nid17032026%2F%3Fvariant%3DA%26utm_term%3DAutofeed%26utm_source%3DFacebook%26utm_medium%3DEchobox&amp;video_doc_id=short_onecue&amp;cmsid=496&amp;kfa=0&amp;tfcd=0&amp;correlator=1773761831506&quot;,&quot;arcSite&quot;:&quot;la-nacion-ar&quot;}\">\n<div id=\"facade-BCUNOo6S\" class=\"content-facade-jw relative bg-black ratio-16-9\"><picture><source media=\"(max-width: 767px)\" srcset=\"https:\/\/resizer.glanacion.com\/resizer\/v2\/https%3A%2F%2Fcdn.jwplayer.com%2Fv2%2Fmedia%2FBCUNOo6S%2Fposter.jpg%3Fwidth%3D720?auth=fb5dab892bf6e2e98563152e4c871e8972daa5df883a666e124b41a6939432c8&amp;width=480&amp;quality=70&amp;smart=false\"\/><\/picture><\/div>\n<\/div><figcaption class=\"border border-1 border-bottom border-light-300 relative px-16 py-8 min-h-36 w-100_md px-0_l mb-8 bg-white\"><span class=\"text ln-text text-16 block\">Incendio en un edificio cerca de Grand Central Station, en Nueva York<\/span><\/figcaption><\/figure>\n<\/section>\n<\/div>\n<p class=\"com-paragraph   --s\">Seg\u00fan informaron las autoridades, el incendio se origin\u00f3<strong> debido a fallas en el sistema de climatizaci\u00f3n del edificio<\/strong>, pero la intensidad de las llamas requiere que sea una operaci\u00f3n con la presencia de todo el personal. El incendio, que comenz\u00f3 poco antes de las 10, <strong>no provoc\u00f3 ning\u00fan herido<\/strong>. <\/p>\n<div class=\"content-media\">\n<section role=\"button\" class=\"mod-media   \">\n<figure role=\"button\" tabindex=\"0\" class=\"mod-figure \"><figcaption class=\"mod-figcaption\"><span class=\"com-text --caption --twoxs\">El incendio del edificio en Nueva York.<\/span><span class=\"com-text --credit --twoxs\">TIMOTHY A. CLARY &#8211; AFP<\/span><\/figcaption><\/figure>\n<\/section>\n<\/div>\n<p class=\"com-paragraph   --s\">El tradicional evento no solo lleva m\u00fasica y tradici\u00f3n, sino que tambi\u00e9n implica un <strong>fuerte operativo de seguridad, cortes masivos de tr\u00e1nsito y desv\u00edos <\/strong>que afectan a buena parte de Manhattan. Desde temprano, se <strong>reorganiza la circulaci\u00f3n en torno a la Quinta Avenida<\/strong>, donde se concentra el evento que convoca a miles de personas.<\/p>\n<p class=\"com-paragraph   --s\">Seg\u00fan inform\u00f3 <em>ABC 7<\/em>, <strong>recorre la Quinta Avenida desde la calle 44 hasta la calle 79<\/strong>. Desde las 11, se extender\u00e1 durante la jornada, cuando <strong>atravesar\u00e1 puntos ic\u00f3nicos como la Catedral de San Patricio <\/strong>y avanzar\u00e1 hacia el norte de la ciudad.<\/p>\n<div class=\"content-media\">\n<section role=\"button\" class=\"mod-media   \">\n<figure role=\"button\" tabindex=\"0\" class=\"mod-figure \"><figcaption class=\"mod-figcaption\"><span class=\"com-text --caption --twoxs\">El NYPD estableci\u00f3 la zona de concentraci\u00f3n inicial en las inmediaciones de la Terminal Grand Central.<\/span><span class=\"com-text --credit --twoxs\">nycstpatricksparade.org<\/span><\/figcaption><\/figure>\n<\/section>\n<\/div>\n<p class=\"com-paragraph   --s\">El evento re\u00fane a <strong>m\u00e1s de 150 mil participantes<\/strong> y obliga a implementar un amplio operativo log\u00edstico. Bandas musicales, gaiteros y organizaciones de distintas partes del mundo se suman al \u201cGran Mariscal\u201d de este a\u00f1o, que es Robert James McCann, presidente de la junta del <em>Irish Arts Center<\/em>, reconocido por su trabajo en \u201cfortalecer los lazos culturales entre Irlanda y Estados Unidos\u201d, seg\u00fan indic\u00f3 <em>ABC 7<\/em>.<\/p>\n<p class=\"com-paragraph   --s\">Adem\u00e1s, autoridades como <strong>el alcalde Zohran Mamdani <\/strong>y la comisionada de la polic\u00eda <strong>Jessica Tisch<\/strong> tambi\u00e9n participar\u00e1n de la marcha, lo que incrementa a\u00fan m\u00e1s el nivel de seguridad desplegado.<\/p>\n<section class=\"container-center-100 mb-40 border border-bottom border-thin border-neutral-light-700\">\n<hr\/>\n<\/section>\n<\/div>\n\n","protected":false},"excerpt":{"rendered":"<p>Un fuerte incendio se report\u00f3 en un edificio de la ciudad de Nueva York, por lo que varias unidades del Departamento de Bomberos de Nueva York (FDNY) trabajan en las inmediaciones de la terraza ubicada en la calle 43 Este, entre la Quinta Avenida y la avenida Madison, en el barrio de Midtown Manhattan, seg\u00fan [&hellip;]<\/p>\n","protected":false},"author":2,"featured_media":229485,"comment_status":"closed","ping_status":"closed","sticky":false,"template":"","format":"standard","meta":{"footnotes":""},"categories":[1],"tags":[],"class_list":["post-229484","post","type-post","status-publish","format-standard","has-post-thumbnail","hentry","category-uncategorized"],"_links":{"self":[{"href":"https:\/\/radioacuariofm.com.ar\/index.php?rest_route=\/wp\/v2\/posts\/229484","targetHints":{"allow":["GET"]}}],"collection":[{"href":"https:\/\/radioacuariofm.com.ar\/index.php?rest_route=\/wp\/v2\/posts"}],"about":[{"href":"https:\/\/radioacuariofm.com.ar\/index.php?rest_route=\/wp\/v2\/types\/post"}],"author":[{"embeddable":true,"href":"https:\/\/radioacuariofm.com.ar\/index.php?rest_route=\/wp\/v2\/users\/2"}],"replies":[{"embeddable":true,"href":"https:\/\/radioacuariofm.com.ar\/index.php?rest_route=%2Fwp%2Fv2%2Fcomments&post=229484"}],"version-history":[{"count":1,"href":"https:\/\/radioacuariofm.com.ar\/index.php?rest_route=\/wp\/v2\/posts\/229484\/revisions"}],"predecessor-version":[{"id":229486,"href":"https:\/\/radioacuariofm.com.ar\/index.php?rest_route=\/wp\/v2\/posts\/229484\/revisions\/229486"}],"wp:featuredmedia":[{"embeddable":true,"href":"https:\/\/radioacuariofm.com.ar\/index.php?rest_route=\/wp\/v2\/media\/229485"}],"wp:attachment":[{"href":"https:\/\/radioacuariofm.com.ar\/index.php?rest_route=%2Fwp%2Fv2%2Fmedia&parent=229484"}],"wp:term":[{"taxonomy":"category","embeddable":true,"href":"https:\/\/radioacuariofm.com.ar\/index.php?rest_route=%2Fwp%2Fv2%2Fcategories&post=229484"},{"taxonomy":"post_tag","embeddable":true,"href":"https:\/\/radioacuariofm.com.ar\/index.php?rest_route=%2Fwp%2Fv2%2Ftags&post=229484"}],"curies":[{"name":"wp","href":"https:\/\/api.w.org\/{rel}","templated":true}]}}