{"id":229481,"date":"2026-03-17T12:26:53","date_gmt":"2026-03-17T15:26:53","guid":{"rendered":"https:\/\/radioacuariofm.com.ar\/?p=229481"},"modified":"2026-03-17T12:26:54","modified_gmt":"2026-03-17T15:26:54","slug":"que-lugar-esta-peor-y-cual-es-la-unica-provincia-que-esquiva-la-crisis","status":"publish","type":"post","link":"https:\/\/radioacuariofm.com.ar\/?p=229481","title":{"rendered":"Qu\u00e9 lugar est\u00e1 peor y cu\u00e1l es la \u00fanica provincia que esquiva la crisis"},"content":{"rendered":"<p><\/p>\n<div>\n<nav class=\"com-breadcrumb --no-app \"><a class=\"com-link --fourxs\" href=\"https:\/\/www.lanacion.com.ar\/\" title=\"Noticias de LA NACION\"><i class=\"--bullet --fourxs\">&gt;<\/i>LA NACION<\/a><a class=\"com-link --fourxs\" href=\"https:\/\/www.lanacion.com.ar\/economia\/\" title=\"Noticias de Econom\u00eda\"><i class=\"--bullet --fourxs\">&gt;<\/i>Econom\u00eda<\/a><\/nav>\n<div class=\"mod-date-container flex flex-column gap-8 mb-16 text-neutral-light-600 jc-between flex-row_sm ai-center_sm\">\n<ul class=\"mod-date flex jc-start ai-center --bullet-list_12 w-100\">\n<li class=\"flex ai-center\"><time class=\"com-date --twoxs\" datetime=\"17 de marzo de 2026\">17 de marzo de 2026<\/time><\/li>\n<li class=\"mod-date-hour flex ai-center\"><time class=\"com-hour --twoxs\">11:08<\/time><\/li>\n<li class=\"reading-time flex bullet-sm-none ml-auto_max767 flex gap-2 ai-center\"><i class=\"icon\" style=\"height:20px\"><\/i><span class=\"text text-neutral-light-700\">7<!-- --> <span class=\"sm-none\">minutos<!-- --> de lectura<\/span><span class=\"sm-only\">&#8216;<\/span><\/span><\/li>\n<\/ul>\n<\/div>\n<p class=\"com-paragraph  --capital --s\">En las \u00faltimas semanas varias <strong>empresas de distintos rubros quedaron en el centro de la escena por cierres, quiebras o dificultades financieras.<\/strong> Entre los casos m\u00e1s emblem\u00e1ticos aparecen el cierre de la f\u00e1brica de neum\u00e1ticos<a href=\"https:\/\/www.lanacion.com.ar\/politica\/dieron-marcha-atras-con-la-orden-judicial-de-desalojo-y-lanzamiento-de-fate-nid09032026\/\" target=\"_self\" title=\"https:\/\/www.lanacion.com.ar\/politica\/dieron-marcha-atras-con-la-orden-judicial-de-desalojo-y-lanzamiento-de-fate-nid09032026\/\" class=\"com-link break-word\" data-mrf-recirculation=\"n_link_parrafo\"> Fate<\/a>, la quiebra de la cadena de electrodom\u00e9sticos <a href=\"https:\/\/www.lanacion.com.ar\/economia\/negocios\/quiebra-de-garbarino-carlos-rosales-rompio-el-silencio-y-defendio-su-gestion-nid05032026\/\" target=\"_self\" title=\"https:\/\/www.lanacion.com.ar\/economia\/negocios\/quiebra-de-garbarino-carlos-rosales-rompio-el-silencio-y-defendio-su-gestion-nid05032026\/\" class=\"com-link break-word\" data-mrf-recirculation=\"n_link_parrafo\">Garbarino <\/a>y la crisis de la l\u00e1ctea <a href=\"https:\/\/www.lanacion.com.ar\/economia\/campo\/notoria-crisis-lacteos-veronica-que-tiene-700-empleados-redujo-la-jornada-laboral-a-cuatro-horas-nid09032026\/\" target=\"_self\" title=\"https:\/\/www.lanacion.com.ar\/economia\/campo\/notoria-crisis-lacteos-veronica-que-tiene-700-empleados-redujo-la-jornada-laboral-a-cuatro-horas-nid09032026\/\" class=\"com-link break-word\" data-mrf-recirculation=\"n_link_parrafo\">Ver\u00f3nica,<\/a> situaciones que reflejan <strong>problemas que atraviesan distintos sectores y regiones del pa\u00eds.<\/strong><\/p>\n<p class=\"com-paragraph   --s\">Seg\u00fan datos de la Superintendencia de Riesgos del Trabajo, <strong>entre noviembre de 2023 y diciembre de 2025 el n\u00famero de empleadores o unidades productivas se redujo en 22.608<\/strong> considerando altas y bajas. La \u00fanica provincia que mostr\u00f3 un aumento en la cantidad de empleadores fue<strong> <\/strong><a href=\"https:\/\/www.lanacion.com.ar\/economia\/solo-dos-provincias-crearon-empleo-privado-desde-que-asumio-milei-nid06032026\/\" target=\"_self\" title=\"https:\/\/www.lanacion.com.ar\/economia\/solo-dos-provincias-crearon-empleo-privado-desde-que-asumio-milei-nid06032026\/\" class=\"com-link break-word\" data-mrf-recirculation=\"n_link_parrafo\"><strong>Neuqu\u00e9n,<\/strong><\/a><strong> impulsada por la actividad vinculada a Vaca Muerta.<\/strong><\/p>\n<p class=\"com-paragraph   --s\">En paralelo, de acuerdo con informaci\u00f3n de la Secretar\u00eda de Trabajo, crecieron los <strong>procedimientos preventivos de crisis,<\/strong> la instancia previa a despidos en la que las empresas negocian con los sindicatos para evitar cierres o reducciones de personal. <strong>Mientras que en 2023 hubo 42 casos en tr\u00e1mite, en 2024 fueron 131 y en 2025 ascendieron a 158. En lo que va de 2026 se registran 21 expedientes, <\/strong>entre ellos los de f\u00e1brica de termos <a href=\"https:\/\/www.lanacion.com.ar\/economia\/negocios\/lumilagro-se-reinventa-para-resistir-a-la-crisis-del-vidrio-nid13032026\/\" target=\"_self\" title=\"https:\/\/www.lanacion.com.ar\/economia\/negocios\/lumilagro-se-reinventa-para-resistir-a-la-crisis-del-vidrio-nid13032026\/\" class=\"com-link break-word\" data-mrf-recirculation=\"n_link_parrafo\"><strong>Lumilagro<\/strong><\/a><strong> y la av\u00edcola <\/strong><a href=\"https:\/\/www.lanacion.com.ar\/economia\/campo\/se-veia-venir-granja-tres-arroyos-acumulo-mas-de-7000-millones-en-cheques-rechazados-y-hay-alerta-en-nid19022026\/\" target=\"_self\" title=\"https:\/\/www.lanacion.com.ar\/economia\/campo\/se-veia-venir-granja-tres-arroyos-acumulo-mas-de-7000-millones-en-cheques-rechazados-y-hay-alerta-en-nid19022026\/\" class=\"com-link break-word\" data-mrf-recirculation=\"n_link_parrafo\"><strong>Tres Arroyos.<\/strong><\/a><\/p>\n<p><ln-info-responsive post-id=\"1111\" id=\"ln-info-responsive-1111\" style=\"display:block;\"\/> \u00a0 \u00a0\n<\/p>\n<p class=\"com-paragraph   --s\">Entre los factores que explican estas situaciones, empresarios y especialistas mencionan la <strong>apertura de importaciones,<\/strong> la <strong>ca\u00edda del consumo, <\/strong>la <strong>baja de la rentabilidad, <\/strong>el <strong>aumento de las tasas de inter\u00e9s <\/strong>y el <strong>crecimiento de la morosidad.<\/strong><\/p>\n<p class=\"com-paragraph   --s\">Ricardo Diab, presidente de la Confederaci\u00f3n Argentina de la Mediana Empresa (<strong>CAME<\/strong>), se\u00f1al\u00f3 que la principal preocupaci\u00f3n entre las pymes que integran la entidad es la <strong>ca\u00edda del consumo minorista.<\/strong><\/p>\n<p class=\"com-paragraph   --s\">\u201cEs una situaci\u00f3n que venimos viendo desde hace varios meses. Enero y febrero de 2025 dieron resultados positivos, pero contra una base muy baja de enero y febrero de 2024, que hab\u00edan sido meses muy duros. A partir de ah\u00ed, en la mayor\u00eda de los rubros se registr\u00f3 una ca\u00edda del consumo\u201d, explic\u00f3.<\/p>\n<p class=\"com-paragraph   --s\">Seg\u00fan indic\u00f3, hubo una mejora transitoria en algunos sectores. \u201cEn indumentaria y marroquiner\u00eda se vio cierta recuperaci\u00f3n durante unos meses cuando apareci\u00f3 el cr\u00e9dito, pero despu\u00e9s incluso en esos productos volvi\u00f3 a sentirse la ca\u00edda por la<strong> falta de poder adquisitivo y el bajo incentivo al consumo\u201d,<\/strong> agreg\u00f3.<\/p>\n<p class=\"com-paragraph   --s\"><strong>El CEO de una cadena de<\/strong><a href=\"https:\/\/www.lanacion.com.ar\/economia\/electrodomesticos-cuotas-y-descuentos-para-cazar-consumidores-en-medio-de-la-caida-de-ventas-y-la-nid05032026\/\" target=\"_self\" title=\"https:\/\/www.lanacion.com.ar\/economia\/electrodomesticos-cuotas-y-descuentos-para-cazar-consumidores-en-medio-de-la-caida-de-ventas-y-la-nid05032026\/\" class=\"com-link break-word\" data-mrf-recirculation=\"n_link_parrafo\"><strong> electrodom\u00e9sticos <\/strong><\/a>con presencia nacional, que pidi\u00f3 reserva de su nombre, sostuvo que en su sector la<strong> rentabilidad cay\u00f3 cerca de 50%.<\/strong> Seg\u00fan explic\u00f3, en ese contexto hay empresas con estructuras financieras m\u00e1s s\u00f3lidas y otras que arrastran deudas previas, lo que complica un poco m\u00e1s las cosas.<\/p>\n<p class=\"com-paragraph   --s\">De acuerdo con su relato, durante el a\u00f1o pasado muchos actores comenzaron a importar mercader\u00eda y, tras la ca\u00edda del consumo registrada a partir de abril, salieron a venderla con precios extremadamente bajos. \u201cEso hizo que todos en el sector tuvi\u00e9ramos que achicar rentabilidad para seguir vendiendo\u201d, dijo. Tambi\u00e9n mencion\u00f3 el <strong>impacto de las tasas de inter\u00e9s:<\/strong> \u201cEntre junio y septiembre muchos tuvimos que endeudarnos o vender cheques. Adem\u00e1s aument\u00f3 la morosidad\u201d.<\/p>\n<div class=\"content-media\">\n<section role=\"button\" class=\"mod-media   \">\n<figure role=\"button\" tabindex=\"0\" class=\"mod-figure \"><figcaption class=\"mod-figcaption\"><span class=\"com-text --caption --twoxs\">La morosidad entre los clientes de cadenas de electrodom\u00e9sticos llega al 41% en promedio<\/span><span class=\"com-text --credit --twoxs\">Daniel Basualdo<\/span><\/figcaption><\/figure>\n<\/section>\n<\/div>\n<p class=\"com-paragraph   --s\">En tanto, desde un estudio jur\u00eddico especializado en concursos de acreedores, Valent\u00edn Mart\u00ednez, socio de Naveira, Truffat, Mart\u00ednez, Ferrari &amp; Mallo abogados explic\u00f3 que <strong>\u201cel cambio en las condiciones macroecon\u00f3micas hizo que algunos sectores empezaran a enfrentar mayores tensiones financieras\u201d.<\/strong><\/p>\n<p class=\"com-paragraph   --s\">\u201cHay estructuras empresarias muy grandes a las que<strong> los costos fijos les aumentaron significativamente <\/strong>mientras que <strong>la rentabilidad se redujo de manera importante. <\/strong>A esto se sumaron movimientos del tipo de cambio en la previa de las elecciones legislativas y una <strong>suba de tasas que encareci\u00f3 el financiamiento. <\/strong>En ese contexto, muchas empresas comenzaron a refinanciar pasivos a costos m\u00e1s altos o a utilizar activos o capital de trabajo para afrontar obligaciones corrientes, como salarios o indemnizaciones. Esto gener\u00f3 un escenario que, con variaciones, se repite en distintos sectores\u201d, explic\u00f3 el letrado.<\/p>\n<p class=\"com-paragraph   --s\">Seg\u00fan su an\u00e1lisis, algunos sectores arrastran dificultades desde hace varios a\u00f1os.<strong> Actividades vinculadas al comercio exterior<\/strong> contin\u00faan impactadas por restricciones cambiarias pasadas. El<a href=\"https:\/\/www.lanacion.com.ar\/economia\/una-empresa-textil-solicito-su-concurso-preventivo-de-acreedores-nid13022026\/\" target=\"_self\" title=\"https:\/\/www.lanacion.com.ar\/economia\/una-empresa-textil-solicito-su-concurso-preventivo-de-acreedores-nid13022026\/\" class=\"com-link break-word\" data-mrf-recirculation=\"n_link_parrafo\"><strong> textil <\/strong><\/a>se vio afectado por la mayor apertura importadora, la ca\u00edda de m\u00e1rgenes y la retracci\u00f3n del consumo; mientras que el <strong>sector l\u00e1cteo <\/strong>atraviesa una situaci\u00f3n particularmente compleja vinculada tanto a cuestiones de mercado como a la estructura de costos. <\/p>\n<p class=\"com-paragraph   --s\">Un productor de Arroyito, C\u00f3rdoba, sum\u00f3 otros factores. Seg\u00fan indic\u00f3, el precio de equilibrio para el litro de leche ronda los $550, mientras que el productor recibe en promedio $478 a nivel nacional. A eso se suman tasas de inter\u00e9s que oscilan entre el 45% y el 65% anual, seg\u00fan la entidad financiera, y una carga impositiva que, estim\u00f3, representa cerca del 30% del precio final en g\u00f3ndola.<\/p>\n<p class=\"com-paragraph   --s\">El productor sostuvo adem\u00e1s que uno de los problemas de fondo es la falta de una estrategia coordinada entre Naci\u00f3n, provincias y municipios para el sector.<\/p>\n<div class=\"content-media\">\n<section role=\"button\" class=\"mod-media   \">\n<figure role=\"button\" tabindex=\"0\" class=\"mod-figure \"><figcaption class=\"mod-figcaption\"><span class=\"com-text --caption --twoxs\">El sector l\u00e1cteo atraviesa una situaci\u00f3n particularmente compleja vinculada tanto a cuestiones de mercado como a la estructura de costos <\/span><\/figcaption><\/figure>\n<\/section>\n<\/div>\n<p class=\"com-paragraph   --s\">Especialistas en <strong>concursos de acreedores<\/strong> tambi\u00e9n observan un<strong> aumento de consultas por parte de pymes con niveles de endeudamiento que oscilan entre $2000 millones y $10.000 millones. <\/strong>\u201cDurante el proceso se suspenden los intereses, lo cual, en una econom\u00eda que a\u00fan mantiene niveles de inflaci\u00f3n significativos, resulta particularmente favorable para empresas que conservan un negocio viable y tienen un problema esencialmente financiero\u201d, destac\u00f3 Mart\u00ednez. <\/p>\n<p class=\"com-paragraph   --s\">Por otro lado, al referirse a los procesos de quiebra, distingui\u00f3 entre situaciones como la de <a href=\"https:\/\/www.lanacion.com.ar\/economia\/campo\/fuerte-decision-la-justicia-decreto-la-quiebra-de-bioceres-sa-la-empresa-del-agro-envuelta-en-una-nid03032026\/\" target=\"_self\" title=\"https:\/\/www.lanacion.com.ar\/economia\/campo\/fuerte-decision-la-justicia-decreto-la-quiebra-de-bioceres-sa-la-empresa-del-agro-envuelta-en-una-nid03032026\/\" class=\"com-link break-word\" data-mrf-recirculation=\"n_link_parrafo\">Bioceres<\/a>, donde existi\u00f3 un pedido de quiebra propio, y aquellos casos en los que la solicitud es promovida por acreedores ante un escenario de cesaci\u00f3n de pagos, como ocurri\u00f3 con empresas como <a href=\"https:\/\/www.lanacion.com.ar\/economia\/campo\/debe-casi-us140-millones-verificaron-el-pasivo-de-la-lactea-sancor-y-un-dato-resulto-sorprendente-nid25022026\/\" target=\"_self\" title=\"https:\/\/www.lanacion.com.ar\/economia\/campo\/debe-casi-us140-millones-verificaron-el-pasivo-de-la-lactea-sancor-y-un-dato-resulto-sorprendente-nid25022026\/\" class=\"com-link break-word\" data-mrf-recirculation=\"n_link_parrafo\">SanCor <\/a>o Garbarino.<\/p>\n<p class=\"com-paragraph   --s\">Otro abogado especializado en concursos se\u00f1al\u00f3 que <strong>muchas de las consultas provienen del sector industrial.<\/strong> \u201cLa apertura comercial impacta sobre la producci\u00f3n local, que tiene costos m\u00e1s altos. La industria textil es uno de los ejemplos m\u00e1s claros, pero en general toda la manufactura enfrenta dificultades para competir por precio con productos importados\u201d, dijo.<\/p>\n<p class=\"com-paragraph   --s\">Seg\u00fan el \u00faltimo Monitor de Desempe\u00f1o Industrial elaborado por la Uni\u00f3n Industrial Argentina (<a href=\"https:\/\/www.lanacion.com.ar\/economia\/en-respuesta-a-las-criticas-del-gobierno-la-uia-reporta-caidas-de-mas-del-50-en-la-produccion-nid04032026\/\" target=\"_self\" title=\"https:\/\/www.lanacion.com.ar\/economia\/en-respuesta-a-las-criticas-del-gobierno-la-uia-reporta-caidas-de-mas-del-50-en-la-produccion-nid04032026\/\" class=\"com-link break-word\" data-mrf-recirculation=\"n_link_parrafo\">UIA<\/a>), el <strong>45,6% de las empresas tiene dificultades para afrontar al menos uno de los siguientes pagos: salarios, proveedores, compromisos financieros, servicios p\u00fablicos o impuestos.<\/strong><\/p>\n<p class=\"com-paragraph   --s\"><strong>Las mayores complicaciones se registran en el pago de impuestos y proveedores<\/strong>. El 5,4% de las firmas relevadas inform\u00f3 atrasos en todos esos compromisos. Entre las consecuencias m\u00e1s mencionadas aparecen el pago de intereses y mayores costos financieros (39,8%) y el aumento del endeudamiento o la necesidad de financiamiento de corto plazo (38,1%).<\/p>\n<p class=\"com-paragraph   --s\">El informe tambi\u00e9n se\u00f1ala que <strong>el 46,1% de las empresas identifica la ca\u00edda de la demanda interna como su principal problema<\/strong>. En <strong>segundo lugar <\/strong>aparecen los <strong>costos<\/strong>, aunque con menor peso que un a\u00f1o atr\u00e1s. Al mismo tiempo crecieron las <strong>preocupaciones vinculadas a la competencia externa<\/strong>: la dificultad para competir con bienes importados pas\u00f3 de no registrar menciones en octubre de 2024 a representar el 19,4% en enero de 2026.<\/p>\n<p class=\"com-paragraph   --s\">Desde la entidad fabril se\u00f1alaron que m\u00e1s all\u00e1 de la apertura de importaciones<strong>, el debate debe contemplar las condiciones en las que produce la industria local frente a las de otros pa\u00edses.<\/strong><\/p>\n<p class=\"com-paragraph   --s\">\u201cEn muchos pa\u00edses se subsidian servicios e insumos, mientras que ac\u00e1 las empresas enfrentan <strong>altos costos de financiamiento y log\u00edstica,<\/strong> adem\u00e1s de <strong>tasas municipales <\/strong>e <strong>ingresos brutos<\/strong> a nivel provincial. El textil es uno de los sectores m\u00e1s golpeados porque es una cadena extensa, con muchos eslabones, y en cada uno termina aplic\u00e1ndose ese impuesto, adem\u00e1s de los <strong>tributos nacionales<\/strong>\u201d, indicaron.<\/p>\n<div class=\"content-media\">\n<section role=\"button\" class=\"mod-media   \">\n<figure role=\"button\" tabindex=\"0\" class=\"mod-figure \"><figcaption class=\"mod-figcaption\"><span class=\"com-text --caption --twoxs\">El textil es uno de los sectores m\u00e1s golpeados porque es una cadena extensa, con muchos eslabones, y en cada uno termina aplic\u00e1ndose ingresos brutos <\/span><span class=\"com-text --credit --twoxs\">JUAN MABROMATA &#8211; AFP<\/span><\/figcaption><\/figure>\n<\/section>\n<\/div>\n<p class=\"com-paragraph   --s\">Seg\u00fan explicaron, esa estructura de costos impacta en la competitividad de la producci\u00f3n local. \u201cLas empresas trabajan puertas adentro de la f\u00e1brica en sus estructuras de costos y la eficiencia de sus procesos, pero cuando cruzas la puerta aparecen estas cargas que influyen en la competitividad\u201d, agregaron.<\/p>\n<section class=\"container-center-100 mb-40 border border-bottom border-thin border-neutral-light-700\">\n<hr\/>\n<\/section>\n<\/div>\n","protected":false},"excerpt":{"rendered":"<p>&gt;LA NACION&gt;Econom\u00eda 17 de marzo de 2026 11:08 7 minutos de lectura&#8216; En las \u00faltimas semanas varias empresas de distintos rubros quedaron en el centro de la escena por cierres, quiebras o dificultades financieras. Entre los casos m\u00e1s emblem\u00e1ticos aparecen el cierre de la f\u00e1brica de neum\u00e1ticos Fate, la quiebra de la cadena de electrodom\u00e9sticos [&hellip;]<\/p>\n","protected":false},"author":2,"featured_media":229482,"comment_status":"closed","ping_status":"closed","sticky":false,"template":"","format":"standard","meta":{"footnotes":""},"categories":[28],"tags":[],"class_list":["post-229481","post","type-post","status-publish","format-standard","has-post-thumbnail","hentry","category-economia"],"_links":{"self":[{"href":"https:\/\/radioacuariofm.com.ar\/index.php?rest_route=\/wp\/v2\/posts\/229481","targetHints":{"allow":["GET"]}}],"collection":[{"href":"https:\/\/radioacuariofm.com.ar\/index.php?rest_route=\/wp\/v2\/posts"}],"about":[{"href":"https:\/\/radioacuariofm.com.ar\/index.php?rest_route=\/wp\/v2\/types\/post"}],"author":[{"embeddable":true,"href":"https:\/\/radioacuariofm.com.ar\/index.php?rest_route=\/wp\/v2\/users\/2"}],"replies":[{"embeddable":true,"href":"https:\/\/radioacuariofm.com.ar\/index.php?rest_route=%2Fwp%2Fv2%2Fcomments&post=229481"}],"version-history":[{"count":1,"href":"https:\/\/radioacuariofm.com.ar\/index.php?rest_route=\/wp\/v2\/posts\/229481\/revisions"}],"predecessor-version":[{"id":229483,"href":"https:\/\/radioacuariofm.com.ar\/index.php?rest_route=\/wp\/v2\/posts\/229481\/revisions\/229483"}],"wp:featuredmedia":[{"embeddable":true,"href":"https:\/\/radioacuariofm.com.ar\/index.php?rest_route=\/wp\/v2\/media\/229482"}],"wp:attachment":[{"href":"https:\/\/radioacuariofm.com.ar\/index.php?rest_route=%2Fwp%2Fv2%2Fmedia&parent=229481"}],"wp:term":[{"taxonomy":"category","embeddable":true,"href":"https:\/\/radioacuariofm.com.ar\/index.php?rest_route=%2Fwp%2Fv2%2Fcategories&post=229481"},{"taxonomy":"post_tag","embeddable":true,"href":"https:\/\/radioacuariofm.com.ar\/index.php?rest_route=%2Fwp%2Fv2%2Ftags&post=229481"}],"curies":[{"name":"wp","href":"https:\/\/api.w.org\/{rel}","templated":true}]}}