{"id":229478,"date":"2026-03-17T12:07:59","date_gmt":"2026-03-17T15:07:59","guid":{"rendered":"https:\/\/radioacuariofm.com.ar\/?p=229478"},"modified":"2026-03-17T12:08:01","modified_gmt":"2026-03-17T15:08:01","slug":"san-juan-impulsa-una-jornada-sobre-seguridad-y-salud-mental","status":"publish","type":"post","link":"https:\/\/radioacuariofm.com.ar\/?p=229478","title":{"rendered":"San Juan impulsa una jornada sobre seguridad y salud mental"},"content":{"rendered":"<p><\/p>\n<div>\n<p>El Gobierno de San Juan, a trav\u00e9s del Ministerio de Familia, el Ministerio de Gobierno, el Ministerio de Salud y la Secretar\u00eda de Seguridad llevaron a cabo una reuni\u00f3n con representantes de la Direcci\u00f3n de Ni\u00f1ez, Adolescencia y Familia, y de la C\u00e1mara Civil, en la cual se trataron lineamientos a seguir en torno a la problem\u00e1tica de casos de delitos realizados por personas con problemas de salud mental o pacientes psiqui\u00e1tricos.<\/p>\n<p>La ministra de Gobierno Laura Palma encabez\u00f3 el encuentro en el cual se concret\u00f3 la realizaci\u00f3n de una charla virtual que tendr\u00e1 como protagonista a la jueza estadounidense Ginger Lerner-Wren, pionera en m\u00e9todos de reducci\u00f3n de reincidencia de delincuentes con problemas de salud mental.<\/p>\n<div class=\"embera-embed-responsive embera-embed-responsive-photo embera-embed-responsive-provider-flickr\"><a data-flickr-embed=\"true\" href=\"https:\/\/www.flickr.com\/photos\/gobiernodesanjuan\/55150198797\/\" title=\"2026-03-16 GOBIERNO San Juan impulsa una jornada sobre seguridad y salud mental by Gobierno de San Juan, on Flickr\"><\/a><\/div>\n<p>La actividad tendr\u00e1 lugar <strong>el d\u00eda 30 de marzo desde las 17:30 horas<\/strong> en el espacio del Foro de Abogados de San Juan (calle Jujuy 51 Norte, Capital), evento que contar\u00e1 con el apoyo de dicha entidad, junto al apoyo de la Asociaci\u00f3n Argentina de Justicia Terap\u00e9utica y de la Asociaci\u00f3n Argentina de Derecho Procesal.<\/p>\n<p>Con una destacada trayectoria en casos de criminalizaci\u00f3n y enfermedades mentales, Lerner-Wren impuls\u00f3 la Ley de Tratamiento de Delincuentes con Enfermedad Mental y Reducci\u00f3n del Crimen, aprobada en el a\u00f1o 2000 en Estados Unidos, que contribuy\u00f3 a la disminuci\u00f3n de los casos de reincidencia por parte de pacientes psiqui\u00e1tricos.<\/p>\n<div class=\"embera-embed-responsive embera-embed-responsive-photo embera-embed-responsive-provider-flickr\"><a data-flickr-embed=\"true\" href=\"https:\/\/www.flickr.com\/photos\/gobiernodesanjuan\/55151251683\/\" title=\"2026-03-16 GOBIERNO San Juan impulsa una jornada sobre seguridad y salud mental by Gobierno de San Juan, on Flickr\"><img decoding=\"async\" class=\"embera-embed-responsive-item embera-embed-responsive-item-photo\" src=\"https:\/\/live.staticflickr.com\/65535\/55151251683_48f061de2d_b.jpg\" alt=\"2026-03-16 GOBIERNO San Juan impulsa una jornada sobre seguridad y salud mental\"\/><\/a><\/div>\n<p>Adem\u00e1s de la ministra Palma, la reuni\u00f3n cont\u00f3 con la presencia del secretario de Gobierno, Justicia y Derechos Humanos Juan Jos\u00e9 Dubos, la secretaria de Relaciones Institucionales Claudia Sarmiento; la directora de Ni\u00f1ez, Adolescencia y Familia Raquel Trincado y el juez de la C\u00e1mara Civil Roberto Pag\u00e9s.<\/p>\n<\/p><\/div>\n<p><script async defer crossorigin=\"anonymous\" src=\"https:\/\/connect.facebook.net\/es_ES\/sdk.js#xfbml=1&#038;version=v3.3\"><\/script><\/p>\n","protected":false},"excerpt":{"rendered":"<p>El Gobierno de San Juan, a trav\u00e9s del Ministerio de Familia, el Ministerio de Gobierno, el Ministerio de Salud y la Secretar\u00eda de Seguridad llevaron a cabo una reuni\u00f3n con representantes de la Direcci\u00f3n de Ni\u00f1ez, Adolescencia y Familia, y de la C\u00e1mara Civil, en la cual se trataron lineamientos a seguir en torno a [&hellip;]<\/p>\n","protected":false},"author":2,"featured_media":229479,"comment_status":"closed","ping_status":"closed","sticky":false,"template":"","format":"standard","meta":{"footnotes":""},"categories":[27],"tags":[],"class_list":["post-229478","post","type-post","status-publish","format-standard","has-post-thumbnail","hentry","category-san-juan"],"_links":{"self":[{"href":"https:\/\/radioacuariofm.com.ar\/index.php?rest_route=\/wp\/v2\/posts\/229478","targetHints":{"allow":["GET"]}}],"collection":[{"href":"https:\/\/radioacuariofm.com.ar\/index.php?rest_route=\/wp\/v2\/posts"}],"about":[{"href":"https:\/\/radioacuariofm.com.ar\/index.php?rest_route=\/wp\/v2\/types\/post"}],"author":[{"embeddable":true,"href":"https:\/\/radioacuariofm.com.ar\/index.php?rest_route=\/wp\/v2\/users\/2"}],"replies":[{"embeddable":true,"href":"https:\/\/radioacuariofm.com.ar\/index.php?rest_route=%2Fwp%2Fv2%2Fcomments&post=229478"}],"version-history":[{"count":1,"href":"https:\/\/radioacuariofm.com.ar\/index.php?rest_route=\/wp\/v2\/posts\/229478\/revisions"}],"predecessor-version":[{"id":229480,"href":"https:\/\/radioacuariofm.com.ar\/index.php?rest_route=\/wp\/v2\/posts\/229478\/revisions\/229480"}],"wp:featuredmedia":[{"embeddable":true,"href":"https:\/\/radioacuariofm.com.ar\/index.php?rest_route=\/wp\/v2\/media\/229479"}],"wp:attachment":[{"href":"https:\/\/radioacuariofm.com.ar\/index.php?rest_route=%2Fwp%2Fv2%2Fmedia&parent=229478"}],"wp:term":[{"taxonomy":"category","embeddable":true,"href":"https:\/\/radioacuariofm.com.ar\/index.php?rest_route=%2Fwp%2Fv2%2Fcategories&post=229478"},{"taxonomy":"post_tag","embeddable":true,"href":"https:\/\/radioacuariofm.com.ar\/index.php?rest_route=%2Fwp%2Fv2%2Ftags&post=229478"}],"curies":[{"name":"wp","href":"https:\/\/api.w.org\/{rel}","templated":true}]}}