{"id":229475,"date":"2026-03-17T11:42:19","date_gmt":"2026-03-17T14:42:19","guid":{"rendered":"https:\/\/radioacuariofm.com.ar\/?p=229475"},"modified":"2026-03-17T11:42:20","modified_gmt":"2026-03-17T14:42:20","slug":"fernanda-illanes-gano-medalla-de-oro-en-la-liga-nacional-de-clubes-de-patin","status":"publish","type":"post","link":"https:\/\/radioacuariofm.com.ar\/?p=229475","title":{"rendered":"Fernanda Illanes gan\u00f3 medalla de oro en la Liga Nacional de clubes de pat\u00edn"},"content":{"rendered":"<p><\/p>\n<div>\n<p>El fin de semana pasado se disput\u00f3 la primera fecha de la <strong>Liga Nacional de Clubes de Pat\u00edn Carrera <\/strong>en la Ciudad Deportiva del Parque Valentina.<\/p>\n<p>Fue un importante evento donde confluyeron 26 clubes con 246 deportistas entre los que estuvo la <strong>delegaci\u00f3n de San Juan, encabezada por Fernanda Illanes,<\/strong> <strong>deportista de alto Rendimiento de la Secretar\u00eda de Deporte que brind\u00f3 apoyo para este viaje  <\/strong>en el que nuevamente sobresali\u00f3 a nivel nacional, logrando la medalla de oro en velocidad. Integrando el equipo oriundo de Pocito, acompa\u00f1aron a Fernanda, <strong>Alexander Ram\u00edrez, Martina Macaris, Emma Castro, Nicol\u00e1s Ram\u00f3n,  Bianca Reta <\/strong>y la direcci\u00f3n de<strong> Ver\u00f3nica Dom\u00ednguez<\/strong>. <\/p>\n<p>Respecto a los resultados obtenidos y a lo que ha planificado para el a\u00f1o, Fernanda Illanes coment\u00f3: \u201cCon respecto al nacional, se realiz\u00f3 en la ciudad de Neuqu\u00e9n en un circuito de ruta, en donde estuvimos compitiendo -en mi caso- en todas las carreras, pero  enfoc\u00e1ndome en mi especialidad que es la velocidad, en donde gan\u00e9 la distancia de 100 metros carril y la vuelta sprint que son 400 metros, que es la vuelta al circuito. Las sensaciones fueron muy buenas, siempre obviamente hay algo para mejorar, pero la verdad que estoy feliz de poder haber demostrado el trabajo que se ha venido haciendo. Dentro de todo me he sentido muy c\u00f3moda y con muchas cosas buenas que puedo tomar de este campeonato y a partir de esas cosas ir trabajando para los objetivos de m\u00e1s adelante. Esos objetivos ser\u00edan los Juegos Odesur, que se realizan en septiembre y los World Skate en Paraguay en octubre, as\u00ed que muy contenta de los resultados y agradecer a todos los que pudieron hacer que cada uno de nosotros podamos estar compitiendo en Neuqu\u00e9n y poder traer estos resultados y buenas experiencias de parte de todo el equipo\u201d.<\/p>\n<p><strong>Resultados de patinadores sanjuaninos<\/strong><\/p>\n<p>400 metros \u2013 Quinta damas: 19\u00aa Ema Castro<\/p>\n<p>100 metros Mayores damas: 1\u00aa Fernanda Illanes 11\u201d266; 2\u00aa Micaela Siri 11\u201d353; 3\u00aa Camila Aquino 11\u201d458.<\/p>\n<p>100 metros Varones mayores: 8\u00b0 Alexander Ram\u00edrez; 10\u00b0 Nicol\u00e1s Ram\u00f3n<\/p>\n<p>100 metros Sexta damas: 20\u00aa Bianca Reta<\/p>\n<p>100 metros Quinta Damas: 10\u00aa Emma Castro<\/p>\n<p>15.000 metros Varones mayores (eliminaci\u00f3n): 10\u00b0 Alexander Ram\u00edrez; 18\u00b0 Nicol\u00e1s Ram\u00f3n<\/p>\n<p>15.000 metros Damas mayores (eliminaci\u00f3n): 9\u00aa Fernanda Illanes; 15\u00aa Martina Macaris<\/p>\n<p>400 metros Sexta damas: 21\u00aa Bianca Reta<\/p>\n<p>Vuelta Sprint Mayores damas: 1\u00aa Fernanda Illanes 35\u201d442; 2\u00aa Camila Aquino 35\u201d687; 3\u00aa Micaela Siri 35\u201d734<\/p>\n<p>10.000 metros Varones mayores: 18\u00b0 Nicol\u00e1s Ram\u00f3n; 20\u00b0 Alexander Ram\u00edrez<\/p>\n<p>Vueltas por puntos Varones mayores: 17\u00b0 Nicol\u00e1s Ram\u00f3n<\/p>\n<p>Vueltas por puntos Damas mayores: 6\u00aa Fernanda Illanes; 16\u00aa Martina Macaris<\/p>\n<p>100 metros Sexta damas: 21\u00aa Bianca Reta<\/p>\n<p>Vuelta Sprint Varones mayores: 13\u00b0 Nicol\u00e1s Ram\u00f3n; 17\u00b0 Alexander Ram\u00edrez<\/p>\n<p>El calendario 2026 ya tiene confirmadas el resto de las fechas; la segunda de la Liga nacional se disputar\u00e1 en julio desde el 17 al 19 en <strong>San Juan<\/strong>. La tercera ser\u00e1 en Mar del Plata del 4 al 6 de septiembre, y la \u00faltima se disputar\u00e1 del 13 al 15 de noviembre en Santa Fe.<\/p>\n<p>Por otro lado, el Federativo ser\u00e1 en mayo en Mar del Plata, desde el 8 al 10. Las competencias internacionales ser\u00edan en la segunda mitad del a\u00f1o; el panamericano en agosto, el sudamericano de <strong>Rosario<\/strong> y el Mundial en octubre.<\/p>\n<\/p><\/div>\n<p><script async defer crossorigin=\"anonymous\" src=\"https:\/\/connect.facebook.net\/es_ES\/sdk.js#xfbml=1&#038;version=v3.3\"><\/script><\/p>\n","protected":false},"excerpt":{"rendered":"<p>El fin de semana pasado se disput\u00f3 la primera fecha de la Liga Nacional de Clubes de Pat\u00edn Carrera en la Ciudad Deportiva del Parque Valentina. Fue un importante evento donde confluyeron 26 clubes con 246 deportistas entre los que estuvo la delegaci\u00f3n de San Juan, encabezada por Fernanda Illanes, deportista de alto Rendimiento de [&hellip;]<\/p>\n","protected":false},"author":2,"featured_media":229476,"comment_status":"closed","ping_status":"closed","sticky":false,"template":"","format":"standard","meta":{"footnotes":""},"categories":[27],"tags":[],"class_list":["post-229475","post","type-post","status-publish","format-standard","has-post-thumbnail","hentry","category-san-juan"],"_links":{"self":[{"href":"https:\/\/radioacuariofm.com.ar\/index.php?rest_route=\/wp\/v2\/posts\/229475","targetHints":{"allow":["GET"]}}],"collection":[{"href":"https:\/\/radioacuariofm.com.ar\/index.php?rest_route=\/wp\/v2\/posts"}],"about":[{"href":"https:\/\/radioacuariofm.com.ar\/index.php?rest_route=\/wp\/v2\/types\/post"}],"author":[{"embeddable":true,"href":"https:\/\/radioacuariofm.com.ar\/index.php?rest_route=\/wp\/v2\/users\/2"}],"replies":[{"embeddable":true,"href":"https:\/\/radioacuariofm.com.ar\/index.php?rest_route=%2Fwp%2Fv2%2Fcomments&post=229475"}],"version-history":[{"count":1,"href":"https:\/\/radioacuariofm.com.ar\/index.php?rest_route=\/wp\/v2\/posts\/229475\/revisions"}],"predecessor-version":[{"id":229477,"href":"https:\/\/radioacuariofm.com.ar\/index.php?rest_route=\/wp\/v2\/posts\/229475\/revisions\/229477"}],"wp:featuredmedia":[{"embeddable":true,"href":"https:\/\/radioacuariofm.com.ar\/index.php?rest_route=\/wp\/v2\/media\/229476"}],"wp:attachment":[{"href":"https:\/\/radioacuariofm.com.ar\/index.php?rest_route=%2Fwp%2Fv2%2Fmedia&parent=229475"}],"wp:term":[{"taxonomy":"category","embeddable":true,"href":"https:\/\/radioacuariofm.com.ar\/index.php?rest_route=%2Fwp%2Fv2%2Fcategories&post=229475"},{"taxonomy":"post_tag","embeddable":true,"href":"https:\/\/radioacuariofm.com.ar\/index.php?rest_route=%2Fwp%2Fv2%2Ftags&post=229475"}],"curies":[{"name":"wp","href":"https:\/\/api.w.org\/{rel}","templated":true}]}}