{"id":229472,"date":"2026-03-17T11:36:57","date_gmt":"2026-03-17T14:36:57","guid":{"rendered":"https:\/\/radioacuariofm.com.ar\/?p=229472"},"modified":"2026-03-17T11:36:59","modified_gmt":"2026-03-17T14:36:59","slug":"un-analista-internacional-explico-en-detalle-que-hay-detras-de-los-asesinatos-de-dos-militares-poderosos-de-iran","status":"publish","type":"post","link":"https:\/\/radioacuariofm.com.ar\/?p=229472","title":{"rendered":"Un analista internacional explic\u00f3 en detalle qu\u00e9 hay detr\u00e1s de los asesinatos de dos militares poderosos de Ir\u00e1n"},"content":{"rendered":"<p> <br \/>\n<\/p>\n<div>\n<p class=\"com-paragraph  --capital --s\">Fuerzas armadas de Israel <a href=\"https:\/\/www.lanacion.com.ar\/el-mundo\/israel-afirma-haber-matado-al-jefe-de-seguridad-irani-ali-larijani-nid17032026\/\" target=\"_self\" title=\"https:\/\/www.lanacion.com.ar\/el-mundo\/israel-afirma-haber-matado-al-jefe-de-seguridad-irani-ali-larijani-nid17032026\/\" class=\"com-link break-word\" data-mrf-recirculation=\"n_link_parrafo\"><strong>bombardearon esta ma\u00f1ana Ir\u00e1n y afirmaron haber matado a Ali Larijani<\/strong><\/a>, el jefe de del Consejo Superior de Seguridad Nacional, y a <strong>Gholam Reza Soleimani<\/strong>, jefe de la comandancia Basij. En di\u00e1logo con <em>LN+<\/em>, el analista internacional Andr\u00e9s Repetto explic\u00f3 la importancia de estos l\u00edderes terroristas dentro del r\u00e9gimen interno del pa\u00eds.<\/p>\n<p class=\"com-paragraph   --s\">De acuerdo con la informaci\u00f3n que trascendi\u00f3, ambos funcionarios murieron durante la noche, seg\u00fan inform\u00f3 el gobierno de Benjamin Netanyahu, mientras Teher\u00e1n enviaba misiles y drones a Tel Aviv. Seg\u00fan el analista, los l\u00edderes iran\u00edes cumpl\u00edan roles<strong> fundamentales en la represi\u00f3n interna<\/strong>, responsables del asesinato de miles de personas.<\/p>\n<div class=\"content-media cursor-pointer container-center-100\">\n<section class=\"media-container relative ratio-16-9 mod-media pb-32\">\n<figure class=\"mod-video\">\n<div class=\"video-player bg-black ratio-16-9\" data-has-jwplayer=\"true\" data-video-id-jw=\"vZ8plGxB\" data-config=\"{&quot;title&quot;:&quot;Andres Repetto en LN+&quot;,&quot;mediaId&quot;:&quot;vZ8plGxB&quot;,&quot;playerId&quot;:&quot;ih0086X3&quot;,&quot;playlist&quot;:[{&quot;mediaid&quot;:&quot;vZ8plGxB&quot;,&quot;sources&quot;:[{&quot;file&quot;:&quot;https:\/\/cdn.jwplayer.com\/manifests\/vZ8plGxB.m3u8&quot;,&quot;type&quot;:&quot;application\/vnd.apple.mpegurl&quot;},{&quot;bitrate&quot;:408344,&quot;file&quot;:&quot;https:\/\/cdn.jwplayer.com\/videos\/vZ8plGxB-kTExGaWf.mp4&quot;,&quot;filesize&quot;:25317375,&quot;framerate&quot;:30,&quot;height&quot;:180,&quot;label&quot;:&quot;180p&quot;,&quot;type&quot;:&quot;video\/mp4&quot;,&quot;width&quot;:320},{&quot;bitrate&quot;:620453,&quot;file&quot;:&quot;https:\/\/cdn.jwplayer.com\/videos\/vZ8plGxB-K8B0kybS.mp4&quot;,&quot;filesize&quot;:38468147,&quot;framerate&quot;:30,&quot;height&quot;:270,&quot;label&quot;:&quot;270p&quot;,&quot;type&quot;:&quot;video\/mp4&quot;,&quot;width&quot;:480},{&quot;bitrate&quot;:113563,&quot;file&quot;:&quot;https:\/\/cdn.jwplayer.com\/videos\/vZ8plGxB-hz5z2Tv4.m4a&quot;,&quot;filesize&quot;:7040939,&quot;label&quot;:&quot;AAC Audio&quot;,&quot;type&quot;:&quot;audio\/mp4&quot;},{&quot;bitrate&quot;:706573,&quot;file&quot;:&quot;https:\/\/cdn.jwplayer.com\/videos\/vZ8plGxB-FnZGUVnC.mp4&quot;,&quot;filesize&quot;:43807532,&quot;framerate&quot;:30,&quot;height&quot;:360,&quot;label&quot;:&quot;360p&quot;,&quot;type&quot;:&quot;video\/mp4&quot;,&quot;width&quot;:640}]}],&quot;hasAutoplay&quot;:false,&quot;autostart&quot;:true,&quot;tagsUrl&quot;:&quot;https:\/\/pubads.g.doubleclick.net\/gampad\/ads?slotname=\/133919216\/la_nacion_video\/nota\/preroll&amp;sz=640x480|400x300&amp;ciu_szs=300x250&amp;unviewed_position_start=1&amp;output=vast&amp;impl=s&amp;env=vp&amp;gdfp_req=1&amp;ad_rule=0&amp;vad_type=linear&amp;vpos=preroll&amp;cust_params=tags_nuevos%3Dte_israel%2Cte_iran%2Cte_ln_%2Cte_audiencia%2Cca_el_mundo%2Cca_ln_%2C%2CKNSA7JZLOJEETLUNHBXU63LOPE&amp;pod=3&amp;ppos=1&amp;lip=true&amp;min_ad_duration=0&amp;max_ad_duration=30000&amp;vrid=6256&amp;url=https%3A%2F%2Fwww.lanacion.com.ar%2Fel-mundo%2Fun-analista-internacional-explico-en-detalle-que-hay-detras-de-los-asesinatos-de-dos-militares-nid17032026%2F%3Fvariant%3DA&amp;description_url=https%3A%2F%2Fwww.lanacion.com.ar%2Fel-mundo%2Fun-analista-internacional-explico-en-detalle-que-hay-detras-de-los-asesinatos-de-dos-militares-nid17032026%2F%3Fvariant%3DA&amp;video_doc_id=short_onecue&amp;cmsid=496&amp;kfa=0&amp;tfcd=0&amp;correlator=1773758123047&quot;,&quot;arcSite&quot;:&quot;la-nacion-ar&quot;}\">\n<div id=\"facade-vZ8plGxB\" class=\"content-facade-jw relative bg-black ratio-16-9\"><picture><source media=\"(max-width: 767px)\" srcset=\"https:\/\/resizer.glanacion.com\/resizer\/v2\/https%3A%2F%2Fcdn.jwplayer.com%2Fv2%2Fmedia%2FvZ8plGxB%2Fposter.jpg%3Fwidth%3D720?auth=494d06fd95a7d0e234a775385ba58beb1d2167c10d0f9419a1cb6f8748ec4523&amp;width=480&amp;quality=70&amp;smart=false\"\/><\/picture><\/div>\n<\/div><figcaption class=\"border border-1 border-bottom border-light-300 relative px-16 py-8 min-h-36 w-100_md px-0_l mb-8 bg-white\"><span class=\"text ln-text text-16 block\">Andres Repetto en LN+<\/span><\/figcaption><\/figure>\n<\/section>\n<\/div>\n<p class=\"com-paragraph   --s\">Sobre el accionar de Israel ante los l\u00edderes supremos de Ir\u00e1n, Repetto afirm\u00f3: \u201cSe busca eliminar a quienes dan las ordenes para continuar los ataques de Ir\u00e1n en toda la regi\u00f3n.\u201d Y agreg\u00f3: \u201cLa pregunta es: <strong>\u00bfEstos militares saben que pueden ser asesinados?<\/strong> \u00bfYa esta preparada la estructura del despu\u00e9s de un eventual asesinato?\u201c. <\/p>\n<p class=\"com-paragraph   --s\"><em>Noticia en desarrollo<\/em><\/p>\n<section class=\"container-center-100 mb-40 border border-bottom border-thin border-neutral-light-700\">\n<hr\/>\n<\/section>\n<\/div>\n\n","protected":false},"excerpt":{"rendered":"<p>Fuerzas armadas de Israel bombardearon esta ma\u00f1ana Ir\u00e1n y afirmaron haber matado a Ali Larijani, el jefe de del Consejo Superior de Seguridad Nacional, y a Gholam Reza Soleimani, jefe de la comandancia Basij. En di\u00e1logo con LN+, el analista internacional Andr\u00e9s Repetto explic\u00f3 la importancia de estos l\u00edderes terroristas dentro del r\u00e9gimen interno del [&hellip;]<\/p>\n","protected":false},"author":2,"featured_media":229473,"comment_status":"closed","ping_status":"closed","sticky":false,"template":"","format":"standard","meta":{"footnotes":""},"categories":[1],"tags":[],"class_list":["post-229472","post","type-post","status-publish","format-standard","has-post-thumbnail","hentry","category-uncategorized"],"_links":{"self":[{"href":"https:\/\/radioacuariofm.com.ar\/index.php?rest_route=\/wp\/v2\/posts\/229472","targetHints":{"allow":["GET"]}}],"collection":[{"href":"https:\/\/radioacuariofm.com.ar\/index.php?rest_route=\/wp\/v2\/posts"}],"about":[{"href":"https:\/\/radioacuariofm.com.ar\/index.php?rest_route=\/wp\/v2\/types\/post"}],"author":[{"embeddable":true,"href":"https:\/\/radioacuariofm.com.ar\/index.php?rest_route=\/wp\/v2\/users\/2"}],"replies":[{"embeddable":true,"href":"https:\/\/radioacuariofm.com.ar\/index.php?rest_route=%2Fwp%2Fv2%2Fcomments&post=229472"}],"version-history":[{"count":1,"href":"https:\/\/radioacuariofm.com.ar\/index.php?rest_route=\/wp\/v2\/posts\/229472\/revisions"}],"predecessor-version":[{"id":229474,"href":"https:\/\/radioacuariofm.com.ar\/index.php?rest_route=\/wp\/v2\/posts\/229472\/revisions\/229474"}],"wp:featuredmedia":[{"embeddable":true,"href":"https:\/\/radioacuariofm.com.ar\/index.php?rest_route=\/wp\/v2\/media\/229473"}],"wp:attachment":[{"href":"https:\/\/radioacuariofm.com.ar\/index.php?rest_route=%2Fwp%2Fv2%2Fmedia&parent=229472"}],"wp:term":[{"taxonomy":"category","embeddable":true,"href":"https:\/\/radioacuariofm.com.ar\/index.php?rest_route=%2Fwp%2Fv2%2Fcategories&post=229472"},{"taxonomy":"post_tag","embeddable":true,"href":"https:\/\/radioacuariofm.com.ar\/index.php?rest_route=%2Fwp%2Fv2%2Ftags&post=229472"}],"curies":[{"name":"wp","href":"https:\/\/api.w.org\/{rel}","templated":true}]}}